{"id":38220,"date":"2018-01-21T07:27:06","date_gmt":"2018-01-21T10:27:06","guid":{"rendered":"http:\/\/caririemacao.com\/1\/?p=38220"},"modified":"2018-01-21T07:27:06","modified_gmt":"2018-01-21T10:27:06","slug":"nao-vou-sair-da-presidencia-com-pecha-de-falcatruas-diz-temer","status":"publish","type":"post","link":"https:\/\/www.caririemacao.com\/1\/2018\/01\/21\/nao-vou-sair-da-presidencia-com-pecha-de-falcatruas-diz-temer\/","title":{"rendered":"N\u00e3o vou sair da Presid\u00eancia com pecha de falcatruas, diz Temer"},"content":{"rendered":"<p>O presidente Michel Temer diz ser \u201cmal entendido\u201d e que vai dedicar seu restante de mandato \u00e0 sua \u201crecupera\u00e7\u00e3o moral\u201d para n\u00e3o deixar o Planalto com a \u201cpecha de sujeito que incorreu em falcatruas\u201d. \u201cDe repente, chego \u00e0 Presid\u00eancia e sou v\u00edtima de uma avalanche que me transforma como se fosse um sujeito corrupto\u201d, reclama o peemedebista em entrevista \u00e0<em>\u00a0Folha de S.Paulo<\/em>.<\/p>\n<p>Na entrevista, o presidente declara que n\u00e3o conhece as investiga\u00e7\u00f5es contra os vice-presidentes da Caixa Econ\u00f4mica Federal que teve de afastar nesta semana, a pedido do Minist\u00e9rio P\u00fablico Federal e do Banco Central, rebate as suspeitas de que tenha participado das irregularidades na institui\u00e7\u00e3o e minimiza sua rela\u00e7\u00e3o com os dirigentes afastados.<\/p>\n<p>Temer tamb\u00e9m diz que gostaria que Lula fosse derrotado politicamente, em vez de ser \u201cvitimizado\u201d com uma eventual condena\u00e7\u00e3o na Justi\u00e7a e defende que a sa\u00edda do petista do jogo eleitoral favorece a candidatura de um nome do \u201ccentro\u201d, mas admite que dificilmente haver\u00e1 essa converg\u00eancia.<\/p>\n<p>Veja os principais pontos da entrevista:<\/p>\n<p>Vices afastados<\/p>\n<p>\u201cN\u00e3o conhecia os pormenores da investiga\u00e7\u00e3o. Como confesso que n\u00e3o conhe\u00e7o at\u00e9 hoje. Na minha fun\u00e7\u00e3o, n\u00e3o consigo acompanhar caso por caso. Esses casos t\u00eam de ser avaliados e n\u00e3o estou os incriminando.\u201d<\/p>\n<p>Interfer\u00eancia na Caixa<\/p>\n<p>\u201cEm primeiro lugar, jamais, grife jamais, e coloque em sua cabe\u00e7a em letras garrafais, pedi coisa de emenda ou dessa natureza. O Derzi\u00ea conhe\u00e7o formalmente, n\u00e3o tenho rela\u00e7\u00e3o pessoal. Eu jamais fiz nenhum pedido.\u201d<\/p>\n<p>Sujeito corrupto<\/p>\n<p>\u201cAli\u00e1s, o que estou fazendo nos \u00faltimos tempos \u00e9 recuperar os aspectos morais da minha conduta. Fico impressionado com a guerra de natureza moral e vou aproveitar essa entrevista para dizer isso. De repente, chego \u00e0 Presid\u00eancia e sou v\u00edtima de uma avalanche que me transforma como se fosse um sujeito corrupto. Que permite a voc\u00ea fazer essas perguntas que est\u00e1 fazendo. Como se eu fosse um sujeito capaz das maiores barbaridades, ditas por um vice-presidente que tem rela\u00e7\u00e3o formal comigo, cerimoniosa.\u201d<\/p>\n<p>Desmoraliza\u00e7\u00e3o<\/p>\n<p>\u201cEu [perseguido]? N\u00e3o, sou mal entendido. H\u00e1 uma tentativa brutal de tentar desmoralizar o presidente. Neste ano, vou me dedicar, entre outras reformas, \u00e0 minha recupera\u00e7\u00e3o moral. O que fizeram comigo foi uma coisa desastrosa. Ali\u00e1s, podem registrar que os meus detratores est\u00e3o na cadeia. Quem n\u00e3o est\u00e1 na cadeia est\u00e1 desmoralizado. Mas a todo momento qualquer coisa \u00e9 o presidente da Rep\u00fablica. Voc\u00ea percebe?\u201d<\/p>\n<p>Amigos presos<\/p>\n<p>\u201cQuem cometeu il\u00edcitos est\u00e1 preso, simplesmente isso.\u201d<\/p>\n<p>\u201cN\u00e3o vou sair\u201d<\/p>\n<p>\u201cPermanentemente. Esteja certo de que n\u00e3o vou sair e n\u00e3o adianta dizer: \u2018O Michel Temer ficou irritado\u2019. N\u00e3o fiquei, n\u00e3o. N\u00e3o vou sair da Presid\u00eancia com essa pecha de um sujeito que incorreu em falcatruas. N\u00e3o vou deixar isso.\u201d<\/p>\n<p>Indica\u00e7\u00f5es pol\u00edticas<\/p>\n<p>\u201cN\u00e3o sei. Os nomes v\u00e3o ser avaliados. O fato da indica\u00e7\u00e3o n\u00e3o significa nada. De repente algu\u00e9m me indica, em uma maneira caricatural, um Albert Einstein para uma atividade cientifica. Posso acolher sem d\u00favida nenhuma.\u201d<\/p>\n<p>Encontro com o diretor-geral da PF<\/p>\n<p>\u201cEu discuti sobre seguran\u00e7a p\u00fablica. O que me surpreende \u00e9 que o presidente n\u00e3o pode falar com o diretor-geral da Pol\u00edcia Federal. Como se fosse criminoso. Eu j\u00e1 estava com as perguntas respondidas. S\u00e3o t\u00e3o desarrazoadas, singelas, simpl\u00f3rias que n\u00e3o tinha nenhuma preocupa\u00e7\u00e3o.\u201d<\/p>\n<p>Julgamento de Lula<\/p>\n<p>\u201cAgora, acho que se o Lula participar, ser\u00e1 uma coisa democr\u00e1tica, o povo vai dizer se quer ou n\u00e3o. Convenhamos, se fosse derrotado politicamente, \u00e9 melhor do que ser derrotado [na Justi\u00e7a] porque foi vitimizado. A vitimiza\u00e7\u00e3o n\u00e3o \u00e9 boa para o pa\u00eds e para um ex-presidente. Fa\u00e7o isso com todas as ressalvas, para n\u00e3o parecer que estou interferindo.\u201d<\/p>\n<p>Elei\u00e7\u00e3o sem Lula<\/p>\n<p>\u201cMuda um pouco porque ele est\u00e1 sempre cotado em primeiro lugar nas pesquisas. Evidentemente que isso vai agitar o meio pol\u00edtico para saber quem \u00e9 o candidato de centro que possa harmonizar e reunificar o pa\u00eds. Por mais que se diga que o povo quer assim ou assado, ele [povo] vai procurar algu\u00e9m que seja capaz de continuar as reformas. [&#8230;] Se fosse poss\u00edvel, seria \u00fatil. [&#8230;] Eu n\u00e3o acho f\u00e1cil, mas isso n\u00e3o me desautoriza a pregar o ideal. O ideal seria isso.\u201d<\/p>\n<p>Rodrigo Maia x Henrique Meirelles<\/p>\n<p>\u201cIsso faz parte do processo. Eu ouvi essa express\u00e3o na imprensa, de \u201cpicuinhas eleitorais\u201d, mas s\u00e3o posi\u00e7\u00f5es. O Henrique Meirelles disse uma coisa e o Rodrigo Maia disse outra coisa. Mas isso \u00e9 natural, h\u00e1 diverg\u00eancias.\u201d<\/p>\n<p>Sem reelei\u00e7\u00e3o<\/p>\n<p>\u201cVoc\u00ea sabe que \u00e9 muito honroso ser presidente, mas eu acabei de dizer que essa hist\u00f3ria de chegar ao cargo e ser vergastado, chicoteado como fui indevidamente \u2013 tanto que disse que estou trabalhando agora para resgatar o meu aspecto moral -, n\u00e3o \u00e9 bom.\u201d<\/p>\n<p>Rejei\u00e7\u00e3o popular<\/p>\n<p>\u201cVoc\u00ea fotografou algum popular em frente ao Congresso? Nenhum. Agora, as pessoas t\u00eam vergonha de dizer que apoiam o governo. Porque h\u00e1 tanto essa hist\u00f3ria de corrup\u00e7\u00e3o e de porque o governo \u00e9 corrupto que as pessoas ficam meio atemorizadas de dizer que apoiam.\u201d<\/p>\n<p>Estado de sa\u00fade<\/p>\n<p>\u201cBasta olhar para mim. N\u00e3o tive nem tempo de pensar (em licen\u00e7a). Sabe por qu\u00ea? Porque eu n\u00e3o parei de trabalhar. Sei que correu muito essa hist\u00f3ria por a\u00ed, mas s\u00e3o daqueles que querem me matar, n\u00e9?\u201d<\/p>\n<p>Reforma da Previd\u00eancia<\/p>\n<p>\u201cPrimeiro quero dizer que a possibilidade de aprovar a Previd\u00eancia \u00e9 muito grande. E a reforma n\u00e3o vai sair da pauta. Mesmo que eu queira.\u201d<\/p>\n<p>Rela\u00e7\u00f5es exteriores<\/p>\n<p>\u201cTalvez tenha perdido um certo charme. Convenhamos, quando Lula era o presidente, um ex-oper\u00e1rio, isso tinha um certo charme, n\u00e3o \u00e9 verdade?\u201d<\/p>\n<p><strong>CARIRI EM A\u00c7\u00c3O<\/strong><\/p>\n<p><em>Com Congresso em Foco \/Foto: Reprodu\u00e7\u00e3o google<\/em><\/p>\n<p><strong>Leia mais not\u00edcias em\u00a0<\/strong><a href=\"http:\/\/www.caririemacao.com\/\"><strong>caririemacao.com<\/strong><\/a><strong>, siga nossa p\u00e1gina no\u00a0<\/strong><a href=\"https:\/\/www.facebook.com\/CaririEmAcao\/?ref=aymt_homepage_panel\"><strong>Facebook<\/strong><\/a>,<strong>\u00a0<\/strong><a href=\"https:\/\/www.instagram.com\/cariri_em_acao\/?hl=pt-br\"><strong>Instagram<\/strong><\/a><strong>\u00a0e\u00a0<\/strong><a href=\"https:\/\/www.youtube.com\/channel\/UCAptA0jQuYQy8vMhLt2m4qg\"><strong>Youtube<\/strong><\/a><strong>\u00a0e veja nossas mat\u00e9rias, v\u00eddeos e fotos. Voc\u00ea tamb\u00e9m pode enviar informa\u00e7\u00f5es \u00e0 Reda\u00e7\u00e3o do Portal Cariri em A\u00e7\u00e3o pelo WhatsApp (83) 9 9634.5791, (83) 9 9601-1162.<\/strong><\/p>\n","protected":false},"excerpt":{"rendered":"<p>O presidente Michel Temer diz ser \u201cmal entendido\u201d e que vai dedicar seu restante de mandato \u00e0 sua \u201crecupera\u00e7\u00e3o moral\u201d para n\u00e3o deixar o Planalto&hellip; <\/p>\n","protected":false},"author":2,"featured_media":22333,"comment_status":"closed","ping_status":"closed","sticky":false,"template":"","format":"standard","meta":{"sfsi_plus_gutenberg_text_before_share":"","sfsi_plus_gutenberg_show_text_before_share":"","sfsi_plus_gutenberg_icon_type":"","sfsi_plus_gutenberg_icon_alignemt":"","sfsi_plus_gutenburg_max_per_row":"","footnotes":""},"categories":[11],"tags":[],"class_list":["post-38220","post","type-post","status-publish","format-standard","has-post-thumbnail","hentry","category-politica"],"_links":{"self":[{"href":"https:\/\/www.caririemacao.com\/1\/wp-json\/wp\/v2\/posts\/38220","targetHints":{"allow":["GET"]}}],"collection":[{"href":"https:\/\/www.caririemacao.com\/1\/wp-json\/wp\/v2\/posts"}],"about":[{"href":"https:\/\/www.caririemacao.com\/1\/wp-json\/wp\/v2\/types\/post"}],"author":[{"embeddable":true,"href":"https:\/\/www.caririemacao.com\/1\/wp-json\/wp\/v2\/users\/2"}],"replies":[{"embeddable":true,"href":"https:\/\/www.caririemacao.com\/1\/wp-json\/wp\/v2\/comments?post=38220"}],"version-history":[{"count":0,"href":"https:\/\/www.caririemacao.com\/1\/wp-json\/wp\/v2\/posts\/38220\/revisions"}],"wp:featuredmedia":[{"embeddable":true,"href":"https:\/\/www.caririemacao.com\/1\/wp-json\/wp\/v2\/media\/22333"}],"wp:attachment":[{"href":"https:\/\/www.caririemacao.com\/1\/wp-json\/wp\/v2\/media?parent=38220"}],"wp:term":[{"taxonomy":"category","embeddable":true,"href":"https:\/\/www.caririemacao.com\/1\/wp-json\/wp\/v2\/categories?post=38220"},{"taxonomy":"post_tag","embeddable":true,"href":"https:\/\/www.caririemacao.com\/1\/wp-json\/wp\/v2\/tags?post=38220"}],"curies":[{"name":"wp","href":"https:\/\/api.w.org\/{rel}","templated":true}]}}