{"id":38222,"date":"2018-01-21T07:36:20","date_gmt":"2018-01-21T10:36:20","guid":{"rendered":"http:\/\/caririemacao.com\/1\/?p=38222"},"modified":"2018-01-21T07:36:20","modified_gmt":"2018-01-21T10:36:20","slug":"decisao-do-stj-ajuda-na-tramitacao-da-reforma-da-previdencia-diz-lider","status":"publish","type":"post","link":"https:\/\/www.caririemacao.com\/1\/2018\/01\/21\/decisao-do-stj-ajuda-na-tramitacao-da-reforma-da-previdencia-diz-lider\/","title":{"rendered":"Decis\u00e3o do STJ ajuda na tramita\u00e7\u00e3o da reforma da Previd\u00eancia, diz l\u00edder"},"content":{"rendered":"<p>O deputado disse que a discuss\u00e3o sobre o tema n\u00e3o deve ser ideol\u00f3gica e que \u00e9 preciso prevalecer as necessidades pelas quais passa o pa\u00eds no sentido de fazer os ajustes nas suas contas.<\/p>\n<p>Para Ribeiro, a suspens\u00e3o da decis\u00e3o da 4\u00aa Vara Federal de Niter\u00f3i que impedia a posse de Cristiane como ministra \u00e9 o \u201crestabelecimento daquilo que j\u00e1 havia sido definido anteriormente\u201d. Ele disse que, com a decis\u00e3o do STJ, haver\u00e1 \u201ctranquilidade para que possamos para avan\u00e7ar nas conversas com os partidos para a reforma da Previd\u00eancia\u201d.<\/p>\n<p>\u201cVamos aprofundar o debate com os partidos para se criar o ambiente que j\u00e1 est\u00e1 come\u00e7ando a desmistificar as inverdades que se falavam contra a reforma da Previd\u00eancia\u201d, acrescentou o l\u00edder do governo em entrevista ap\u00f3s reuni\u00e3o com o presidente Michel Temer e ministros no Pal\u00e1cio da Alvorada.<\/p>\n<p>Por meio de nota, o STJ informou que, ao analisar o caso de Cristiane Brasil durante o recesso forense, o ministro Humberto Martins concordou com os argumentos da Advocacia-Geral da Uni\u00e3o (AGU) \u201cno sentido de que condena\u00e7\u00f5es em processos trabalhistas n\u00e3o impedem a deputada de assumir o cargo, j\u00e1 que n\u00e3o h\u00e1 nenhum dispositivo legal com essa determina\u00e7\u00e3o\u201d.<\/p>\n<p><a href=\"http:\/\/caririemacao.com\/1\/wp-content\/uploads\/2018\/01\/cristiane05.jpg\"><img fetchpriority=\"high\" decoding=\"async\" class=\"aligncenter size-full wp-image-38223\" src=\"http:\/\/caririemacao.com\/1\/wp-content\/uploads\/2018\/01\/cristiane05.jpg\" alt=\"\" width=\"1000\" height=\"600\" srcset=\"https:\/\/www.caririemacao.com\/1\/wp-content\/uploads\/2018\/01\/cristiane05.jpg 1000w, https:\/\/www.caririemacao.com\/1\/wp-content\/uploads\/2018\/01\/cristiane05-300x180.jpg 300w, https:\/\/www.caririemacao.com\/1\/wp-content\/uploads\/2018\/01\/cristiane05-768x461.jpg 768w\" sizes=\"(max-width: 1000px) 100vw, 1000px\" \/><\/a><\/p>\n<p>De acordo com o ministro, inexiste no ordenamento jur\u00eddico norma que vede a nomea\u00e7\u00e3o de qualquer cidad\u00e3o para exercer o cargo de ministro do Trabalho em raz\u00e3o de ter sofrido condena\u00e7\u00e3o trabalhista.<\/p>\n<p>Na sexta-feira (19), a Advocacia-Geral da Uni\u00e3o (AGU) recorreu ao STJ para manter a posse da deputada como ministra do Trabalho. A apela\u00e7\u00e3o foi protocolada depois que o Tribunal Regional Federal da 2\u00aa Regi\u00e3o (TRF2), segunda inst\u00e2ncia da Justi\u00e7a Federal no Rio de Janeiro, negou tr\u00eas recursos apresentados pelo \u00f3rg\u00e3o.<\/p>\n<p><strong>CARIRI EM A\u00c7\u00c3O<\/strong><\/p>\n<p><em>Com Bras\u00edlia de Fato \/Foto:\u00a0Bras\u00edlia de Fato<\/em><\/p>\n<p><strong>Leia mais not\u00edcias em\u00a0<\/strong><a href=\"http:\/\/www.caririemacao.com\/\"><strong>caririemacao.com<\/strong><\/a><strong>, siga nossa p\u00e1gina no\u00a0<\/strong><a href=\"https:\/\/www.facebook.com\/CaririEmAcao\/?ref=aymt_homepage_panel\"><strong>Facebook<\/strong><\/a>,<strong>\u00a0<\/strong><a href=\"https:\/\/www.instagram.com\/cariri_em_acao\/?hl=pt-br\"><strong>Instagram<\/strong><\/a><strong>\u00a0e\u00a0<\/strong><a href=\"https:\/\/www.youtube.com\/channel\/UCAptA0jQuYQy8vMhLt2m4qg\"><strong>Youtube<\/strong><\/a><strong>\u00a0e veja nossas mat\u00e9rias, v\u00eddeos e fotos. Voc\u00ea tamb\u00e9m pode enviar informa\u00e7\u00f5es \u00e0 Reda\u00e7\u00e3o do Portal Cariri em A\u00e7\u00e3o pelo WhatsApp (83) 9 9634.5791, (83) 9 9601-1162.<\/strong><\/p>\n","protected":false},"excerpt":{"rendered":"<p>O deputado disse que a discuss\u00e3o sobre o tema n\u00e3o deve ser ideol\u00f3gica e que \u00e9 preciso prevalecer as necessidades pelas quais passa o pa\u00eds&hellip; <\/p>\n","protected":false},"author":2,"featured_media":38224,"comment_status":"closed","ping_status":"closed","sticky":false,"template":"","format":"standard","meta":{"sfsi_plus_gutenberg_text_before_share":"","sfsi_plus_gutenberg_show_text_before_share":"","sfsi_plus_gutenberg_icon_type":"","sfsi_plus_gutenberg_icon_alignemt":"","sfsi_plus_gutenburg_max_per_row":"","footnotes":""},"categories":[11],"tags":[],"class_list":["post-38222","post","type-post","status-publish","format-standard","has-post-thumbnail","hentry","category-politica"],"_links":{"self":[{"href":"https:\/\/www.caririemacao.com\/1\/wp-json\/wp\/v2\/posts\/38222","targetHints":{"allow":["GET"]}}],"collection":[{"href":"https:\/\/www.caririemacao.com\/1\/wp-json\/wp\/v2\/posts"}],"about":[{"href":"https:\/\/www.caririemacao.com\/1\/wp-json\/wp\/v2\/types\/post"}],"author":[{"embeddable":true,"href":"https:\/\/www.caririemacao.com\/1\/wp-json\/wp\/v2\/users\/2"}],"replies":[{"embeddable":true,"href":"https:\/\/www.caririemacao.com\/1\/wp-json\/wp\/v2\/comments?post=38222"}],"version-history":[{"count":0,"href":"https:\/\/www.caririemacao.com\/1\/wp-json\/wp\/v2\/posts\/38222\/revisions"}],"wp:featuredmedia":[{"embeddable":true,"href":"https:\/\/www.caririemacao.com\/1\/wp-json\/wp\/v2\/media\/38224"}],"wp:attachment":[{"href":"https:\/\/www.caririemacao.com\/1\/wp-json\/wp\/v2\/media?parent=38222"}],"wp:term":[{"taxonomy":"category","embeddable":true,"href":"https:\/\/www.caririemacao.com\/1\/wp-json\/wp\/v2\/categories?post=38222"},{"taxonomy":"post_tag","embeddable":true,"href":"https:\/\/www.caririemacao.com\/1\/wp-json\/wp\/v2\/tags?post=38222"}],"curies":[{"name":"wp","href":"https:\/\/api.w.org\/{rel}","templated":true}]}}