{"id":38226,"date":"2018-01-21T07:41:44","date_gmt":"2018-01-21T10:41:44","guid":{"rendered":"http:\/\/caririemacao.com\/1\/?p=38226"},"modified":"2018-01-21T07:41:44","modified_gmt":"2018-01-21T10:41:44","slug":"temer-dira-em-davos-que-brasil-voltou-e-que-recessao-foi-superada-diz-moreira","status":"publish","type":"post","link":"https:\/\/www.caririemacao.com\/1\/2018\/01\/21\/temer-dira-em-davos-que-brasil-voltou-e-que-recessao-foi-superada-diz-moreira\/","title":{"rendered":"Temer dir\u00e1 em Davos que &#8220;Brasil voltou&#8221; e que recess\u00e3o foi superada, diz Moreira"},"content":{"rendered":"<p>O ministro da da Secretaria-Geral da Presid\u00eancia da Rep\u00fablica, Moreira Franco, divulgou no s\u00e1bado (20) um v\u00eddeo no qual antecipa alguns pontos da mensagem que o presidente Michel Temer levar\u00e1 ao F\u00f3rum Econ\u00f4mico Mundial em Davos, na Su\u00ed\u00e7a. Segundo o ministro, ser\u00e1 \u201cuma mensagem singela e curta de que o Brasil voltou\u201d, j\u00e1 tendo superado a recess\u00e3o e a infla\u00e7\u00e3o de mais de 10%.<\/p>\n<p>\u201cRetornamos [a Davos] para dizer que enfrentamos a mais grave crise econ\u00f4mica de nossa hist\u00f3ria, superamos a recess\u00e3o, baixamos a infla\u00e7\u00e3o de mais de 10% para 2,9%, abaixo do piso\u201d, disse o ministro por meio de sua conta no Facebook. \u201cTivemos uma baixa na taxa de juros, aumentou o desempenho da economia brasileira, o PIB vem crescendo, e as proje\u00e7\u00f5es s\u00e3o extremamente positivas\u201d, acrescentou.<\/p>\n<p>Segundo Moreira Franco, as taxas de juros t\u00eam permitido que as pessoas voltem a fazer compras por meio de credi\u00e1rio e que os investidores tenham mais acesso ao cr\u00e9dito. \u201cA economia est\u00e1 se reencontrando em uma trajet\u00f3ria que \u00e9 nossa, do povo brasileiro, que \u00e9 a do crescimento e da gera\u00e7\u00e3o de emprego e renda\u201d, destacou.<\/p>\n<p>O ministro disse que a situa\u00e7\u00e3o estaria melhor caso a reforma da Previd\u00eancia j\u00e1 tivesse sido aprovada pelo Congresso Nacional. Segundo ele, a n\u00e3o aprova\u00e7\u00e3o da reforma \u00e9 \u201cum problema que tem atemorizado\u201d, a ponto de prejudicar as avalia\u00e7\u00f5es externas sobre o pa\u00eds, \u201cinclusive provocado mais recentemente uma queda no\u00a0<em>rating<\/em>, no grau de investimento do Brasil\u201d.<\/p>\n<p>No dia 11, a ag\u00eancia de classifica\u00e7\u00e3o de risco Standard &amp; Poor&#8217;s (S&amp;P)\u00a0rebaixou o Brasil\u00a0para tr\u00eas n\u00edveis abaixo do grau de investimento com perspectiva est\u00e1vel \u2013 termo que significa que a ag\u00eancia ter\u00e1 de esperar pelo menos seis meses para alterar a nota do pa\u00eds.<\/p>\n<p>Grau de investimento representa a garantia de que o pa\u00eds n\u00e3o corre risco de dar calote na d\u00edvida p\u00fablica. Por meio de um comunicado, a S&amp;P informou que o Brasil est\u00e1 demorando para implementar as reformas que reduzam os riscos fiscais do pa\u00eds, principalmente a da Previd\u00eancia. Desde fevereiro de 2016, o Brasil estava enquadrado dois n\u00edveis abaixo do grau de investimento.<\/p>\n<p>O F\u00f3rum Econ\u00f4mico Mundial ocorrer\u00e1 em Davos entre os dias 23 e 26 de janeiro. De acordo com os organizadores, a edi\u00e7\u00e3o de 2018 ter\u00e1 uma participa\u00e7\u00e3o recorde de chefes de Estado, Governo e de representantes de organiza\u00e7\u00f5es internacionais, al\u00e9m de lideran\u00e7as das \u00e1reas de neg\u00f3cios, sociedade civil, mundo acad\u00eamico, artes e m\u00eddia.<\/p>\n<p><strong>CARIRI EM A\u00c7\u00c3O<\/strong><\/p>\n<p><em>Com EBC\/Foto: Reprodu\u00e7\u00e3o google<\/em><\/p>\n<p><strong>Leia mais not\u00edcias em\u00a0<\/strong><a href=\"http:\/\/www.caririemacao.com\/\"><strong>caririemacao.com<\/strong><\/a><strong>, siga nossa p\u00e1gina no\u00a0<\/strong><a href=\"https:\/\/www.facebook.com\/CaririEmAcao\/?ref=aymt_homepage_panel\"><strong>Facebook<\/strong><\/a>,<strong>\u00a0<\/strong><a href=\"https:\/\/www.instagram.com\/cariri_em_acao\/?hl=pt-br\"><strong>Instagram<\/strong><\/a><strong>\u00a0e\u00a0<\/strong><a href=\"https:\/\/www.youtube.com\/channel\/UCAptA0jQuYQy8vMhLt2m4qg\"><strong>Youtube<\/strong><\/a><strong>\u00a0e veja nossas mat\u00e9rias, v\u00eddeos e fotos. Voc\u00ea tamb\u00e9m pode enviar informa\u00e7\u00f5es \u00e0 Reda\u00e7\u00e3o do Portal Cariri em A\u00e7\u00e3o pelo WhatsApp (83) 9 9634.5791, (83) 9 9601-1162.<\/strong><\/p>\n","protected":false},"excerpt":{"rendered":"<p>O ministro da da Secretaria-Geral da Presid\u00eancia da Rep\u00fablica, Moreira Franco, divulgou no s\u00e1bado (20) um v\u00eddeo no qual antecipa alguns pontos da mensagem que&hellip; <\/p>\n","protected":false},"author":2,"featured_media":38227,"comment_status":"closed","ping_status":"closed","sticky":false,"template":"","format":"standard","meta":{"sfsi_plus_gutenberg_text_before_share":"","sfsi_plus_gutenberg_show_text_before_share":"","sfsi_plus_gutenberg_icon_type":"","sfsi_plus_gutenberg_icon_alignemt":"","sfsi_plus_gutenburg_max_per_row":"","footnotes":""},"categories":[11],"tags":[],"class_list":["post-38226","post","type-post","status-publish","format-standard","has-post-thumbnail","hentry","category-politica"],"_links":{"self":[{"href":"https:\/\/www.caririemacao.com\/1\/wp-json\/wp\/v2\/posts\/38226","targetHints":{"allow":["GET"]}}],"collection":[{"href":"https:\/\/www.caririemacao.com\/1\/wp-json\/wp\/v2\/posts"}],"about":[{"href":"https:\/\/www.caririemacao.com\/1\/wp-json\/wp\/v2\/types\/post"}],"author":[{"embeddable":true,"href":"https:\/\/www.caririemacao.com\/1\/wp-json\/wp\/v2\/users\/2"}],"replies":[{"embeddable":true,"href":"https:\/\/www.caririemacao.com\/1\/wp-json\/wp\/v2\/comments?post=38226"}],"version-history":[{"count":0,"href":"https:\/\/www.caririemacao.com\/1\/wp-json\/wp\/v2\/posts\/38226\/revisions"}],"wp:featuredmedia":[{"embeddable":true,"href":"https:\/\/www.caririemacao.com\/1\/wp-json\/wp\/v2\/media\/38227"}],"wp:attachment":[{"href":"https:\/\/www.caririemacao.com\/1\/wp-json\/wp\/v2\/media?parent=38226"}],"wp:term":[{"taxonomy":"category","embeddable":true,"href":"https:\/\/www.caririemacao.com\/1\/wp-json\/wp\/v2\/categories?post=38226"},{"taxonomy":"post_tag","embeddable":true,"href":"https:\/\/www.caririemacao.com\/1\/wp-json\/wp\/v2\/tags?post=38226"}],"curies":[{"name":"wp","href":"https:\/\/api.w.org\/{rel}","templated":true}]}}