{"id":38232,"date":"2018-01-21T08:03:40","date_gmt":"2018-01-21T11:03:40","guid":{"rendered":"http:\/\/caririemacao.com\/1\/?p=38232"},"modified":"2018-01-21T08:03:40","modified_gmt":"2018-01-21T11:03:40","slug":"e-agora-cartaxo-voce-realmente-e-o-melhor-e-mais-competitivo-candidato-da-oposicao-por-rui-galdino","status":"publish","type":"post","link":"https:\/\/www.caririemacao.com\/1\/2018\/01\/21\/e-agora-cartaxo-voce-realmente-e-o-melhor-e-mais-competitivo-candidato-da-oposicao-por-rui-galdino\/","title":{"rendered":"E AGORA CARTAXO? Voc\u00ea realmente \u00e9 o melhor e mais competitivo candidato da oposi\u00e7\u00e3o!! \u2013 Por Rui Galdino"},"content":{"rendered":"<p>Meus amigos, minhas amigas, meus caros leitores. Faz dias que eu venho achando muito estranho essa conversa mole dentro da tal \u201cuni\u00e3o das oposi\u00e7\u00f5es\u201d. Realmente \u00e9 muito bl\u00e1 bl\u00e1 bl\u00e1 e conversa pra boi dormir, ou seja, todos dizem que querem caminhar juntos em torno de um \u00fanico nome, por\u00e9m, ningu\u00e9m quer abrir m\u00e3o de sua postula\u00e7\u00e3o ao governo do estado.<\/p>\n<p>Cartaxo ( ainda no PSD ), sabe que \u00e9 a bola da vez, pois, \u00e9 o melhor nome entre todos de acordo com as pesquisas eleitorais feitas at\u00e9 agora. Maranh\u00e3o (MDB), diz que nunca houve nenhum tipo de acordo entre essa tal \u201cuni\u00e3o das oposi\u00e7\u00f5es\u201d, por isso, afirma que tamb\u00e9m \u00e9 candidato a governador e pra valer. Romero (PSDB), insuflado e combinado com C\u00e1ssio e companhia, ressurge das cinzas e diz que tamb\u00e9m \u00e9 candidato \u00e0 governador e que tem um \u201csegredinho\u201d com Maranh\u00e3o.<\/p>\n<p>Enquanto isso, o tempo vai passando, a guerra fria aumenta, o fogo amigo se alastra e a \u201cdesuni\u00e3o das oposi\u00e7\u00f5es\u201d com rela\u00e7\u00e3o a Cartaxo, vai ficando cada vez mais evidente. O fato, \u00e9 que est\u00e3o isolando Cartaxo, cada vez mais! O problema todo \u00e9 que nem o MDB, com exce\u00e7\u00e3o de Manoel J\u00fanior; nem o PSDB de C\u00e1ssio e Romero, querem votar em Luciano Cartaxo, para governador. Algu\u00e9m ainda tem d\u00favida disso?\u00a0Dizem, que at\u00e9 R\u00f4mulo ( presidente do PSD), est\u00e1 pensativo! Ser\u00e1 verdade mesmo?<\/p>\n<p>O de lascar, \u00e9 que todos sabem, que Luciano Cartaxo, \u00e9 realmente, o melhor e mais competitivo candidato da oposi\u00e7\u00e3o, para enfrentar Jo\u00e3o, o candidato do governo. At\u00e9 o grupo governamental sabe disso! No entanto, est\u00e1 mais do que evidente, que nem C\u00e1ssio, nem Romero e nem Maranh\u00e3o, querem se unir em torno do nome de Cartaxo, pois, entendem, que se fortalecerem Cartaxo, estar\u00e3o criando um 2\u00ba Ricardo Coutinho, que vai passar todos para tr\u00e1s.<\/p>\n<p>\u00c9 isso que est\u00e1 acontecendo na pr\u00e1tica e nos bastidores. \u00c9 a quest\u00e3o da sobreviv\u00eancia pol\u00edtica minha gente, pois, ningu\u00e9m quer perder o \u201cpeitinho\u201d e correr o risco de se distanciar do poder. Principalmente este ano, onde as elei\u00e7\u00f5es dever\u00e3o ser bastante diferente e com grandes renova\u00e7\u00f5es. O ci\u00fame, a inveja, a vontade extrema e desesperada de voltar ao poder, o decurso do tempo, fazem pessoas e grupos\u00a0temer Cartaxo, pois j\u00e1 perceberam, que Cartaxo, \u00e9 muito parecido com Ricardo, tem brilho pr\u00f3prio e empatia com o eleitor, n\u00e3o teme desafios, e \u00e9 realmente, um pol\u00edtico em ascens\u00e3o. Ent\u00e3o, a ordem secreta e o combinado, \u00e9 complicar e dificultar o m\u00e1ximo poss\u00edvel a possibilidade de Cartaxo, ser candidato \u00e0 governador.<\/p>\n<p>A reuni\u00e3o do PSDB, da \u00faltima sexta-feira, (19-01-2018), trouxe \u00e0 tona, todas estas evid\u00eancias. Cartaxo, \u00e9 um bom \u201cca\u00e7ador\u201d, por\u00e9m, at\u00e9 o momento, dentro da oposi\u00e7\u00e3o, est\u00e1 num mato sem \u201ccachorro\u201d. Ou ele muda a sua maneira de agir ou vai continuar atirando \u00e0 toa, se desgastando e perdendo tempo. Est\u00e3o cozinhando Cartaxo, em fogo brando. Na verdade, todos da oposi\u00e7\u00e3o querem o apoio de Cartaxo, mas n\u00e3o querem Cartaxo, candidato \u00e0 governador! Pode?<\/p>\n<p>O problema, \u00e9 que Cartaxo, tamb\u00e9m n\u00e3o pode romper com o MDB e PSDB, pois, poder\u00e1 precisar dos mesmos em eventual 2\u00ba turno, caso, resolva sair candidato a governador em faixa pr\u00f3pria. Ent\u00e3o, vamos aguardar em breve, o posicionamento de Cartaxo. Ele ter\u00e1 que dizer alguma coisa, ter\u00e1 que reagir, pois, n\u00e3o faz parte do seu estilo ficar calado e aguentar tudo em sil\u00eancio. Eu n\u00e3o entendo, como numa competi\u00e7\u00e3o dific\u00edlima, os dirigentes do \u201cclube\u201d, conspiram contra o jogador titular? Sinceramente, o que est\u00e3o fazendo com Cartaxo, dentro das oposi\u00e7\u00f5es, \u00e9 muita sacanagem!<\/p>\n<p>Enquanto isso, o time governista continua firme e forte em seus prop\u00f3sitos. J\u00e1 est\u00e1 com o seu candidato posto e caminham para fortalecer o plantel cada vez mais. Com rela\u00e7\u00e3o ao time governista, vou escrever em breve, pois, j\u00e1 estou sabendo que haver\u00e1 grandes novidades. Tem sido assim a pol\u00edtica da Para\u00edba: A se junta com B, para derrotar C e vice-versa. Sempre o cord\u00e3o azul e o cord\u00e3o encarnado. Ser\u00e1 que n\u00e3o vai nunca surgir uma 3\u00aa for\u00e7a, com igualdade de condi\u00e7\u00f5es para o embate eleitoral?<\/p>\n<p>Sinceramente, se eu estivesse no lugar de Luciano Cartaxo, chamava o feito \u00e0 ordem e procurava um novo caminho. Novos caminhos, novas descobertas. O povo gosta de quem tem coragem para fazer a \u201crevolu\u00e7\u00e3o\u201d. Na Para\u00edba, o governador Ricardo, tem feito a sua \u201crevolu\u00e7\u00e3o\u201d. Na capital do estado, Cartaxo, tamb\u00e9m tem feito a sua \u201crevolu\u00e7\u00e3o\u201d. No Brasil, o presidenci\u00e1vel Jair Bolsonaro, come\u00e7ou fazer a sua \u201crevolu\u00e7\u00e3o\u201d rumo ao Pal\u00e1cio do Planalto. Caber\u00e1 saber, quem vai fazer a \u201crevolu\u00e7\u00e3o\u201d em 2018 aqui na Para\u00edba, rumo ao Pal\u00e1cio da Reden\u00e7\u00e3o?<\/p>\n<p><strong>CARIRI EM A\u00c7\u00c3O<\/strong><\/p>\n<p><em>Com Pol\u00eamica Para\u00edba\/Foto:\u00a0Pol\u00eamica Para\u00edba<\/em><\/p>\n<p><strong>Leia mais not\u00edcias em\u00a0<\/strong><a href=\"http:\/\/www.caririemacao.com\/\"><strong>caririemacao.com<\/strong><\/a><strong>, siga nossa p\u00e1gina no\u00a0<\/strong><a href=\"https:\/\/www.facebook.com\/CaririEmAcao\/?ref=aymt_homepage_panel\"><strong>Facebook<\/strong><\/a>,<strong>\u00a0<\/strong><a href=\"https:\/\/www.instagram.com\/cariri_em_acao\/?hl=pt-br\"><strong>Instagram<\/strong><\/a><strong>\u00a0e\u00a0<\/strong><a href=\"https:\/\/www.youtube.com\/channel\/UCAptA0jQuYQy8vMhLt2m4qg\"><strong>Youtube<\/strong><\/a><strong>\u00a0e veja nossas mat\u00e9rias, v\u00eddeos e fotos. Voc\u00ea tamb\u00e9m pode enviar informa\u00e7\u00f5es \u00e0 Reda\u00e7\u00e3o do Portal Cariri em A\u00e7\u00e3o pelo WhatsApp (83) 9 9634.5791, (83) 9 9601-1162.<\/strong><\/p>\n","protected":false},"excerpt":{"rendered":"<p>Meus amigos, minhas amigas, meus caros leitores. Faz dias que eu venho achando muito estranho essa conversa mole dentro da tal \u201cuni\u00e3o das oposi\u00e7\u00f5es\u201d. Realmente&hellip; <\/p>\n","protected":false},"author":2,"featured_media":38233,"comment_status":"closed","ping_status":"closed","sticky":false,"template":"","format":"standard","meta":{"sfsi_plus_gutenberg_text_before_share":"","sfsi_plus_gutenberg_show_text_before_share":"","sfsi_plus_gutenberg_icon_type":"","sfsi_plus_gutenberg_icon_alignemt":"","sfsi_plus_gutenburg_max_per_row":"","footnotes":""},"categories":[11],"tags":[],"class_list":["post-38232","post","type-post","status-publish","format-standard","has-post-thumbnail","hentry","category-politica"],"_links":{"self":[{"href":"https:\/\/www.caririemacao.com\/1\/wp-json\/wp\/v2\/posts\/38232","targetHints":{"allow":["GET"]}}],"collection":[{"href":"https:\/\/www.caririemacao.com\/1\/wp-json\/wp\/v2\/posts"}],"about":[{"href":"https:\/\/www.caririemacao.com\/1\/wp-json\/wp\/v2\/types\/post"}],"author":[{"embeddable":true,"href":"https:\/\/www.caririemacao.com\/1\/wp-json\/wp\/v2\/users\/2"}],"replies":[{"embeddable":true,"href":"https:\/\/www.caririemacao.com\/1\/wp-json\/wp\/v2\/comments?post=38232"}],"version-history":[{"count":0,"href":"https:\/\/www.caririemacao.com\/1\/wp-json\/wp\/v2\/posts\/38232\/revisions"}],"wp:featuredmedia":[{"embeddable":true,"href":"https:\/\/www.caririemacao.com\/1\/wp-json\/wp\/v2\/media\/38233"}],"wp:attachment":[{"href":"https:\/\/www.caririemacao.com\/1\/wp-json\/wp\/v2\/media?parent=38232"}],"wp:term":[{"taxonomy":"category","embeddable":true,"href":"https:\/\/www.caririemacao.com\/1\/wp-json\/wp\/v2\/categories?post=38232"},{"taxonomy":"post_tag","embeddable":true,"href":"https:\/\/www.caririemacao.com\/1\/wp-json\/wp\/v2\/tags?post=38232"}],"curies":[{"name":"wp","href":"https:\/\/api.w.org\/{rel}","templated":true}]}}