{"id":38236,"date":"2018-01-21T08:10:05","date_gmt":"2018-01-21T11:10:05","guid":{"rendered":"http:\/\/caririemacao.com\/1\/?p=38236"},"modified":"2018-01-21T08:10:05","modified_gmt":"2018-01-21T11:10:05","slug":"papa-francisco-reza-pelos-doentes-ao-voltar-a-lima","status":"publish","type":"post","link":"https:\/\/www.caririemacao.com\/1\/2018\/01\/21\/papa-francisco-reza-pelos-doentes-ao-voltar-a-lima\/","title":{"rendered":"Papa Francisco reza pelos doentes ao voltar a Lima"},"content":{"rendered":"<p>O papa Francisco rezou nesse s\u00e1bado (20) pelos doentes que foram \u00e0 Nunciatura Apost\u00f3lica de Lima para v\u00ea-lo, ap\u00f3s a viagem \u00e0 cidade de Trujillo, no Norte do Peru, onde celebrou uma missa. A informa\u00e7\u00e3o \u00e9 da Ag\u00eancia EFE.<\/p>\n<p>&#8220;Muito obrigado por virem me cumprimentar, antes de entrar cumprimentei todos os irm\u00e3os que est\u00e3o doentes, agora todos n\u00f3s vamos olhar para eles e vamos rezar por eles&#8221;, disse Francisco \u00e0s pessoas que estavam na expectativa do seu retorno a Lima.<\/p>\n<p>&#8220;Est\u00e3o doentes e quiseram vir&#8221;, acrescentou Francisco antes de rezar com todos um Pai Nosso e uma Ave Maria.<\/p>\n<p>O papa cumprimentou crian\u00e7as e idosos doentes que o esperavam, acompanhados por freiras e sacerdotes, na parte de fora da Nunciatura.<\/p>\n<p>Ap\u00f3s a ora\u00e7\u00e3o e a b\u00ean\u00e7\u00e3o aos pacientes, o pont\u00edfice pediu \u00e0s centenas de pessoas reunidas no local que fossem para casa &#8220;pensando nesses doentes e pedindo \u00e0 Virgem Maria que esteja perto deles.&#8221;<\/p>\n<p>Neste domingo, \u00faltimo dia de sua visita ao Peru, o papa rezar\u00e1 o Angelus, se reunir\u00e1 com freiras no templo das Nazarenas e celebrar\u00e1 uma missa na base a\u00e9rea de Las Palmas para 1 milh\u00e3o de pessoas.<\/p>\n<p><strong>CARIRI EM A\u00c7\u00c3O<\/strong><\/p>\n<p><em>Com Clik PB\/Foto: Reprodu\u00e7\u00e3o google<\/em><\/p>\n<p><strong>Leia mais not\u00edcias em\u00a0<\/strong><a href=\"http:\/\/www.caririemacao.com\/\"><strong>caririemacao.com<\/strong><\/a><strong>, siga nossa p\u00e1gina no\u00a0<\/strong><a href=\"https:\/\/www.facebook.com\/CaririEmAcao\/?ref=aymt_homepage_panel\"><strong>Facebook<\/strong><\/a>,<strong>\u00a0<\/strong><a href=\"https:\/\/www.instagram.com\/cariri_em_acao\/?hl=pt-br\"><strong>Instagram<\/strong><\/a><strong>\u00a0e\u00a0<\/strong><a href=\"https:\/\/www.youtube.com\/channel\/UCAptA0jQuYQy8vMhLt2m4qg\"><strong>Youtube<\/strong><\/a><strong>\u00a0e veja nossas mat\u00e9rias, v\u00eddeos e fotos. Voc\u00ea tamb\u00e9m pode enviar informa\u00e7\u00f5es \u00e0 Reda\u00e7\u00e3o do Portal Cariri em A\u00e7\u00e3o pelo WhatsApp (83) 9 9634.5791, (83) 9 9601-1162.<\/strong><\/p>\n","protected":false},"excerpt":{"rendered":"<p>O papa Francisco rezou nesse s\u00e1bado (20) pelos doentes que foram \u00e0 Nunciatura Apost\u00f3lica de Lima para v\u00ea-lo, ap\u00f3s a viagem \u00e0 cidade de Trujillo,&hellip; <\/p>\n","protected":false},"author":2,"featured_media":3090,"comment_status":"closed","ping_status":"closed","sticky":false,"template":"","format":"standard","meta":{"sfsi_plus_gutenberg_text_before_share":"","sfsi_plus_gutenberg_show_text_before_share":"","sfsi_plus_gutenberg_icon_type":"","sfsi_plus_gutenberg_icon_alignemt":"","sfsi_plus_gutenburg_max_per_row":"","footnotes":""},"categories":[2],"tags":[],"class_list":["post-38236","post","type-post","status-publish","format-standard","has-post-thumbnail","hentry","category-geral"],"_links":{"self":[{"href":"https:\/\/www.caririemacao.com\/1\/wp-json\/wp\/v2\/posts\/38236","targetHints":{"allow":["GET"]}}],"collection":[{"href":"https:\/\/www.caririemacao.com\/1\/wp-json\/wp\/v2\/posts"}],"about":[{"href":"https:\/\/www.caririemacao.com\/1\/wp-json\/wp\/v2\/types\/post"}],"author":[{"embeddable":true,"href":"https:\/\/www.caririemacao.com\/1\/wp-json\/wp\/v2\/users\/2"}],"replies":[{"embeddable":true,"href":"https:\/\/www.caririemacao.com\/1\/wp-json\/wp\/v2\/comments?post=38236"}],"version-history":[{"count":0,"href":"https:\/\/www.caririemacao.com\/1\/wp-json\/wp\/v2\/posts\/38236\/revisions"}],"wp:featuredmedia":[{"embeddable":true,"href":"https:\/\/www.caririemacao.com\/1\/wp-json\/wp\/v2\/media\/3090"}],"wp:attachment":[{"href":"https:\/\/www.caririemacao.com\/1\/wp-json\/wp\/v2\/media?parent=38236"}],"wp:term":[{"taxonomy":"category","embeddable":true,"href":"https:\/\/www.caririemacao.com\/1\/wp-json\/wp\/v2\/categories?post=38236"},{"taxonomy":"post_tag","embeddable":true,"href":"https:\/\/www.caririemacao.com\/1\/wp-json\/wp\/v2\/tags?post=38236"}],"curies":[{"name":"wp","href":"https:\/\/api.w.org\/{rel}","templated":true}]}}