{"id":38247,"date":"2018-01-21T09:06:56","date_gmt":"2018-01-21T12:06:56","guid":{"rendered":"http:\/\/caririemacao.com\/1\/?p=38247"},"modified":"2018-01-21T09:06:56","modified_gmt":"2018-01-21T12:06:56","slug":"jacare-estreia-neste-domingo-em-busca-do-decimo-titulo-no-candangao","status":"publish","type":"post","link":"https:\/\/www.caririemacao.com\/1\/2018\/01\/21\/jacare-estreia-neste-domingo-em-busca-do-decimo-titulo-no-candangao\/","title":{"rendered":"Jacar\u00e9 estreia neste domingo em busca do d\u00e9cimo t\u00edtulo no Candang\u00e3o"},"content":{"rendered":"<p>Come\u00e7a, neste domingo (21\/1), a s\u00e9rie \u201cEm busca do deca\u201d. O primeiro epis\u00f3dio se passa no Est\u00e1dio Man\u00e9 Garrincha, \u00e0s 16h, e o antagonista \u00e9 o Real. O grande protagonista \u00e9 o time do Brasiliense, que inicia neste ano a luta pelo d\u00e9cimo t\u00edtulo do Candang\u00e3o, na mesma arena na qual conquistou a edi\u00e7\u00e3o 2017 e onde mandar\u00e1 suas partidas ao longo deste 2018.<\/p>\n<p>Candidato ao t\u00edtulo novamente, o Jacar\u00e9 manteve o t\u00e9cnico Rafael Toledo \u00e0 frente e contratou Cicinho, ex-jogador de times como S\u00e3o Paulo, Roma e Real Madrid. O \u00faltimo jogo do lateral, entretanto, foi em 2016 e, por isso, o atleta recebeu um cuidado especial durante o per\u00edodo de prepara\u00e7\u00e3o. Ele est\u00e1 escalado para o confronto deste domingo.<\/p>\n<p>O Brasiliense assinou, ainda, com outros sete refor\u00e7os: o goleiro Bruno Fuso (ex-Treze da Para\u00edba e Ponte Preta), o meia Fabinho (ex-Santos-AP), o zagueiro Badhuga, o meia Felipe Cirne e o atacante Romarinho, todos do Ceil\u00e2ndia.<\/p>\n<p>Ainda assim, o t\u00e9cnico Rafael Toledo n\u00e3o carregou muitas d\u00favidas durante a pr\u00e9-temporada. \u201cTenho 90% da equipe na cabe\u00e7a. Se houver alguma altera\u00e7\u00e3o ser\u00e1 por les\u00e3o, cart\u00e3o. Tenho uma base boa que fez (o campeonato) o ano passado. Eles facilitam o entrosamento\u201d, afirmou.<\/p>\n<p>Para a estreia, a \u00fanica baixa \u00e9 o volante Gabriel, ainda em recupera\u00e7\u00e3o de les\u00e3o na coxa.<\/p>\n<p>Uni\u00e3o<strong><br \/>\n<\/strong>O Real manteve o entrosamento do \u00faltimo Candang\u00e3o\u00a0\u2013 terminou em s\u00e9timo\u00a0\u2013 ao emprestar parte do elenco para o Luzi\u00e2nia, que disputou a S\u00e9rie D de 2017 e n\u00e3o passou da primeira fase.<\/p>\n<p>Na avalia\u00e7\u00e3o do t\u00e9cnico Evil\u00e1sio de Almeida, para este Candang\u00e3o, a uni\u00e3o do Real \u00e9 o maior trunfo. \u201cEssa \u00e9 a nossa for\u00e7a maior, formamos uma fam\u00edlia. Estamos unidos e muito focados\u201d, garante.<\/p>\n<p>Uma das filosofias adotadas por Vila, como o t\u00e9cnico \u00e9 chamado pelos amigos, \u00e9 a muta\u00e7\u00e3o do elenco, sempre atento \u00e0s necessidades. \u201cTem de estar sempre mudando algo. Se der para manter essa base que tenho at\u00e9 o fim do campeonato, \u00f3timo. Mas evidentemente tem de ter algumas mudan\u00e7as\u201d, defende.<\/p>\n<p>Este ser\u00e1 o primeiro campeonato de Evil\u00e1sio de Almeida como treinador da equipe principal. Ele foi t\u00e9cnico da equipe de juniores no Candang\u00e3o do ano passado e conquistou a vaga para a Copa S\u00e3o Paulo de Futebol J\u00fanior.<\/p>\n<p>Para o confronto contra o Brasiliense, at\u00e9 este s\u00e1bado (20), o treinador ainda n\u00e3o tinha certeza se poderia contar com os volantes Pedro Ayub e Robinho, em recupera\u00e7\u00e3o de les\u00e3o.<\/p>\n<p>Sabad\u00e3o de estreia<strong><br \/>\n<\/strong><\/p>\n<p>Na tarde deste s\u00e1bado (20), dois jogos deram in\u00edcio ao Campeonato Brasiliense. No est\u00e1dio Frei Norberto, na por\u00e7\u00e3o mineira do Entorno, o Paracatu venceu a primeira partida do Candang\u00e3o contra o Samambaia por 1 x 0, gol do atacante Paulo Ren\u00e9.<\/p>\n<p>No Bezerr\u00e3o, no Gama, o Luzi\u00e2nia abriu contra o Santa Maria com gol de \u00cdndio. Em seguida, Rafael e Marcelo Passos viraram, mas aos 47 minutos do segundo tempo, China empatou.\u00a0Placar final:\u00a02 x 2.<\/p>\n<p><strong>CARIRI EM A\u00c7\u00c3O<\/strong><\/p>\n<p><em>Com Metr\u00f3poles\/Foto:\u00a0Metr\u00f3poles<\/em><\/p>\n<p><strong>Leia mais not\u00edcias em\u00a0<\/strong><a href=\"http:\/\/www.caririemacao.com\/\"><strong>caririemacao.com<\/strong><\/a><strong>, siga nossa p\u00e1gina no\u00a0<\/strong><a href=\"https:\/\/www.facebook.com\/CaririEmAcao\/?ref=aymt_homepage_panel\"><strong>Facebook<\/strong><\/a>,<strong>\u00a0<\/strong><a href=\"https:\/\/www.instagram.com\/cariri_em_acao\/?hl=pt-br\"><strong>Instagram<\/strong><\/a><strong>\u00a0e\u00a0<\/strong><a href=\"https:\/\/www.youtube.com\/channel\/UCAptA0jQuYQy8vMhLt2m4qg\"><strong>Youtube<\/strong><\/a><strong>\u00a0e veja nossas mat\u00e9rias, v\u00eddeos e fotos. Voc\u00ea tamb\u00e9m pode enviar informa\u00e7\u00f5es \u00e0 Reda\u00e7\u00e3o do Portal Cariri em A\u00e7\u00e3o pelo WhatsApp (83) 9 9634.5791, (83) 9 9601-1162.<\/strong><\/p>\n","protected":false},"excerpt":{"rendered":"<p>Come\u00e7a, neste domingo (21\/1), a s\u00e9rie \u201cEm busca do deca\u201d. O primeiro epis\u00f3dio se passa no Est\u00e1dio Man\u00e9 Garrincha, \u00e0s 16h, e o antagonista \u00e9&hellip; <\/p>\n","protected":false},"author":2,"featured_media":38248,"comment_status":"closed","ping_status":"closed","sticky":false,"template":"","format":"standard","meta":{"sfsi_plus_gutenberg_text_before_share":"","sfsi_plus_gutenberg_show_text_before_share":"","sfsi_plus_gutenberg_icon_type":"","sfsi_plus_gutenberg_icon_alignemt":"","sfsi_plus_gutenburg_max_per_row":"","footnotes":""},"categories":[13],"tags":[],"class_list":["post-38247","post","type-post","status-publish","format-standard","has-post-thumbnail","hentry","category-esportes"],"_links":{"self":[{"href":"https:\/\/www.caririemacao.com\/1\/wp-json\/wp\/v2\/posts\/38247","targetHints":{"allow":["GET"]}}],"collection":[{"href":"https:\/\/www.caririemacao.com\/1\/wp-json\/wp\/v2\/posts"}],"about":[{"href":"https:\/\/www.caririemacao.com\/1\/wp-json\/wp\/v2\/types\/post"}],"author":[{"embeddable":true,"href":"https:\/\/www.caririemacao.com\/1\/wp-json\/wp\/v2\/users\/2"}],"replies":[{"embeddable":true,"href":"https:\/\/www.caririemacao.com\/1\/wp-json\/wp\/v2\/comments?post=38247"}],"version-history":[{"count":0,"href":"https:\/\/www.caririemacao.com\/1\/wp-json\/wp\/v2\/posts\/38247\/revisions"}],"wp:featuredmedia":[{"embeddable":true,"href":"https:\/\/www.caririemacao.com\/1\/wp-json\/wp\/v2\/media\/38248"}],"wp:attachment":[{"href":"https:\/\/www.caririemacao.com\/1\/wp-json\/wp\/v2\/media?parent=38247"}],"wp:term":[{"taxonomy":"category","embeddable":true,"href":"https:\/\/www.caririemacao.com\/1\/wp-json\/wp\/v2\/categories?post=38247"},{"taxonomy":"post_tag","embeddable":true,"href":"https:\/\/www.caririemacao.com\/1\/wp-json\/wp\/v2\/tags?post=38247"}],"curies":[{"name":"wp","href":"https:\/\/api.w.org\/{rel}","templated":true}]}}