{"id":38251,"date":"2018-01-21T12:52:15","date_gmt":"2018-01-21T15:52:15","guid":{"rendered":"http:\/\/caririemacao.com\/1\/?p=38251"},"modified":"2018-01-21T17:23:47","modified_gmt":"2018-01-21T20:23:47","slug":"chuvas-fazem-acude-boqueirao-chegar-a-10-de-sua-cota-maxima","status":"publish","type":"post","link":"https:\/\/www.caririemacao.com\/1\/2018\/01\/21\/chuvas-fazem-acude-boqueirao-chegar-a-10-de-sua-cota-maxima\/","title":{"rendered":"Chuvas fazem a\u00e7ude \u00b4Boqueir\u00e3o\u00b4 chegar a 10% de sua cota m\u00e1xima"},"content":{"rendered":"<p>As chuvas que caem nos \u00faltimos dias continuam renovando as \u00e1guas do A\u00e7ude Epit\u00e1cio Pessoa (Boqueir\u00e3o).<\/p>\n<p>De sexta-feira para este domingo, o Departamento Nacional de Obras contra as Secas (Dnocs) informou que o a\u00e7ude ganhou mais oito cent\u00edmetros na l\u00e2mina, que equivalem a mais 29 mil metros c\u00fabicos de \u00e1gua.<\/p>\n<p>As informa\u00e7\u00f5es foram repassadas pelo especialista em recursos h\u00eddricos, Isnaldo C\u00e2ndido.<\/p>\n<p>Confira os dados oficiais divulgados pelo Dnocs: Volume 41.123.150 m3 (10,0%). Aumento da l\u00e2mina d\u2019\u00e1gua de 5.87 m \u2013 corresponde a um aporte h\u00eddrico de 29.149.090 m3. De sexta para hoje aumento de 8 cm na l\u00e2mina d\u2019\u00e1gua.<\/p>\n<div class=\"ssbp-set--one ssbp-wrap ssbp-- ssbp--theme-4\" data-ssbp-toggle=\"true\">\n<div class=\"pf-content\">\n<p><strong>CARIRI EM A\u00c7\u00c3O<\/strong><\/p>\n<p><em>Com Para\u00edba online \/Foto: Ascom<\/em><\/p>\n<p><strong>Leia mais not\u00edcias em\u00a0<\/strong><a href=\"http:\/\/www.caririemacao.com\/\"><strong>caririemacao.com<\/strong><\/a><strong>, siga nossa p\u00e1gina no\u00a0<\/strong><a href=\"https:\/\/www.facebook.com\/CaririEmAcao\/?ref=aymt_homepage_panel\"><strong>Facebook<\/strong><\/a>,<strong>\u00a0<\/strong><a href=\"https:\/\/www.instagram.com\/cariri_em_acao\/?hl=pt-br\"><strong>Instagram<\/strong><\/a><strong>\u00a0e\u00a0<\/strong><a href=\"https:\/\/www.youtube.com\/channel\/UCAptA0jQuYQy8vMhLt2m4qg\"><strong>Youtube<\/strong><\/a><strong>\u00a0e veja nossas mat\u00e9rias, v\u00eddeos e fotos. Voc\u00ea tamb\u00e9m pode enviar informa\u00e7\u00f5es \u00e0 Reda\u00e7\u00e3o do Portal Cariri em A\u00e7\u00e3o pelo WhatsApp (83) 9 9634.5791, (83) 9 9601-1162.<\/strong><\/p>\n<\/div>\n<\/div>\n","protected":false},"excerpt":{"rendered":"<p>As chuvas que caem nos \u00faltimos dias continuam renovando as \u00e1guas do A\u00e7ude Epit\u00e1cio Pessoa (Boqueir\u00e3o). De sexta-feira para este domingo, o Departamento Nacional de&hellip; <\/p>\n","protected":false},"author":2,"featured_media":38252,"comment_status":"closed","ping_status":"closed","sticky":false,"template":"","format":"standard","meta":{"sfsi_plus_gutenberg_text_before_share":"","sfsi_plus_gutenberg_show_text_before_share":"","sfsi_plus_gutenberg_icon_type":"","sfsi_plus_gutenberg_icon_alignemt":"","sfsi_plus_gutenburg_max_per_row":"","footnotes":""},"categories":[6],"tags":[],"class_list":["post-38251","post","type-post","status-publish","format-standard","has-post-thumbnail","hentry","category-cidades"],"_links":{"self":[{"href":"https:\/\/www.caririemacao.com\/1\/wp-json\/wp\/v2\/posts\/38251","targetHints":{"allow":["GET"]}}],"collection":[{"href":"https:\/\/www.caririemacao.com\/1\/wp-json\/wp\/v2\/posts"}],"about":[{"href":"https:\/\/www.caririemacao.com\/1\/wp-json\/wp\/v2\/types\/post"}],"author":[{"embeddable":true,"href":"https:\/\/www.caririemacao.com\/1\/wp-json\/wp\/v2\/users\/2"}],"replies":[{"embeddable":true,"href":"https:\/\/www.caririemacao.com\/1\/wp-json\/wp\/v2\/comments?post=38251"}],"version-history":[{"count":0,"href":"https:\/\/www.caririemacao.com\/1\/wp-json\/wp\/v2\/posts\/38251\/revisions"}],"wp:featuredmedia":[{"embeddable":true,"href":"https:\/\/www.caririemacao.com\/1\/wp-json\/wp\/v2\/media\/38252"}],"wp:attachment":[{"href":"https:\/\/www.caririemacao.com\/1\/wp-json\/wp\/v2\/media?parent=38251"}],"wp:term":[{"taxonomy":"category","embeddable":true,"href":"https:\/\/www.caririemacao.com\/1\/wp-json\/wp\/v2\/categories?post=38251"},{"taxonomy":"post_tag","embeddable":true,"href":"https:\/\/www.caririemacao.com\/1\/wp-json\/wp\/v2\/tags?post=38251"}],"curies":[{"name":"wp","href":"https:\/\/api.w.org\/{rel}","templated":true}]}}