{"id":38254,"date":"2018-01-22T05:55:43","date_gmt":"2018-01-22T08:55:43","guid":{"rendered":"http:\/\/caririemacao.com\/1\/?p=38254"},"modified":"2018-01-22T10:51:34","modified_gmt":"2018-01-22T13:51:34","slug":"ricardo-entrega-pavimentacao-da-estrada-sao-joao-do-tigre-camalau","status":"publish","type":"post","link":"https:\/\/www.caririemacao.com\/1\/2018\/01\/22\/ricardo-entrega-pavimentacao-da-estrada-sao-joao-do-tigre-camalau\/","title":{"rendered":"Ricardo entrega pavimenta\u00e7\u00e3o da estrada S\u00e3o Jo\u00e3o do Tigre-Camala\u00fa"},"content":{"rendered":"<p>O governador Ricardo Coutinho entrega, nesta segunda-feira (22), \u00e0s 11h, a rodovia que liga S\u00e3o Jo\u00e3o do Tigre a Camala\u00fa, mais um trecho do Anel do Cariri, com uma extens\u00e3o de 25 km.<\/p>\n<p>Nos servi\u00e7os de pavimenta\u00e7\u00e3o, o Governo do Estado investiu com recursos pr\u00f3prios R$ 22,9 milh\u00f5es, beneficiando diretamente uma popula\u00e7\u00e3o de 10.443 habitantes dos dois munic\u00edpios do Cariri, al\u00e9m de centenas de usu\u00e1rios que trafegam diariamente pela rodovia. O tr\u00e1fego m\u00e9dio di\u00e1rio\u00a0 \u00e9 de 189 ve\u00edculos entre autom\u00f3veis, utilit\u00e1rios, \u00f4nibus, caminh\u00f5es e motos.<\/p>\n<p>Al\u00e9m do governador, a solenidade contar\u00e1 com a presen\u00e7a do secret\u00e1rio Jo\u00e3o Azevedo, da Infraestrutura, dos Recursos H\u00eddricos, Meio Ambiente e Ci\u00eancia e Tecnologia; diretores do Departamento de Estradas de Rodagem da Para\u00edba e lideran\u00e7as do Cariri, regi\u00e3o beneficiada com a maior rodovia da malha estadual.<\/p>\n<p>Foram executados servi\u00e7os de terraplenagem em cortes e aterros, sistema de drenagem para \u00e1guas pluviais e subterr\u00e2neas, duas pontes, sendo uma com v\u00e3os de 63 metros e outra de 96 metros; pavimenta\u00e7\u00e3o asf\u00e1ltica; cercas delimitadoras da faixa de dom\u00ednio; gramagem e paisagismo em taludes e sinaliza\u00e7\u00e3o horizontal e vertical. As obras foram executadas pela construtora ESSE Ltda, com a coordena\u00e7\u00e3o geral do DER.<\/p>\n<p>Com a pavimenta\u00e7\u00e3o, o Governo do Estado proporciona o crescimento\u00a0 das atividades econ\u00f4micas com a integra\u00e7\u00e3o dos munic\u00edpios da regi\u00e3o; facilita o escoamento da produ\u00e7\u00e3o agr\u00edcola; moderniza e amplia a infraestrutura rodovi\u00e1ria estadual, al\u00e9m de oferecer melhores condi\u00e7\u00f5es de vida e seguran\u00e7a aos seus habitantes e usu\u00e1rios em geral.<\/p>\n<p>O diretor superintendente do DER, Carlos Pereira de Carvalho e Silva, lembra que o Anel do Cariri tem uma extens\u00e3o total de 206,7 km, e recebe investimentos da ordem de R$ 141 milh\u00f5es do Tesouro do Estado. A constru\u00e7\u00e3o da rodovia foi dividida em tr\u00eas lotes, contemplando 11 munic\u00edpios da regi\u00e3o do Cariri e uma popula\u00e7\u00e3o de 124.494 habitantes.<\/p>\n<p>A maior obra do Programa Caminhos da Para\u00edba tirou do isolamento com rodovias asfaltadas as cidades de S\u00e3o Domingos do Cariri, Cara\u00fabas, Congo, Camala\u00fa, S\u00e3o Jo\u00e3o do Tigre e S\u00e3o Sebasti\u00e3o do Umbuzeiro, todas j\u00e1 conclu\u00eddas e inauguradas.<\/p>\n<p>O dirigente do DER lembra ainda que o \u00faltimo trecho do Anel do Cariri \u2013 S\u00e3o Domingos do Cariri\/Cara\u00fabas \u2013 dever\u00e1 ser inaugurado at\u00e9 o pr\u00f3ximo m\u00eas mar\u00e7o.<\/p>\n<div class=\"pf-content\">\n<p><strong>CARIRI EM A\u00c7\u00c3O<\/strong><\/p>\n<p><em>Com\u00a0Paraibaonline \/Foto: Reprodu\u00e7\u00e3o google<\/em><\/p>\n<p><strong>Leia mais not\u00edcias em\u00a0<\/strong><a href=\"http:\/\/www.caririemacao.com\/\"><strong>caririemacao.com<\/strong><\/a><strong>, siga nossa p\u00e1gina no\u00a0<\/strong><a href=\"https:\/\/www.facebook.com\/CaririEmAcao\/?ref=aymt_homepage_panel\"><strong>Facebook<\/strong><\/a>,<strong>\u00a0<\/strong><a href=\"https:\/\/www.instagram.com\/cariri_em_acao\/?hl=pt-br\"><strong>Instagram<\/strong><\/a><strong>\u00a0e\u00a0<\/strong><a href=\"https:\/\/www.youtube.com\/channel\/UCAptA0jQuYQy8vMhLt2m4qg\"><strong>Youtube<\/strong><\/a><strong>\u00a0e veja nossas mat\u00e9rias, v\u00eddeos e fotos. Voc\u00ea tamb\u00e9m pode enviar informa\u00e7\u00f5es \u00e0 Reda\u00e7\u00e3o do Portal Cariri em A\u00e7\u00e3o pelo WhatsApp (83) 9 9634.5791, (83) 9 9601-1162.<\/strong><\/p>\n<div class=\"printfriendly pf-alignright\"><\/div>\n<\/div>\n<div class=\"apss-social-share apss-theme-4 clearfix\">\n<div class=\"apss-facebook apss-single-icon\">\n<div class=\"apss-icon-block clearfix\"><\/div>\n<\/div>\n<div class=\"apss-twitter apss-single-icon\"><\/div>\n<\/div>\n","protected":false},"excerpt":{"rendered":"<p>O governador Ricardo Coutinho entrega, nesta segunda-feira (22), \u00e0s 11h, a rodovia que liga S\u00e3o Jo\u00e3o do Tigre a Camala\u00fa, mais um trecho do Anel&hellip; <\/p>\n","protected":false},"author":2,"featured_media":34880,"comment_status":"closed","ping_status":"closed","sticky":false,"template":"","format":"standard","meta":{"sfsi_plus_gutenberg_text_before_share":"","sfsi_plus_gutenberg_show_text_before_share":"","sfsi_plus_gutenberg_icon_type":"","sfsi_plus_gutenberg_icon_alignemt":"","sfsi_plus_gutenburg_max_per_row":"","footnotes":""},"categories":[2],"tags":[],"class_list":["post-38254","post","type-post","status-publish","format-standard","has-post-thumbnail","hentry","category-geral"],"_links":{"self":[{"href":"https:\/\/www.caririemacao.com\/1\/wp-json\/wp\/v2\/posts\/38254","targetHints":{"allow":["GET"]}}],"collection":[{"href":"https:\/\/www.caririemacao.com\/1\/wp-json\/wp\/v2\/posts"}],"about":[{"href":"https:\/\/www.caririemacao.com\/1\/wp-json\/wp\/v2\/types\/post"}],"author":[{"embeddable":true,"href":"https:\/\/www.caririemacao.com\/1\/wp-json\/wp\/v2\/users\/2"}],"replies":[{"embeddable":true,"href":"https:\/\/www.caririemacao.com\/1\/wp-json\/wp\/v2\/comments?post=38254"}],"version-history":[{"count":0,"href":"https:\/\/www.caririemacao.com\/1\/wp-json\/wp\/v2\/posts\/38254\/revisions"}],"wp:featuredmedia":[{"embeddable":true,"href":"https:\/\/www.caririemacao.com\/1\/wp-json\/wp\/v2\/media\/34880"}],"wp:attachment":[{"href":"https:\/\/www.caririemacao.com\/1\/wp-json\/wp\/v2\/media?parent=38254"}],"wp:term":[{"taxonomy":"category","embeddable":true,"href":"https:\/\/www.caririemacao.com\/1\/wp-json\/wp\/v2\/categories?post=38254"},{"taxonomy":"post_tag","embeddable":true,"href":"https:\/\/www.caririemacao.com\/1\/wp-json\/wp\/v2\/tags?post=38254"}],"curies":[{"name":"wp","href":"https:\/\/api.w.org\/{rel}","templated":true}]}}