{"id":38256,"date":"2018-01-21T13:10:09","date_gmt":"2018-01-21T16:10:09","guid":{"rendered":"http:\/\/caririemacao.com\/1\/?p=38256"},"modified":"2018-01-21T13:10:09","modified_gmt":"2018-01-21T16:10:09","slug":"cassio-em-depoimento-na-policia-federal-ele-admite-ter-recebido-proposta-de-caixa-dois-da-odebrecht","status":"publish","type":"post","link":"https:\/\/www.caririemacao.com\/1\/2018\/01\/21\/cassio-em-depoimento-na-policia-federal-ele-admite-ter-recebido-proposta-de-caixa-dois-da-odebrecht\/","title":{"rendered":"C\u00c1SSIO EM DEPOIMENTO NA POL\u00cdCIA FEDERAL: Ele admite ter recebido proposta de caixa dois da Odebrecht"},"content":{"rendered":"<p>O senador C\u00e1ssio Cunha Lima (PSDB-PB), primeiro-vice-presidente do Senado, reconheceu em depoimento prestado \u00e0 Pol\u00edcia Federal que ouviu a proposta de um executivo da empreiteira Odebrecht para que recebesse dinheiro em esquema de caixa dois para sua campanha ao Governo da Para\u00edba, em 2014. O parlamentar disse que recusou a oferta.<\/p>\n<p>N\u00e3o h\u00e1 registro nos discursos de C\u00e1ssio no Senado de que ele tenha feito den\u00fancia sobre a proposta. Da mesma forma, o parlamentar n\u00e3o procurou a PF ou os \u00f3rg\u00e3os de controle para alertar o que havia ocorrido em seu gabinete no Senado.<\/p>\n<p>Senador assegurou, no entanto, que recusou os R$ 800 mil ofertados e recebeu\u00a0R$ 200 mil pelos meios oficiais<br \/>\nC\u00e1ssio disse \u00e0 Pol\u00edcia Federal que recebeu a proposta de caixa 2, mas n\u00e3o aceitou o dinheiro e recebeu doa\u00e7\u00e3o legal atrav\u00e9s da Brasakem.<\/p>\n<p>O senador paraibano C\u00e1ssio Cunha Lima (PSDB), vice-presidente do Senado, admitiu \u00e0 Pol\u00edcia Federal que recebeu proposta de \u2018caixa 2\u2019 da Odebrecht, em 2014. O parlamentar aparece entre os favorecidos na dela\u00e7\u00e3o feita por executivos da empreiteira. Eles asseguram ter pago R$ 800 mil para a campanha do parlamentar, que disputou o governo do Estado.<\/p>\n<p>Na \u00e9poca, ele n\u00e3o conseguiu impedir a reelei\u00e7\u00e3o do governador Ricardo Coutinho (PSB). O parlamentar garantiu, no depoimento, ter recusado a oferta, segundo mat\u00e9ria publicada neste domingo (21) na Folha de S\u00e3o Paulo. O peri\u00f3dico ressalta ainda que apesar da proposta nada republicana e da alegada recusa, n\u00e3o houve, por parte do senador, den\u00fancias \u00e0s autoridades e nem discurso no Senado com cr\u00edticas \u00e0 pr\u00e1tica ilegal.<\/p>\n<p>Al\u00e9m dos depoimentos de executivos da Odebrecht, as declara\u00e7\u00f5es do senador contradizem a an\u00e1lise t\u00e9cnica feita pela PGR (Procuradoria-Geral da Rep\u00fablica) no Drousys, um sistema de comunica\u00e7\u00e3o criado pela empreiteira para o \u201cdepartamento de propina\u201d da companhia, o Setor de Opera\u00e7\u00f5es Estruturadas.<\/p>\n<p>Os arquivos estavam em um servidor em Estocolmo, na Su\u00e9cia, e foram entregues pela Odebrecht como parte do seu acordo de dela\u00e7\u00e3o premiada fechado com a PGR. A PGR, na den\u00fancia, alega que as planilhas encontradas em anexo de e-mails enviados em 2014 \u201ccorroboram as afirma\u00e7\u00f5es do executivo da Odebrecht Alexandre Jos\u00e9 Lopes Barradas, que revelou o pagamento de R$ 800 mil nas elei\u00e7\u00f5es de 2014, via caixa dois, em favor de C\u00e1ssio Cunha Lima\u201d.<\/p>\n<p>C\u00e1ssio era identificado nas planilhas com os codinomes \u201cTrovador\u201d e \u201cProsador\u201d. A empreiteira esperava, em troca, um melhor destino para a proposta de\u00a0parceria p\u00fablico-privada para o esgotamento sanit\u00e1rio na regi\u00e3o da Grande Jo\u00e3o Pessoa (PB). A queixa \u00e9 que Ricardo Coutinho, ex-aliado de C\u00e1ssio, n\u00e3o havia dado continuidade ao projeto apresentado pelo grupo. Em sua dela\u00e7\u00e3o, o presidente da Odebrecht Ambiental na \u00e9poca, Fernando Reis, afirmou que a empresa resolveu ajudar a campanha de Cunha Lima. Segundo o executivo, Barradas acreditava que o senador paraibano \u201cpoderia ter uma opini\u00e3o mais favor\u00e1vel \u00e0 participa\u00e7\u00e3o privada no setor de saneamento do Estado da Para\u00edba\u201d.<\/p>\n<p>Depoimento<\/p>\n<p>O depoimento de C\u00e1ssio Cunha Lima foi prestado \u00e0 Pol\u00edcia Federal em junho. Na \u00e9poca, o senador disse que, ap\u00f3s pedido de ajuda para a sua campanha, Barradas apareceu para dizer que havia recebido autoriza\u00e7\u00e3o para fazer a doa\u00e7\u00e3o. \u201cEntretanto, Barradas informou que somente poderia fazer uma doa\u00e7\u00e3o eleitoral para a campanha do declarante [Lima] de forma n\u00e3o oficial\u201d, disse o senador \u00e0 PF, segundo publica\u00e7\u00e3o da Folha.<\/p>\n<p>Cunha Lima afirmou que \u201creagiu imediatamente \u00e0 proposta\u201d, dizendo \u201cque n\u00e3o poderia aceitar doa\u00e7\u00e3o eleitoral n\u00e3o contabilizada\u201d. O senador argumentou que a tratativa parou por ali e que sua campanha recebeu R$ 200 mil do grupo Odebrecht, mas oficialmente e por meio do bra\u00e7o petroqu\u00edmico da companhia, a Braskem.<\/p>\n<p>RELEMBRE<\/p>\n<p>Segundo o relat\u00f3rio da PGR, planilhas do Drousys encontradas em anexo de e-mails enviados em 2014 \u201ccorroboram as afirma\u00e7\u00f5es do executivo da Odebrecht Alexandre Jos\u00e9 Lopes Barradas, que revelou o pagamento de R$ 800 mil nas elei\u00e7\u00f5es de 2014, via caixa dois, em favor de C\u00e1ssio Cunha Lima\u201d. Segundo Barradas, o parlamentar foi identificado pelos codinomes \u201cTrovador\u201d e \u201cProsador\u201d.<\/p>\n<p>Reveja abaixo trecho do depoimento de Alexandre Barradas<\/p>\n<p>Em sua dela\u00e7\u00e3o, o presidente da Odebrecht Ambiental na \u00e9poca, Fernando Reis, afirmou que a empresa resolveu ajudar a campanha de Cunha Lima porque havia apresentado ao governo da Para\u00edba uma proposta de parceria p\u00fablico-privada para um projeto de esgotamento sanit\u00e1rio na regi\u00e3o da Grande Jo\u00e3o Pessoa (PB), mas o ent\u00e3o governador, Ricardo Coutinho (PSB), ex-aliado de Cunha Lima, \u201cn\u00e3o deu andamento\u201d ao projeto.<\/p>\n<p>O senador C\u00e1ssio Cunha Lima (PSDB-PB) disse \u00e0\u00a0Folha\u00a0que o caixa dois em elei\u00e7\u00f5es \u201cfez parte da cultura pol\u00edtica brasileira\u201d e que tomou a atitude \u201ccorreta, que lhe cabia, que foi recusar\u201d a proposta feita pelo executivo da construtora Odebrecht.<\/p>\n<p>Indagado sobre n\u00e3o ter levado o assunto \u00e0 tribuna do Senado, Cunha Lima afirmou: \u201cEle apenas disse que faria a doa\u00e7\u00e3o por caixa dois e, sejamos sinceros, a doa\u00e7\u00e3o de caixa dois fez parte da cultura pol\u00edtica brasileira, a imprensa sabia disso, o Minist\u00e9rio P\u00fablico sabia disso, o pa\u00eds inteiro sabia. Em boa hora passou a ser criminalizada\u201d.<\/p>\n<p>\u201cQueria deixar registrado que o delator disse que eu fui o \u00fanico a resistir ao caixa dois. Eu n\u00e3o pedi, resisti e n\u00e3o recebi.\u201d<\/p>\n<p>No seu depoimento, Alexandre Barradas disse que a princ\u00edpio Cunha Lima recusou, mas depois aceitou a doa\u00e7\u00e3o em caixa dois.<\/p>\n<p>O senador disse que h\u00e1 inconsist\u00eancias no relato de Barradas. \u201cEle fala que entregou o dinheiro a um tal de \u2018Luiz\u2019, que ningu\u00e9m acha. E num hotel que ele n\u00e3o lembra qual foi. Como \u00e9 que voc\u00ea faz a entrega de um valor expressivo desses num local que foi combinado e n\u00e3o lembra o hotel que foi?\u201d<\/p>\n<p>Em nota, a Odebrecht disse que \u201crefor\u00e7a a consist\u00eancia e plenitude de sua colabora\u00e7\u00e3o com a Justi\u00e7a no Brasil e nos pa\u00edses em que atua e est\u00e1 empenhada em ajudar as autoridades a esclarecer qualquer d\u00favida\u201d.<\/p>\n<div class=\"pf-content\">\n<p><strong>CARIRI EM A\u00c7\u00c3O<\/strong><\/p>\n<p><em>Com\u00a0Folha de S\u00e3o Paulo \/Foto: Reprodu\u00e7\u00e3o google<\/em><\/p>\n<p><strong>Leia mais not\u00edcias em\u00a0<\/strong><a href=\"http:\/\/www.caririemacao.com\/\"><strong>caririemacao.com<\/strong><\/a><strong>, siga nossa p\u00e1gina no\u00a0<\/strong><a href=\"https:\/\/www.facebook.com\/CaririEmAcao\/?ref=aymt_homepage_panel\"><strong>Facebook<\/strong><\/a>,<strong>\u00a0<\/strong><a href=\"https:\/\/www.instagram.com\/cariri_em_acao\/?hl=pt-br\"><strong>Instagram<\/strong><\/a><strong>\u00a0e\u00a0<\/strong><a href=\"https:\/\/www.youtube.com\/channel\/UCAptA0jQuYQy8vMhLt2m4qg\"><strong>Youtube<\/strong><\/a><strong>\u00a0e veja nossas mat\u00e9rias, v\u00eddeos e fotos. Voc\u00ea tamb\u00e9m pode enviar informa\u00e7\u00f5es \u00e0 Reda\u00e7\u00e3o do Portal Cariri em A\u00e7\u00e3o pelo WhatsApp (83) 9 9634.5791, (83) 9 9601-1162.<\/strong><\/p>\n<\/div>\n","protected":false},"excerpt":{"rendered":"<p>O senador C\u00e1ssio Cunha Lima (PSDB-PB), primeiro-vice-presidente do Senado, reconheceu em depoimento prestado \u00e0 Pol\u00edcia Federal que ouviu a proposta de um executivo da empreiteira&hellip; <\/p>\n","protected":false},"author":2,"featured_media":14458,"comment_status":"closed","ping_status":"closed","sticky":false,"template":"","format":"standard","meta":{"sfsi_plus_gutenberg_text_before_share":"","sfsi_plus_gutenberg_show_text_before_share":"","sfsi_plus_gutenberg_icon_type":"","sfsi_plus_gutenberg_icon_alignemt":"","sfsi_plus_gutenburg_max_per_row":"","footnotes":""},"categories":[11],"tags":[],"class_list":["post-38256","post","type-post","status-publish","format-standard","has-post-thumbnail","hentry","category-politica"],"_links":{"self":[{"href":"https:\/\/www.caririemacao.com\/1\/wp-json\/wp\/v2\/posts\/38256","targetHints":{"allow":["GET"]}}],"collection":[{"href":"https:\/\/www.caririemacao.com\/1\/wp-json\/wp\/v2\/posts"}],"about":[{"href":"https:\/\/www.caririemacao.com\/1\/wp-json\/wp\/v2\/types\/post"}],"author":[{"embeddable":true,"href":"https:\/\/www.caririemacao.com\/1\/wp-json\/wp\/v2\/users\/2"}],"replies":[{"embeddable":true,"href":"https:\/\/www.caririemacao.com\/1\/wp-json\/wp\/v2\/comments?post=38256"}],"version-history":[{"count":0,"href":"https:\/\/www.caririemacao.com\/1\/wp-json\/wp\/v2\/posts\/38256\/revisions"}],"wp:featuredmedia":[{"embeddable":true,"href":"https:\/\/www.caririemacao.com\/1\/wp-json\/wp\/v2\/media\/14458"}],"wp:attachment":[{"href":"https:\/\/www.caririemacao.com\/1\/wp-json\/wp\/v2\/media?parent=38256"}],"wp:term":[{"taxonomy":"category","embeddable":true,"href":"https:\/\/www.caririemacao.com\/1\/wp-json\/wp\/v2\/categories?post=38256"},{"taxonomy":"post_tag","embeddable":true,"href":"https:\/\/www.caririemacao.com\/1\/wp-json\/wp\/v2\/tags?post=38256"}],"curies":[{"name":"wp","href":"https:\/\/api.w.org\/{rel}","templated":true}]}}