{"id":38260,"date":"2018-01-22T07:40:21","date_gmt":"2018-01-22T10:40:21","guid":{"rendered":"http:\/\/caririemacao.com\/1\/?p=38260"},"modified":"2018-01-22T07:48:19","modified_gmt":"2018-01-22T10:48:19","slug":"multidao-prestigia-encerramento-da-programacao-social-de-sao-sebastiao-em-amparo","status":"publish","type":"post","link":"https:\/\/www.caririemacao.com\/1\/2018\/01\/22\/multidao-prestigia-encerramento-da-programacao-social-de-sao-sebastiao-em-amparo\/","title":{"rendered":"Multid\u00e3o prestigia encerramento da programa\u00e7\u00e3o social de S\u00e3o Sebasti\u00e3o em Amparo"},"content":{"rendered":"<p>Aconteceu na noite deste s\u00e1bado (20), o encerramento das festividades do padroeiro S\u00e3o Sebasti\u00e3o em Amparo. A programa\u00e7\u00e3o religiosa encerra-se neste domingo, mas a social foi encerrada neste s\u00e1bado.<\/p>\n<p><a href=\"http:\/\/caririemacao.com\/1\/wp-content\/uploads\/2018\/01\/DSC_0225.jpg\"><img fetchpriority=\"high\" decoding=\"async\" class=\"aligncenter size-full wp-image-38268\" src=\"http:\/\/caririemacao.com\/1\/wp-content\/uploads\/2018\/01\/DSC_0225.jpg\" alt=\"\" width=\"800\" height=\"533\" srcset=\"https:\/\/www.caririemacao.com\/1\/wp-content\/uploads\/2018\/01\/DSC_0225.jpg 800w, https:\/\/www.caririemacao.com\/1\/wp-content\/uploads\/2018\/01\/DSC_0225-300x200.jpg 300w, https:\/\/www.caririemacao.com\/1\/wp-content\/uploads\/2018\/01\/DSC_0225-768x512.jpg 768w\" sizes=\"(max-width: 800px) 100vw, 800px\" \/><\/a><\/p>\n<p>Uma verdadeira multid\u00e3o compareceu a cidade de Amparo para participar da festa promovida pela Prefeitura Municipal.<\/p>\n<p>No palco subiram o cantor Jo\u00e3o Tayrone, Genildo e Ginaldo, Bedeu Quirino e o Cantador Santana.<\/p>\n<p><a href=\"http:\/\/caririemacao.com\/1\/wp-content\/uploads\/2018\/01\/DSC_0240.jpg\"><img decoding=\"async\" class=\"aligncenter size-full wp-image-38266 lazyload\" data-src=\"http:\/\/caririemacao.com\/1\/wp-content\/uploads\/2018\/01\/DSC_0240.jpg\" alt=\"\" width=\"800\" height=\"533\" data-srcset=\"https:\/\/www.caririemacao.com\/1\/wp-content\/uploads\/2018\/01\/DSC_0240.jpg 800w, https:\/\/www.caririemacao.com\/1\/wp-content\/uploads\/2018\/01\/DSC_0240-300x200.jpg 300w, https:\/\/www.caririemacao.com\/1\/wp-content\/uploads\/2018\/01\/DSC_0240-768x512.jpg 768w\" data-sizes=\"(max-width: 800px) 100vw, 800px\" src=\"data:image\/svg+xml;base64,PHN2ZyB3aWR0aD0iMSIgaGVpZ2h0PSIxIiB4bWxucz0iaHR0cDovL3d3dy53My5vcmcvMjAwMC9zdmciPjwvc3ZnPg==\" style=\"--smush-placeholder-width: 800px; --smush-placeholder-aspect-ratio: 800\/533;\" \/><\/a><\/p>\n<p>Durante a apresenta\u00e7\u00e3o de Santana, houve um momento bastante especial na carreira do caririzeiro Jackson Monteiro, que foi convidado a dividir o palco com Santana. Foi um momento emocionante, fazendo as pessoas chorarem pela oportunidade dado ao caririzeiro.<\/p>\n<p><a href=\"http:\/\/caririemacao.com\/1\/wp-content\/uploads\/2018\/01\/DSC_0170.jpg\"><img decoding=\"async\" class=\"aligncenter size-full wp-image-38265 lazyload\" data-src=\"http:\/\/caririemacao.com\/1\/wp-content\/uploads\/2018\/01\/DSC_0170.jpg\" alt=\"\" width=\"800\" height=\"533\" data-srcset=\"https:\/\/www.caririemacao.com\/1\/wp-content\/uploads\/2018\/01\/DSC_0170.jpg 800w, https:\/\/www.caririemacao.com\/1\/wp-content\/uploads\/2018\/01\/DSC_0170-300x200.jpg 300w, https:\/\/www.caririemacao.com\/1\/wp-content\/uploads\/2018\/01\/DSC_0170-768x512.jpg 768w\" data-sizes=\"(max-width: 800px) 100vw, 800px\" src=\"data:image\/svg+xml;base64,PHN2ZyB3aWR0aD0iMSIgaGVpZ2h0PSIxIiB4bWxucz0iaHR0cDovL3d3dy53My5vcmcvMjAwMC9zdmciPjwvc3ZnPg==\" style=\"--smush-placeholder-width: 800px; --smush-placeholder-aspect-ratio: 800\/533;\" \/><\/a><\/p>\n<p>J\u00e1 o prefeito de Amparo, In\u00e1cio N\u00f3brega, fez quest\u00e3o de abra\u00e7ar os artistas e fazer aquela foto especial junto com a multid\u00e3o. In\u00e1cio disse que avaliava o evento como positivo, porque mesmo em momento de crise, o munic\u00edpio proporcionou uma grande festa aos amparenses que residem no munic\u00edpio e aqueles que v\u00eam a cidade neste per\u00edodo de f\u00e9rias.<\/p>\n<p><a href=\"http:\/\/caririemacao.com\/1\/wp-content\/uploads\/2018\/01\/DSC_0163.jpg\"><img decoding=\"async\" class=\"aligncenter wp-image-38264 size-full lazyload\" data-src=\"http:\/\/caririemacao.com\/1\/wp-content\/uploads\/2018\/01\/DSC_0163.jpg\" alt=\"\" width=\"800\" height=\"533\" data-srcset=\"https:\/\/www.caririemacao.com\/1\/wp-content\/uploads\/2018\/01\/DSC_0163.jpg 800w, https:\/\/www.caririemacao.com\/1\/wp-content\/uploads\/2018\/01\/DSC_0163-300x200.jpg 300w, https:\/\/www.caririemacao.com\/1\/wp-content\/uploads\/2018\/01\/DSC_0163-768x512.jpg 768w\" data-sizes=\"(max-width: 800px) 100vw, 800px\" src=\"data:image\/svg+xml;base64,PHN2ZyB3aWR0aD0iMSIgaGVpZ2h0PSIxIiB4bWxucz0iaHR0cDovL3d3dy53My5vcmcvMjAwMC9zdmciPjwvc3ZnPg==\" style=\"--smush-placeholder-width: 800px; --smush-placeholder-aspect-ratio: 800\/533;\" \/><\/a><\/p>\n<p>\u201cEstamos festejando esta grande e tradicional festa de S\u00e3o Sebasti\u00e3o como muita alegria porque aqui estamos abra\u00e7ando nossos conterr\u00e2neos e turistas de v\u00e1rias cidades da Para\u00edba e Pernambuco. Fechamos nossa programa\u00e7\u00e3o com chave de Ouro. Quero agradecer a minha equipe por se empenhar na organiza\u00e7\u00e3o deste evento e j\u00e1 nos programando para a edi\u00e7\u00e3o de 2019. Obrigado Amparo por me dar esta oportunidade de fazer o melhor pelo povo desta terra,\u201d agradeceu o prefeito.<\/p>\n<h4>Veja Fotos.<\/h4>\n<p><div class=\"ose- ose-uid-e164738f2228eba27e1e356dea2ccd34 ose-embedpress-responsive\" style=\"width:600px; height:550px; max-height:550px; max-width:100%; display:inline-block;\" data-embed-type=\"Facebook\"><iframe allowFullScreen=\"true\" class=\"embera-facebook-iframe-8dac6 lazyload\" data-src=\"https:\/\/www.facebook.com\/plugins\/post.php?href=https%3A%2F%2Fwww.facebook.com%2Fmedia%2Fset%2F%3Fset%3Da.1167959690006719.1073742659.302749469861083%26%23038%3Btype%3D1%26%23038%3Bl%3D9c78f99bc6&width=600&height=550&show_text=true\" width=\"600\" height=\"550\" style=\"border:none;overflow:hidden\" scrolling=\"no\" frameborder=\"0\" allowTransparency=\"true\" src=\"data:image\/svg+xml;base64,PHN2ZyB3aWR0aD0iMSIgaGVpZ2h0PSIxIiB4bWxucz0iaHR0cDovL3d3dy53My5vcmcvMjAwMC9zdmciPjwvc3ZnPg==\" data-load-mode=\"1\"><\/iframe><\/div><\/p>\n<p><strong>CARIRI EM A\u00c7\u00c3O<\/strong><\/p>\n<p><strong>Leia mais not\u00edcias em\u00a0<\/strong><a style=\"font-style: inherit; font-weight: inherit;\" href=\"http:\/\/www.caririemacao.com\/\"><strong style=\"font-style: inherit;\">caririemacao.com<\/strong><\/a><strong style=\"font-style: inherit;\">, siga nossa p\u00e1gina no\u00a0<\/strong><a style=\"font-style: inherit; font-weight: inherit;\" href=\"https:\/\/www.facebook.com\/CaririEmAcao\/?ref=aymt_homepage_panel\"><strong style=\"font-style: inherit;\">Facebook<\/strong><\/a>,<strong style=\"font-style: inherit;\">\u00a0<\/strong><a style=\"font-style: inherit; font-weight: inherit;\" href=\"https:\/\/www.instagram.com\/cariri_em_acao\/?hl=pt-br\"><strong style=\"font-style: inherit;\">Instagram<\/strong><\/a><strong style=\"font-style: inherit;\">\u00a0e\u00a0<\/strong><a style=\"font-style: inherit; font-weight: inherit;\" href=\"https:\/\/www.youtube.com\/channel\/UCAptA0jQuYQy8vMhLt2m4qg\"><strong style=\"font-style: inherit;\">Youtube<\/strong><\/a><strong style=\"font-style: inherit;\">\u00a0e veja nossas mat\u00e9rias, v\u00eddeos e fotos. Voc\u00ea tamb\u00e9m pode enviar informa\u00e7\u00f5es \u00e0 Reda\u00e7\u00e3o do Portal Cariri em A\u00e7\u00e3o pelo WhatsApp (83) 9 9634.5791, (83) 9 9601-1162.<\/strong><\/p>\n","protected":false},"excerpt":{"rendered":"<p>Aconteceu na noite deste s\u00e1bado (20), o encerramento das festividades do padroeiro S\u00e3o Sebasti\u00e3o em Amparo. A programa\u00e7\u00e3o religiosa encerra-se neste domingo, mas a social&hellip; <\/p>\n","protected":false},"author":2,"featured_media":38263,"comment_status":"closed","ping_status":"closed","sticky":false,"template":"","format":"standard","meta":{"sfsi_plus_gutenberg_text_before_share":"","sfsi_plus_gutenberg_show_text_before_share":"","sfsi_plus_gutenberg_icon_type":"","sfsi_plus_gutenberg_icon_alignemt":"","sfsi_plus_gutenburg_max_per_row":"","footnotes":""},"categories":[2],"tags":[],"class_list":["post-38260","post","type-post","status-publish","format-standard","has-post-thumbnail","hentry","category-geral"],"_links":{"self":[{"href":"https:\/\/www.caririemacao.com\/1\/wp-json\/wp\/v2\/posts\/38260","targetHints":{"allow":["GET"]}}],"collection":[{"href":"https:\/\/www.caririemacao.com\/1\/wp-json\/wp\/v2\/posts"}],"about":[{"href":"https:\/\/www.caririemacao.com\/1\/wp-json\/wp\/v2\/types\/post"}],"author":[{"embeddable":true,"href":"https:\/\/www.caririemacao.com\/1\/wp-json\/wp\/v2\/users\/2"}],"replies":[{"embeddable":true,"href":"https:\/\/www.caririemacao.com\/1\/wp-json\/wp\/v2\/comments?post=38260"}],"version-history":[{"count":0,"href":"https:\/\/www.caririemacao.com\/1\/wp-json\/wp\/v2\/posts\/38260\/revisions"}],"wp:featuredmedia":[{"embeddable":true,"href":"https:\/\/www.caririemacao.com\/1\/wp-json\/wp\/v2\/media\/38263"}],"wp:attachment":[{"href":"https:\/\/www.caririemacao.com\/1\/wp-json\/wp\/v2\/media?parent=38260"}],"wp:term":[{"taxonomy":"category","embeddable":true,"href":"https:\/\/www.caririemacao.com\/1\/wp-json\/wp\/v2\/categories?post=38260"},{"taxonomy":"post_tag","embeddable":true,"href":"https:\/\/www.caririemacao.com\/1\/wp-json\/wp\/v2\/tags?post=38260"}],"curies":[{"name":"wp","href":"https:\/\/api.w.org\/{rel}","templated":true}]}}