{"id":38281,"date":"2018-01-22T05:50:30","date_gmt":"2018-01-22T08:50:30","guid":{"rendered":"http:\/\/caririemacao.com\/1\/?p=38281"},"modified":"2018-01-22T05:50:30","modified_gmt":"2018-01-22T08:50:30","slug":"especialista-diz-que-doencas-vasculares-aumentam-no-verao","status":"publish","type":"post","link":"https:\/\/www.caririemacao.com\/1\/2018\/01\/22\/especialista-diz-que-doencas-vasculares-aumentam-no-verao\/","title":{"rendered":"Especialista diz que doen\u00e7as vasculares aumentam no ver\u00e3o"},"content":{"rendered":"<p>Dados da Sociedade Brasileira de Angiologia e de Cirurgia Vascular, se\u00e7\u00e3o Rio de Janeiro (SBACV-RJ), indicam que as altas temperaturas, comuns da \u00e9poca do ver\u00e3o, aumentam entre 20% e 30% o risco de doen\u00e7as vasculares, ou venosas, nos membros inferiores. De acordo com os n\u00fameros, normalmente elas s\u00e3o associadas a varizes.<\/p>\n<p>\u201cO motivo de as altas temperaturas piorarem as doen\u00e7as vasculares no ver\u00e3o \u00e9 porque o calor provoca vasodilata\u00e7\u00e3o, ou seja, a dilata\u00e7\u00e3o dos vasos sangu\u00edneos, com uma sobrecarga nas veias dos membros inferiores\u201d, afirmou o presidente da SBACV-RJ, Breno Caiafa.<\/p>\n<p>Segundo ele, pessoas com doen\u00e7a vascular pr\u00e9via tendem a piorar no ver\u00e3o, enquanto as demais podem sentir edemas, dores nas pernas, cansa\u00e7o, peso, caimbra, ressecamento da pele e coceira, \u201ctudo provocado pelo calor\u201d.<\/p>\n<p>Desidrata\u00e7\u00e3o<\/p>\n<p>Breno Caiafa explicou que nesse per\u00edodo aumenta a secre\u00e7\u00e3o de suor e isso pode ser associado \u00e0 desidrata\u00e7\u00e3o. Lembrou ainda que, como est\u00e3o em f\u00e9rias, muitas pessoas desregulam sua alimenta\u00e7\u00e3o, ampliando o consumo de sal e de bebidas alco\u00f3licas, que tamb\u00e9m agravam os sintomas vasculares.<\/p>\n<p>Para Caiafa, a popula\u00e7\u00e3o brasileira \u00e9 propensa a ter varizes. A estimativa \u00e9 que isso ocorra em 35% da popula\u00e7\u00e3o, envolvendo todas as faixas et\u00e1rias. Avaliando apenas a popula\u00e7\u00e3o adulta, o percentual pode chegar at\u00e9 70% de mulheres e a 50% de homens.<\/p>\n<p>Para evitar o agravamento dos sintomas no ver\u00e3o, Caiafa informou que o ideal \u00e9 que as pessoas com doen\u00e7a vascular procurem um angiologista ou cirurgi\u00e3o para um tratamento anterior \u00e0 chegada da esta\u00e7\u00e3o, a fim de, pelo menos, receber orienta\u00e7\u00e3o.<\/p>\n<p>Al\u00e9m do fator pr\u00e9vio da doen\u00e7a, existem agravantes, como a perman\u00eancia em longos per\u00edodos com as pernas para baixo, em posi\u00e7\u00e3o sentada ou em p\u00e9. Outros agravantes s\u00e3o excesso de peso e falta de exerc\u00edcio.<\/p>\n<p>Evolu\u00e7\u00e3o<\/p>\n<p>\u201cA corre\u00e7\u00e3o ser\u00e1 justamente fazer atividade f\u00edsica, perder peso, evitar perman\u00eancia sentado ou em p\u00e9, alternar essa movimenta\u00e7\u00e3o, movimentos com as pernas, levantar e andar durante o trabalho, restringir o uso de sal e de bebida alco\u00f3lica, aumentar a hidrata\u00e7\u00e3o, alternar posi\u00e7\u00f5es de eleva\u00e7\u00e3o das pernas e, em alguns casos, com indica\u00e7\u00e3o m\u00e9dica, usar meia el\u00e1stica de compress\u00e3o para ajudar a circula\u00e7\u00e3o, sugeriu o especialista. Hidratar a pele tamb\u00e9m foi recomendado.<\/p>\n<p>Entre os principais sintomas, a evolu\u00e7\u00e3o da doen\u00e7a apresenta incha\u00e7o das pernas, que pode provocar pequenas fissuras na pele, facilitando infec\u00e7\u00f5es como a erisipela. A complica\u00e7\u00e3o mais temida \u00e9 a forma\u00e7\u00e3o de co\u00e1gulos nas veias, a chamada trombose.<\/p>\n<p>Breno Caiafa destacou que a hidrata\u00e7\u00e3o nessa \u00e9poca do ano \u00e9 fundamental, junto com a reposi\u00e7\u00e3o de sais minerais. As pessoas devem beber de dois a tr\u00eas litros de \u00e1gua por dia. Se forem consumir cerveja, devem alternar a ingest\u00e3o de \u00e1gua. Para recuperar sais minerais perdidos, podem beber sucos de frutas, isot\u00f4nicos ou \u00e1gua de coco.<\/p>\n<p><strong>CARIRI EM A\u00c7\u00c3O<\/strong><\/p>\n<p><em>Com EBC \/Foto: Reprodu\u00e7\u00e3o google<\/em><\/p>\n<p><strong>Leia mais not\u00edcias em\u00a0<\/strong><a href=\"http:\/\/www.caririemacao.com\/\"><strong>caririemacao.com<\/strong><\/a><strong>, siga nossa p\u00e1gina no\u00a0<\/strong><a href=\"https:\/\/www.facebook.com\/CaririEmAcao\/?ref=aymt_homepage_panel\"><strong>Facebook<\/strong><\/a>,<strong>\u00a0<\/strong><a href=\"https:\/\/www.instagram.com\/cariri_em_acao\/?hl=pt-br\"><strong>Instagram<\/strong><\/a><strong>\u00a0e\u00a0<\/strong><a href=\"https:\/\/www.youtube.com\/channel\/UCAptA0jQuYQy8vMhLt2m4qg\"><strong>Youtube<\/strong><\/a><strong>\u00a0e veja nossas mat\u00e9rias, v\u00eddeos e fotos. Voc\u00ea tamb\u00e9m pode enviar informa\u00e7\u00f5es \u00e0 Reda\u00e7\u00e3o do Portal Cariri em A\u00e7\u00e3o pelo WhatsApp (83) 9 9634.5791, (83) 9 9601-1162.<\/strong><\/p>\n","protected":false},"excerpt":{"rendered":"<p>Dados da Sociedade Brasileira de Angiologia e de Cirurgia Vascular, se\u00e7\u00e3o Rio de Janeiro (SBACV-RJ), indicam que as altas temperaturas, comuns da \u00e9poca do ver\u00e3o,&hellip; <\/p>\n","protected":false},"author":2,"featured_media":38282,"comment_status":"closed","ping_status":"closed","sticky":false,"template":"","format":"standard","meta":{"sfsi_plus_gutenberg_text_before_share":"","sfsi_plus_gutenberg_show_text_before_share":"","sfsi_plus_gutenberg_icon_type":"","sfsi_plus_gutenberg_icon_alignemt":"","sfsi_plus_gutenburg_max_per_row":"","footnotes":""},"categories":[16],"tags":[],"class_list":["post-38281","post","type-post","status-publish","format-standard","has-post-thumbnail","hentry","category-saude"],"_links":{"self":[{"href":"https:\/\/www.caririemacao.com\/1\/wp-json\/wp\/v2\/posts\/38281","targetHints":{"allow":["GET"]}}],"collection":[{"href":"https:\/\/www.caririemacao.com\/1\/wp-json\/wp\/v2\/posts"}],"about":[{"href":"https:\/\/www.caririemacao.com\/1\/wp-json\/wp\/v2\/types\/post"}],"author":[{"embeddable":true,"href":"https:\/\/www.caririemacao.com\/1\/wp-json\/wp\/v2\/users\/2"}],"replies":[{"embeddable":true,"href":"https:\/\/www.caririemacao.com\/1\/wp-json\/wp\/v2\/comments?post=38281"}],"version-history":[{"count":0,"href":"https:\/\/www.caririemacao.com\/1\/wp-json\/wp\/v2\/posts\/38281\/revisions"}],"wp:featuredmedia":[{"embeddable":true,"href":"https:\/\/www.caririemacao.com\/1\/wp-json\/wp\/v2\/media\/38282"}],"wp:attachment":[{"href":"https:\/\/www.caririemacao.com\/1\/wp-json\/wp\/v2\/media?parent=38281"}],"wp:term":[{"taxonomy":"category","embeddable":true,"href":"https:\/\/www.caririemacao.com\/1\/wp-json\/wp\/v2\/categories?post=38281"},{"taxonomy":"post_tag","embeddable":true,"href":"https:\/\/www.caririemacao.com\/1\/wp-json\/wp\/v2\/tags?post=38281"}],"curies":[{"name":"wp","href":"https:\/\/api.w.org\/{rel}","templated":true}]}}