{"id":38287,"date":"2018-01-22T05:57:29","date_gmt":"2018-01-22T08:57:29","guid":{"rendered":"http:\/\/caririemacao.com\/1\/?p=38287"},"modified":"2018-01-22T05:57:29","modified_gmt":"2018-01-22T08:57:29","slug":"ciro-gomes-diz-que-torce-por-lula-em-julgamento-e-pede-absolvicao","status":"publish","type":"post","link":"https:\/\/www.caririemacao.com\/1\/2018\/01\/22\/ciro-gomes-diz-que-torce-por-lula-em-julgamento-e-pede-absolvicao\/","title":{"rendered":"Ciro Gomes diz que torce por Lula em julgamento e pede absolvi\u00e7\u00e3o"},"content":{"rendered":"<p>Pr\u00e9-candidato \u00e0 Presid\u00eancia da Rep\u00fablica pelo PDT, o ex-ministro Ciro Gomes afirmou neste domingo, 21, em sua p\u00e1gina no Facebook, que vai torcer para que a Justi\u00e7a brasileira reconhe\u00e7a a inoc\u00eancia do ex-presidente Luiz In\u00e1cio Lula da Silva em julgamento em segunda inst\u00e2ncia marcado para quarta-feira, 24, no 4\u00ba Tribunal Regional Federal (TRF-4), em Porto Alegre.<\/p>\n<p>No post ele disse que \u201c\u00e9 definitivamente constrangedor e inexplic\u00e1vel que nenhum quadro relevante do PSDB esteja preso apesar de fartas e robustas evid\u00eancias de seu org\u00e2nico e ancestral envolvimento em corrup\u00e7\u00e3o\u201d.<\/p>\n<p>Confira, na \u00edntegra, o que diz o texto completo:<\/p>\n<p><em>&#8220;Dia 24 de janeiro \u00e9 o dia do julgamento da apela\u00e7\u00e3o de Lula contra a senten\u00e7a que o condenou em primeira inst\u00e2ncia.<\/em><\/p>\n<p><em>Tor\u00e7o para que seu recurso seja reconhecido pelo tribunal regional, \u00f3rg\u00e3o de segunda inst\u00e2ncia da Justi\u00e7a Federal, e ele seja declarado inocente.<\/em><\/p>\n<p><em>O Judici\u00e1rio brasileiro, assim como os outros poderes de nossa fr\u00e1gil Rep\u00fablica, tem graves defeitos &#8211; nunca me abstive de critic\u00e1-los &#8211; mas imagin\u00e1-lo parte org\u00e2nica de uma conspira\u00e7\u00e3o pol\u00edtica ofende a inteligencia m\u00e9dia do pa\u00eds e, pior, a consequ\u00eancia inevit\u00e1vel desta constata\u00e7\u00e3o teria desdobramentos t\u00e3o graves que a um democrata e republicano s\u00f3 restaria a insurg\u00eancia revolucion\u00e1ria. N\u00e3o creio, definitivamente nisto.<\/em><\/p>\n<p><em>\u00c9 definitivamente constrangedor e inexplic\u00e1vel que nenhum quadro relevante do PSDB esteja preso apesar de fartas e robustas evid\u00eancias de seu org\u00e2nico e ancestral envolvimento em corrup\u00e7\u00e3o. Mas n\u00e3o \u00e9 irrelevante que estejam presos quadros centrais do PMDB como Eduardo Cunha, Gedel Vieira Lima ou Henrique Alves. E que o pr\u00f3prio presidente Michel Temer tenha sido chamado pela Justi\u00e7a a responder por seus atos de corrup\u00e7\u00e3o, embora impedida, a mesma justi\u00e7a, de prosseguir na apura\u00e7\u00e3o, pelo poder politico subornado.<\/em><\/p>\n<p><em>O que quero dizer nesta hora cr\u00edtica \u00e9 que, apesar de seus graves problemas, a Justi\u00e7a brasileira ainda deve merecer o respeito institucional da na\u00e7\u00e3o. O oposto \u00e9 a baderna, a anarquia e, evidentemente, a viol\u00eancia.<\/em><\/p>\n<p><em>Que o Tribunal Regional de Porto Alegre compreenda a transcend\u00eancia de sua decis\u00e3o! Que, independentemente de press\u00f5es leg\u00edtimas ou esp\u00farias, afirme a JUSTI\u00c7A! Que tenha a for\u00e7a moral de afirmar a inoc\u00eancia de Lula no processo em quest\u00e3o, se como eu, n\u00e3o vislumbrar clara sua culpa.<\/em><\/p>\n<p><em>Que d\u00ea evid\u00eancias incontest\u00e1veis de sua culpa, caso assim entenda, de maneira que a qualquer do povo n\u00e3o reste duvidas e, assim, possa a Na\u00e7\u00e3o afirmar como o injusti\u00e7ado alem\u00e3o: h\u00e1 juizes em Berlim. E, apesar de tudo, tamb\u00e9m no nosso sofrido Brasil.&#8221;<\/em><\/p>\n<p><strong>CARIRI EM A\u00c7\u00c3O<\/strong><\/p>\n<p><em>Com WSCOM \/Foto:\u00a0WSCOM<\/em><\/p>\n<p><strong>Leia mais not\u00edcias em\u00a0<\/strong><a href=\"http:\/\/www.caririemacao.com\/\"><strong>caririemacao.com<\/strong><\/a><strong>, siga nossa p\u00e1gina no\u00a0<\/strong><a href=\"https:\/\/www.facebook.com\/CaririEmAcao\/?ref=aymt_homepage_panel\"><strong>Facebook<\/strong><\/a>,<strong>\u00a0<\/strong><a href=\"https:\/\/www.instagram.com\/cariri_em_acao\/?hl=pt-br\"><strong>Instagram<\/strong><\/a><strong>\u00a0e\u00a0<\/strong><a href=\"https:\/\/www.youtube.com\/channel\/UCAptA0jQuYQy8vMhLt2m4qg\"><strong>Youtube<\/strong><\/a><strong>\u00a0e veja nossas mat\u00e9rias, v\u00eddeos e fotos. Voc\u00ea tamb\u00e9m pode enviar informa\u00e7\u00f5es \u00e0 Reda\u00e7\u00e3o do Portal Cariri em A\u00e7\u00e3o pelo WhatsApp (83) 9 9634.5791, (83) 9 9601-1162.<\/strong><\/p>\n","protected":false},"excerpt":{"rendered":"<p>Pr\u00e9-candidato \u00e0 Presid\u00eancia da Rep\u00fablica pelo PDT, o ex-ministro Ciro Gomes afirmou neste domingo, 21, em sua p\u00e1gina no Facebook, que vai torcer para que&hellip; <\/p>\n","protected":false},"author":2,"featured_media":38288,"comment_status":"closed","ping_status":"closed","sticky":false,"template":"","format":"standard","meta":{"sfsi_plus_gutenberg_text_before_share":"","sfsi_plus_gutenberg_show_text_before_share":"","sfsi_plus_gutenberg_icon_type":"","sfsi_plus_gutenberg_icon_alignemt":"","sfsi_plus_gutenburg_max_per_row":"","footnotes":""},"categories":[11],"tags":[],"class_list":["post-38287","post","type-post","status-publish","format-standard","has-post-thumbnail","hentry","category-politica"],"_links":{"self":[{"href":"https:\/\/www.caririemacao.com\/1\/wp-json\/wp\/v2\/posts\/38287","targetHints":{"allow":["GET"]}}],"collection":[{"href":"https:\/\/www.caririemacao.com\/1\/wp-json\/wp\/v2\/posts"}],"about":[{"href":"https:\/\/www.caririemacao.com\/1\/wp-json\/wp\/v2\/types\/post"}],"author":[{"embeddable":true,"href":"https:\/\/www.caririemacao.com\/1\/wp-json\/wp\/v2\/users\/2"}],"replies":[{"embeddable":true,"href":"https:\/\/www.caririemacao.com\/1\/wp-json\/wp\/v2\/comments?post=38287"}],"version-history":[{"count":0,"href":"https:\/\/www.caririemacao.com\/1\/wp-json\/wp\/v2\/posts\/38287\/revisions"}],"wp:featuredmedia":[{"embeddable":true,"href":"https:\/\/www.caririemacao.com\/1\/wp-json\/wp\/v2\/media\/38288"}],"wp:attachment":[{"href":"https:\/\/www.caririemacao.com\/1\/wp-json\/wp\/v2\/media?parent=38287"}],"wp:term":[{"taxonomy":"category","embeddable":true,"href":"https:\/\/www.caririemacao.com\/1\/wp-json\/wp\/v2\/categories?post=38287"},{"taxonomy":"post_tag","embeddable":true,"href":"https:\/\/www.caririemacao.com\/1\/wp-json\/wp\/v2\/tags?post=38287"}],"curies":[{"name":"wp","href":"https:\/\/api.w.org\/{rel}","templated":true}]}}