{"id":38293,"date":"2018-01-22T06:21:59","date_gmt":"2018-01-22T09:21:59","guid":{"rendered":"http:\/\/caririemacao.com\/1\/?p=38293"},"modified":"2018-01-22T06:21:59","modified_gmt":"2018-01-22T09:21:59","slug":"temer-planeja-criar-pasta-da-seguranca-publica-em-abril","status":"publish","type":"post","link":"https:\/\/www.caririemacao.com\/1\/2018\/01\/22\/temer-planeja-criar-pasta-da-seguranca-publica-em-abril\/","title":{"rendered":"Temer planeja criar pasta da Seguran\u00e7a P\u00fablica em abril"},"content":{"rendered":"<p>&nbsp;<\/p>\n<p>O Presidente Michel Temer planeja criar o Minist\u00e9rio da Seguran\u00e7a P\u00fablica, retirando as atribui\u00e7\u00f5es da \u00e1rea do Minist\u00e9rio da Justi\u00e7a. A ideia \u00e9 criar a pasta em abril, quando ser\u00e1 feita uma reforma ministerial com a sa\u00edda dos auxiliares que ser\u00e3o candidatos.<\/p>\n<p>A medida \u00e9 um esfor\u00e7o para imprimir uma marca em seu \u00faltimo ano de mandato. Ele tamb\u00e9m se antecipa ao presidenci\u00e1vel Geraldo Alckmin (PSDB). O governador de S\u00e3o Paulo j\u00e1 disse que, se eleito, pretende criar a pasta.<\/p>\n<p>Em entrevista \u00e0 Folha de S.Paulo, o presidente confirmou que avalia montar a nova estrutura e defendeu a necessidade de uma presen\u00e7a mais forte do governo federal na coordena\u00e7\u00e3o da seguran\u00e7a no pa\u00eds.<\/p>\n<p>&#8220;Est\u00e1 na minha cabe\u00e7a, mas n\u00e3o est\u00e1 decidido. Nessa busca de tentar atender a uma realidade f\u00e1tica, n\u00f3s temos de atentar para isso&#8221;, disse.<\/p>\n<p>TRF-4: conhe\u00e7a quem vai decidir o destino de Lula<\/p>\n<p>Ele lembrou que governos estaduais t\u00eam recorrido ao Pal\u00e1cio do Planalto em casos de rebeli\u00f5es em pres\u00eddios e descontrole da viol\u00eancia. Ressaltou que pretende chamar secret\u00e1rios estaduais para reuni\u00f5es peri\u00f3dicas.<\/p>\n<p>&#8220;Eu estou pensando seriamente em melhorar cada vez mais o sistema de seguran\u00e7a, que, curiosamente, o Brasil, nesse t\u00f3pico, est\u00e1 se transformando em um estado unit\u00e1rio, porque o sujeito tem dificuldade em seu Estado e pede socorro \u00e0 Uni\u00e3o&#8221;, afirmou.<\/p>\n<p>Com aprova\u00e7\u00e3o de 5%, segundo pesquisa Datafolha, o presidente tem apostado na seguran\u00e7a p\u00fablica como uma maneira de melhorar a imagem do governo, uma vez que o tema \u00e9 hoje apontado como uma das maiores preocupa\u00e7\u00f5es dos brasileiros.<\/p>\n<p><span class=\"news_bold\">DIREITOS HUMANOS<\/span><\/p>\n<p>Para n\u00e3o ser atacado por ampliar o n\u00famero de minist\u00e9rios, o presidente avalia devolver a pasta de Direitos Humanos ao status de secretaria nacional subordinada ao Minist\u00e9rio da Justi\u00e7a -como era no in\u00edcio do mandato.<\/p>\n<p>Assim, ele tamb\u00e9m reduziria a press\u00e3o pela demiss\u00e3o da desembargadora aposentada Luislinda Valois, que deixaria de ser ministra. Ela \u00e9 criticada pela base aliada por ter se envolvido em pol\u00eamicas.<\/p>\n<p>A ministra solicitou, em outubro, o pagamento retroativo de pelo menos R$ 300 mil, valor abatido de seu sal\u00e1rio pelo teto constitucional. Com a repercuss\u00e3o negativa, ela desistiu do pedido.<\/p>\n<p>Temer pretende tamb\u00e9m aprovar at\u00e9 o final do ano um pacote de medidas de seguran\u00e7a p\u00fablica. As medidas preveem, por exemplo, o aumento de penas de crimes de alta periculosidade e da progress\u00e3o penal para crimes graves, al\u00e9m do monitoramento de conversas de chefes de fac\u00e7\u00e3o em pres\u00eddios federais.<\/p>\n<p>A pauta tem o apoio do presidente da C\u00e2mara dos Deputados, Rodrigo Maia (DEM-RJ), mas, em ano eleitoral, deve ter dificuldades para ser aprovada, sobretudo com o foco do Pal\u00e1cio do Planalto na reforma previdenci\u00e1ria.<\/p>\n<p>Em fevereiro, para dar maior visibilidade \u00e0 seguran\u00e7a p\u00fablica, o presidente havia cogitado vincular a Secretaria de Seguran\u00e7a P\u00fablica \u00e0 Presid\u00eancia da Rep\u00fablica.<\/p>\n<p>O advogado criminalista Antonio Claudio Mariz de Oliveira chegou a ser sondado, mas recusou o convite. Com a recusa, Temer decidiu mant\u00ea-la no Minist\u00e9rio da Justi\u00e7a.<\/p>\n<p><strong>CARIRI EM A\u00c7\u00c3O<\/strong><\/p>\n<p><em>Com\u00a0Folha Press \/Foto: Reprodu\u00e7\u00e3o google<\/em><\/p>\n<p><strong>Leia mais not\u00edcias em\u00a0<\/strong><a href=\"http:\/\/www.caririemacao.com\/\"><strong>caririemacao.com<\/strong><\/a><strong>, siga nossa p\u00e1gina no\u00a0<\/strong><a href=\"https:\/\/www.facebook.com\/CaririEmAcao\/?ref=aymt_homepage_panel\"><strong>Facebook<\/strong><\/a>,<strong>\u00a0<\/strong><a href=\"https:\/\/www.instagram.com\/cariri_em_acao\/?hl=pt-br\"><strong>Instagram<\/strong><\/a><strong>\u00a0e\u00a0<\/strong><a href=\"https:\/\/www.youtube.com\/channel\/UCAptA0jQuYQy8vMhLt2m4qg\"><strong>Youtube<\/strong><\/a><strong>\u00a0e veja nossas mat\u00e9rias, v\u00eddeos e fotos. Voc\u00ea tamb\u00e9m pode enviar informa\u00e7\u00f5es \u00e0 Reda\u00e7\u00e3o do Portal Cariri em A\u00e7\u00e3o pelo WhatsApp (83) 9 9634.5791, (83) 9 9601-1162.<\/strong><\/p>\n","protected":false},"excerpt":{"rendered":"<p>&nbsp; O Presidente Michel Temer planeja criar o Minist\u00e9rio da Seguran\u00e7a P\u00fablica, retirando as atribui\u00e7\u00f5es da \u00e1rea do Minist\u00e9rio da Justi\u00e7a. A ideia \u00e9 criar&hellip; <\/p>\n","protected":false},"author":2,"featured_media":36963,"comment_status":"closed","ping_status":"closed","sticky":false,"template":"","format":"standard","meta":{"sfsi_plus_gutenberg_text_before_share":"","sfsi_plus_gutenberg_show_text_before_share":"","sfsi_plus_gutenberg_icon_type":"","sfsi_plus_gutenberg_icon_alignemt":"","sfsi_plus_gutenburg_max_per_row":"","footnotes":""},"categories":[11],"tags":[],"class_list":["post-38293","post","type-post","status-publish","format-standard","has-post-thumbnail","hentry","category-politica"],"_links":{"self":[{"href":"https:\/\/www.caririemacao.com\/1\/wp-json\/wp\/v2\/posts\/38293","targetHints":{"allow":["GET"]}}],"collection":[{"href":"https:\/\/www.caririemacao.com\/1\/wp-json\/wp\/v2\/posts"}],"about":[{"href":"https:\/\/www.caririemacao.com\/1\/wp-json\/wp\/v2\/types\/post"}],"author":[{"embeddable":true,"href":"https:\/\/www.caririemacao.com\/1\/wp-json\/wp\/v2\/users\/2"}],"replies":[{"embeddable":true,"href":"https:\/\/www.caririemacao.com\/1\/wp-json\/wp\/v2\/comments?post=38293"}],"version-history":[{"count":0,"href":"https:\/\/www.caririemacao.com\/1\/wp-json\/wp\/v2\/posts\/38293\/revisions"}],"wp:featuredmedia":[{"embeddable":true,"href":"https:\/\/www.caririemacao.com\/1\/wp-json\/wp\/v2\/media\/36963"}],"wp:attachment":[{"href":"https:\/\/www.caririemacao.com\/1\/wp-json\/wp\/v2\/media?parent=38293"}],"wp:term":[{"taxonomy":"category","embeddable":true,"href":"https:\/\/www.caririemacao.com\/1\/wp-json\/wp\/v2\/categories?post=38293"},{"taxonomy":"post_tag","embeddable":true,"href":"https:\/\/www.caririemacao.com\/1\/wp-json\/wp\/v2\/tags?post=38293"}],"curies":[{"name":"wp","href":"https:\/\/api.w.org\/{rel}","templated":true}]}}