{"id":38301,"date":"2018-01-22T06:41:07","date_gmt":"2018-01-22T09:41:07","guid":{"rendered":"http:\/\/caririemacao.com\/1\/?p=38301"},"modified":"2018-01-22T06:41:07","modified_gmt":"2018-01-22T09:41:07","slug":"whatsapp-vai-passar-a-cobrar-por-determinados-servicos","status":"publish","type":"post","link":"https:\/\/www.caririemacao.com\/1\/2018\/01\/22\/whatsapp-vai-passar-a-cobrar-por-determinados-servicos\/","title":{"rendered":"WhatsApp vai passar a cobrar por determinados servi\u00e7os"},"content":{"rendered":"<p>O WhatsApp anunciou que ter\u00e1 sua vertente voltada a empresas. O WhatsApp Business dever\u00e1 chegar no Brasil em breve. O segmento abriu espa\u00e7o para que a empresa fizesse sua primeira tentativa de monetizar a troca de mensagens na plataforma desde que anulou a anuidade de 1 d\u00f3lar para consumidores finais.<\/p>\n<div class=\"pub-container inside-news\">\n<div class=\"pub-space\"><\/div>\n<\/div>\n<p>De acordo com Anne Yeh, gerente de de comunica\u00e7\u00e3o do mensageiro, informou que o aplicativo ser\u00e1 gratuito para download. No entanto, vai cobrar por determinados servi\u00e7os voltados para este mercado. A porta-voz n\u00e3o descarta a possibilidade de cobrar para exibir an\u00fancios no WhatsApp.<\/p>\n<p>&#8220;Nossa expectativa \u00e9 ajudar essas empresas a melhorar seu servi\u00e7o ao cliente e oferecer uma op\u00e7\u00e3o aos nossos usu\u00e1rios para que saibam que est\u00e3o falando com empresas reais e leg\u00edtimas&#8221;, revela a gerente, sobre o objetivo do lan\u00e7amento.<\/p>\n<p>Lembrando que as empresas ser\u00e3o classificadas de duas formas pelo WhatsApp. A conta \u201cConfirmed\u201d garante que o n\u00famero da conta \u00e9 mesmo da empresa. E o status &#8220;Business&#8221; revela que a empresa est\u00e1 usando a modalidade empresarial do mensageiro, mas ainda n\u00e3o foi verificada pelo WhatsApp.<\/p>\n<p>&#8220;A princ\u00edpio, a maioria das empresas estar\u00e1 listada como Business Accounts, pois queremos ser atenciosos ao confirmar as empresas para certificar que s\u00e3o autenticas&#8221;, diz Anne Yeh.<\/p>\n<p><strong>CARIRI EM A\u00c7\u00c3O<\/strong><\/p>\n<p><em>Com Not\u00edcias ao Minuto \/Foto: Not\u00edcias ao Minuto<\/em><\/p>\n<p><strong>Leia mais not\u00edcias em\u00a0<\/strong><a href=\"http:\/\/www.caririemacao.com\/\"><strong>caririemacao.com<\/strong><\/a><strong>, siga nossa p\u00e1gina no\u00a0<\/strong><a href=\"https:\/\/www.facebook.com\/CaririEmAcao\/?ref=aymt_homepage_panel\"><strong>Facebook<\/strong><\/a>,<strong>\u00a0<\/strong><a href=\"https:\/\/www.instagram.com\/cariri_em_acao\/?hl=pt-br\"><strong>Instagram<\/strong><\/a><strong>\u00a0e\u00a0<\/strong><a href=\"https:\/\/www.youtube.com\/channel\/UCAptA0jQuYQy8vMhLt2m4qg\"><strong>Youtube<\/strong><\/a><strong>\u00a0e veja nossas mat\u00e9rias, v\u00eddeos e fotos. Voc\u00ea tamb\u00e9m pode enviar informa\u00e7\u00f5es \u00e0 Reda\u00e7\u00e3o do Portal Cariri em A\u00e7\u00e3o pelo WhatsApp (83) 9 9634.5791, (83) 9 9601-1162.<\/strong><\/p>\n","protected":false},"excerpt":{"rendered":"<p>O WhatsApp anunciou que ter\u00e1 sua vertente voltada a empresas. O WhatsApp Business dever\u00e1 chegar no Brasil em breve. O segmento abriu espa\u00e7o para que&hellip; <\/p>\n","protected":false},"author":2,"featured_media":38302,"comment_status":"closed","ping_status":"closed","sticky":false,"template":"","format":"standard","meta":{"sfsi_plus_gutenberg_text_before_share":"","sfsi_plus_gutenberg_show_text_before_share":"","sfsi_plus_gutenberg_icon_type":"","sfsi_plus_gutenberg_icon_alignemt":"","sfsi_plus_gutenburg_max_per_row":"","footnotes":""},"categories":[2],"tags":[],"class_list":["post-38301","post","type-post","status-publish","format-standard","has-post-thumbnail","hentry","category-geral"],"_links":{"self":[{"href":"https:\/\/www.caririemacao.com\/1\/wp-json\/wp\/v2\/posts\/38301","targetHints":{"allow":["GET"]}}],"collection":[{"href":"https:\/\/www.caririemacao.com\/1\/wp-json\/wp\/v2\/posts"}],"about":[{"href":"https:\/\/www.caririemacao.com\/1\/wp-json\/wp\/v2\/types\/post"}],"author":[{"embeddable":true,"href":"https:\/\/www.caririemacao.com\/1\/wp-json\/wp\/v2\/users\/2"}],"replies":[{"embeddable":true,"href":"https:\/\/www.caririemacao.com\/1\/wp-json\/wp\/v2\/comments?post=38301"}],"version-history":[{"count":0,"href":"https:\/\/www.caririemacao.com\/1\/wp-json\/wp\/v2\/posts\/38301\/revisions"}],"wp:featuredmedia":[{"embeddable":true,"href":"https:\/\/www.caririemacao.com\/1\/wp-json\/wp\/v2\/media\/38302"}],"wp:attachment":[{"href":"https:\/\/www.caririemacao.com\/1\/wp-json\/wp\/v2\/media?parent=38301"}],"wp:term":[{"taxonomy":"category","embeddable":true,"href":"https:\/\/www.caririemacao.com\/1\/wp-json\/wp\/v2\/categories?post=38301"},{"taxonomy":"post_tag","embeddable":true,"href":"https:\/\/www.caririemacao.com\/1\/wp-json\/wp\/v2\/tags?post=38301"}],"curies":[{"name":"wp","href":"https:\/\/api.w.org\/{rel}","templated":true}]}}