{"id":38310,"date":"2018-01-22T06:55:56","date_gmt":"2018-01-22T09:55:56","guid":{"rendered":"http:\/\/caririemacao.com\/1\/?p=38310"},"modified":"2018-01-22T06:55:56","modified_gmt":"2018-01-22T09:55:56","slug":"sisu-2018-tem-inscricoes-antecipadas-para-a-proxima-terca","status":"publish","type":"post","link":"https:\/\/www.caririemacao.com\/1\/2018\/01\/22\/sisu-2018-tem-inscricoes-antecipadas-para-a-proxima-terca\/","title":{"rendered":"Sisu 2018 tem inscri\u00e7\u00f5es antecipadas para a pr\u00f3xima ter\u00e7a"},"content":{"rendered":"<p>O Minist\u00e9rio da Educa\u00e7\u00e3o anunciou a antecipa\u00e7\u00e3o da edi\u00e7\u00e3o do primeiro semestre do Sistema de Sele\u00e7\u00e3o Unificada (Sisu) 2018. As inscri\u00e7\u00f5es agora come\u00e7ar\u00e3o no dia 23 de janeiro e ir\u00e3o at\u00e9 as 23h59 de 26 de janeiro, no hor\u00e1rio de Bras\u00edlia. A data inicial da abertura do sistema era 29 de janeiro.<\/p>\n<p>Elas ser\u00e3o feitas no\u00a0site do programa. N\u00e3o \u00e9 necess\u00e1rio pagar taxas.<\/p>\n<p>Por meio desse sistema, os candidatos poder\u00e3o usar as notas do Exame Nacional do Ensino M\u00e9dio (Enem) de 2017 para pleitear uma vaga em uma universidade p\u00fablica que tenha aderido ao Sisu. Ser\u00e3o 130 institui\u00e7\u00f5es no Brasil \u2013 30 estaduais e 100 federais \u2013, que ofertar\u00e3o 239.601 vagas na gradua\u00e7\u00e3o.<\/p>\n<p>Para participar, \u00e9 necess\u00e1rio ter tirado nota acima de zero na reda\u00e7\u00e3o do Enem 2017. Como nos anos anteriores, cada candidato poder\u00e1 se inscrever em at\u00e9 duas vagas, especificando a ordem de prefer\u00eancia e o turno no qual pretende estudar. Tamb\u00e9m \u00e9 necess\u00e1rio definir qual a modalidade no qual o aluno se encaixa &#8211; ampla concorr\u00eancia ou alguma relativa \u00e0s a\u00e7\u00f5es afirmativas (com crit\u00e9rios raciais ou sociais).<\/p>\n<p>Mesmo que o candidato fa\u00e7a sua inscri\u00e7\u00e3o no dia 23 de janeiro, ele poder\u00e1 alterar suas op\u00e7\u00f5es at\u00e9 as 23h59 do dia 26. O sistema mostra, a cada dia, uma nota de corte parcial, baseada nas notas das pessoas que j\u00e1 se inscreveram at\u00e9 o momento naquele curso.<\/p>\n<p><strong>CARIRI EM A\u00c7\u00c3O<\/strong><\/p>\n<p><em>Com G1 \/Foto: Walla Santos<\/em><\/p>\n<p><strong>Leia mais not\u00edcias em\u00a0<\/strong><a href=\"http:\/\/www.caririemacao.com\/\"><strong>caririemacao.com<\/strong><\/a><strong>, siga nossa p\u00e1gina no\u00a0<\/strong><a href=\"https:\/\/www.facebook.com\/CaririEmAcao\/?ref=aymt_homepage_panel\"><strong>Facebook<\/strong><\/a>,<strong>\u00a0<\/strong><a href=\"https:\/\/www.instagram.com\/cariri_em_acao\/?hl=pt-br\"><strong>Instagram<\/strong><\/a><strong>\u00a0e\u00a0<\/strong><a href=\"https:\/\/www.youtube.com\/channel\/UCAptA0jQuYQy8vMhLt2m4qg\"><strong>Youtube<\/strong><\/a><strong>\u00a0e veja nossas mat\u00e9rias, v\u00eddeos e fotos. Voc\u00ea tamb\u00e9m pode enviar informa\u00e7\u00f5es \u00e0 Reda\u00e7\u00e3o do Portal Cariri em A\u00e7\u00e3o pelo WhatsApp (83) 9 9634.5791, (83) 9 9601-1162.<\/strong><\/p>\n","protected":false},"excerpt":{"rendered":"<p>O Minist\u00e9rio da Educa\u00e7\u00e3o anunciou a antecipa\u00e7\u00e3o da edi\u00e7\u00e3o do primeiro semestre do Sistema de Sele\u00e7\u00e3o Unificada (Sisu) 2018. As inscri\u00e7\u00f5es agora come\u00e7ar\u00e3o no dia&hellip; <\/p>\n","protected":false},"author":2,"featured_media":38311,"comment_status":"closed","ping_status":"closed","sticky":false,"template":"","format":"standard","meta":{"sfsi_plus_gutenberg_text_before_share":"","sfsi_plus_gutenberg_show_text_before_share":"","sfsi_plus_gutenberg_icon_type":"","sfsi_plus_gutenberg_icon_alignemt":"","sfsi_plus_gutenburg_max_per_row":"","footnotes":""},"categories":[14],"tags":[],"class_list":["post-38310","post","type-post","status-publish","format-standard","has-post-thumbnail","hentry","category-educacao"],"_links":{"self":[{"href":"https:\/\/www.caririemacao.com\/1\/wp-json\/wp\/v2\/posts\/38310","targetHints":{"allow":["GET"]}}],"collection":[{"href":"https:\/\/www.caririemacao.com\/1\/wp-json\/wp\/v2\/posts"}],"about":[{"href":"https:\/\/www.caririemacao.com\/1\/wp-json\/wp\/v2\/types\/post"}],"author":[{"embeddable":true,"href":"https:\/\/www.caririemacao.com\/1\/wp-json\/wp\/v2\/users\/2"}],"replies":[{"embeddable":true,"href":"https:\/\/www.caririemacao.com\/1\/wp-json\/wp\/v2\/comments?post=38310"}],"version-history":[{"count":0,"href":"https:\/\/www.caririemacao.com\/1\/wp-json\/wp\/v2\/posts\/38310\/revisions"}],"wp:featuredmedia":[{"embeddable":true,"href":"https:\/\/www.caririemacao.com\/1\/wp-json\/wp\/v2\/media\/38311"}],"wp:attachment":[{"href":"https:\/\/www.caririemacao.com\/1\/wp-json\/wp\/v2\/media?parent=38310"}],"wp:term":[{"taxonomy":"category","embeddable":true,"href":"https:\/\/www.caririemacao.com\/1\/wp-json\/wp\/v2\/categories?post=38310"},{"taxonomy":"post_tag","embeddable":true,"href":"https:\/\/www.caririemacao.com\/1\/wp-json\/wp\/v2\/tags?post=38310"}],"curies":[{"name":"wp","href":"https:\/\/api.w.org\/{rel}","templated":true}]}}