{"id":38313,"date":"2018-01-22T07:00:37","date_gmt":"2018-01-22T10:00:37","guid":{"rendered":"http:\/\/caririemacao.com\/1\/?p=38313"},"modified":"2018-01-22T07:00:37","modified_gmt":"2018-01-22T10:00:37","slug":"na-reta-final-tite-quer-jogos-contra-selecoes-que-tambem-vao-a-copa","status":"publish","type":"post","link":"https:\/\/www.caririemacao.com\/1\/2018\/01\/22\/na-reta-final-tite-quer-jogos-contra-selecoes-que-tambem-vao-a-copa\/","title":{"rendered":"Na reta final, Tite quer jogos contra sele\u00e7\u00f5es que tamb\u00e9m v\u00e3o \u00e0 Copa"},"content":{"rendered":"<p>Tite escolheu um caminho diferente na reta final da prepara\u00e7\u00e3o da sele\u00e7\u00e3o para a disputa da Copa do Mundo.<\/p>\n<p>Ao contr\u00e1rio dos seus antecessores, o treinador da sele\u00e7\u00e3o escolheu medir for\u00e7a com advers\u00e1rios j\u00e1 classificados para o Mundial no m\u00eas de abertura do torneio.<\/p>\n<p>Pelo planejamento da comiss\u00e3o t\u00e9cnica, os dois \u00faltimos amistosos ser\u00e3o contra sele\u00e7\u00f5es europeias que v\u00e3o participar da competi\u00e7\u00e3o. Espanha, B\u00e9lgica e Portugal s\u00e3o alguns dos europeus que v\u00e3o tentar conquistar o t\u00edtulo na R\u00fassia.<\/p>\n<p>Os jogos seriam inicialmente realizados na Inglaterra, onde a delega\u00e7\u00e3o far\u00e1 a prepara\u00e7\u00e3o final ap\u00f3s cerca de um semana de treinos em Teres\u00f3polis, no Rio.<\/p>\n<p>At\u00e9 ent\u00e3o, os outros treinadores da sele\u00e7\u00e3o sempre escolhiam advers\u00e1rios fracos para fazer os \u00faltimos testes. Em 2002, ano da \u00faltima conquista, o Brasil enfrentou na reta final de prepara\u00e7\u00e3o as desconhecidas sele\u00e7\u00f5es da Catalunha e da Mal\u00e1sia, que nunca foram \u00e0 Copa.<\/p>\n<p>No Mundial de 2014, a sele\u00e7\u00e3o fez apenas um amistoso pr\u00f3ximo do torneio. O time goleou o fraco Panam\u00e1, por 4 a 0, em Goi\u00e2nia. Os t\u00e9cnicos sempre escolhiam advers\u00e1rios fracos alegando poupar jogadores e para evitar sofrer uma derrota inesperada pr\u00f3xima da abertura do Mundial.<\/p>\n<p>J\u00e1 Tite n\u00e3o pensa assim. Ele quer que os jogadores enfrentem os melhores. Caso o time perca, a comiss\u00e3o t\u00e9cnica n\u00e3o acredita que o resultado possa desestabilizar o trabalho.<\/p>\n<p>A CBF ainda n\u00e3o fechou com nenhuma sele\u00e7\u00e3o, mas j\u00e1 negocia com dirigentes das federa\u00e7\u00f5es europeias. Mas a comiss\u00e3o t\u00e9cnica sentiu que alguns treinadores temem enfrentar o Brasil t\u00e3o perto do in\u00edcio do campeonato.<\/p>\n<p>Inglaterra, R\u00fassia e Alemanha j\u00e1 est\u00e3o descartadas. Em novembro, a sele\u00e7\u00e3o empatou com os ingleses, por 0 a 0, em Wembley. Em mar\u00e7o, o time jogar\u00e1 pela primeira vez contra os alem\u00e3es ap\u00f3s o 7 a 1. Pouco antes, a equipe enfrentar\u00e1 os russos, em Moscou.<\/p>\n<p><span class=\"news_bold\">NA R\u00daSSIA<\/span><\/p>\n<p>A sele\u00e7\u00e3o ter\u00e1 dois advers\u00e1rios da Europa logo na primeira fase da Copa do Mundo. Os brasileiros v\u00e3o fazer a estreia na competi\u00e7\u00e3o contra a Su\u00ed\u00e7a, no dia 17 de junho, em Rostov. A S\u00e9rvia ser\u00e1 a \u00faltima a enfrentar o Brasil na fase de grupos. O segundo confronto da equipe no torneio ser\u00e1 contra a Costa Rica.A prepara\u00e7\u00e3o da equipe brasileira come\u00e7ar\u00e1 no dia 21 de maio, na Granja Comary. A delega\u00e7\u00e3o dever\u00e1 ficar pelo menos uma semana na concentra\u00e7\u00e3o constru\u00edda na serra fluminense.<\/p>\n<p>Nesse per\u00edodo, a comiss\u00e3o t\u00e9cnica pretende fazer um amistoso de despedida do pa\u00eds, mas ainda n\u00e3o escolheu a data. O jogo deve ser no Rio. A inten\u00e7\u00e3o \u00e9 colocar todos os atletas em campo.<\/p>\n<p>A convoca\u00e7\u00e3o final ser\u00e1 no in\u00edcio de maio. O evento dever\u00e1 ser realizado fora da CBF, por causa da grande quantidade de jornalistas envolvida na cobertura do evento.<\/p>\n<p>Durante o Mundial, a sele\u00e7\u00e3o ficar\u00e1 concentrada em Sochi (cidade a cerca de 1.500 km de Moscou).<\/p>\n<p>O est\u00e1dio Slava Metreveli, batizado com o nome de um dos grandes jogadores de futebol da Uni\u00e3o Sovi\u00e9tica, fica ao lado do hotel de luxo que abrigar\u00e1 o Brasil.<\/p>\n<p>A concentra\u00e7\u00e3o conta com spa e praia privativa. O pr\u00e9dio principal do hotel foi erguido em 1938 para abrigar um dos primeiros resorts do pa\u00eds. Por causa do clima ameno, a cidade era um ref\u00fagio do ditador Josef St\u00e1lin.<\/p>\n<p><strong>CARIRI EM A\u00c7\u00c3O<\/strong><\/p>\n<p><em>Com Folha Press \/Foto:\u00a0Lucas Figueiredo<\/em><\/p>\n<p><strong>Leia mais not\u00edcias em\u00a0<\/strong><a href=\"http:\/\/www.caririemacao.com\/\"><strong>caririemacao.com<\/strong><\/a><strong>, siga nossa p\u00e1gina no\u00a0<\/strong><a href=\"https:\/\/www.facebook.com\/CaririEmAcao\/?ref=aymt_homepage_panel\"><strong>Facebook<\/strong><\/a>,<strong>\u00a0<\/strong><a href=\"https:\/\/www.instagram.com\/cariri_em_acao\/?hl=pt-br\"><strong>Instagram<\/strong><\/a><strong>\u00a0e\u00a0<\/strong><a href=\"https:\/\/www.youtube.com\/channel\/UCAptA0jQuYQy8vMhLt2m4qg\"><strong>Youtube<\/strong><\/a><strong>\u00a0e veja nossas mat\u00e9rias, v\u00eddeos e fotos. Voc\u00ea tamb\u00e9m pode enviar informa\u00e7\u00f5es \u00e0 Reda\u00e7\u00e3o do Portal Cariri em A\u00e7\u00e3o pelo WhatsApp (83) 9 9634.5791, (83) 9 9601-1162.<\/strong><\/p>\n","protected":false},"excerpt":{"rendered":"<p>Tite escolheu um caminho diferente na reta final da prepara\u00e7\u00e3o da sele\u00e7\u00e3o para a disputa da Copa do Mundo. Ao contr\u00e1rio dos seus antecessores, o&hellip; <\/p>\n","protected":false},"author":2,"featured_media":38314,"comment_status":"closed","ping_status":"closed","sticky":false,"template":"","format":"standard","meta":{"sfsi_plus_gutenberg_text_before_share":"","sfsi_plus_gutenberg_show_text_before_share":"","sfsi_plus_gutenberg_icon_type":"","sfsi_plus_gutenberg_icon_alignemt":"","sfsi_plus_gutenburg_max_per_row":"","footnotes":""},"categories":[13],"tags":[],"class_list":["post-38313","post","type-post","status-publish","format-standard","has-post-thumbnail","hentry","category-esportes"],"_links":{"self":[{"href":"https:\/\/www.caririemacao.com\/1\/wp-json\/wp\/v2\/posts\/38313","targetHints":{"allow":["GET"]}}],"collection":[{"href":"https:\/\/www.caririemacao.com\/1\/wp-json\/wp\/v2\/posts"}],"about":[{"href":"https:\/\/www.caririemacao.com\/1\/wp-json\/wp\/v2\/types\/post"}],"author":[{"embeddable":true,"href":"https:\/\/www.caririemacao.com\/1\/wp-json\/wp\/v2\/users\/2"}],"replies":[{"embeddable":true,"href":"https:\/\/www.caririemacao.com\/1\/wp-json\/wp\/v2\/comments?post=38313"}],"version-history":[{"count":0,"href":"https:\/\/www.caririemacao.com\/1\/wp-json\/wp\/v2\/posts\/38313\/revisions"}],"wp:featuredmedia":[{"embeddable":true,"href":"https:\/\/www.caririemacao.com\/1\/wp-json\/wp\/v2\/media\/38314"}],"wp:attachment":[{"href":"https:\/\/www.caririemacao.com\/1\/wp-json\/wp\/v2\/media?parent=38313"}],"wp:term":[{"taxonomy":"category","embeddable":true,"href":"https:\/\/www.caririemacao.com\/1\/wp-json\/wp\/v2\/categories?post=38313"},{"taxonomy":"post_tag","embeddable":true,"href":"https:\/\/www.caririemacao.com\/1\/wp-json\/wp\/v2\/tags?post=38313"}],"curies":[{"name":"wp","href":"https:\/\/api.w.org\/{rel}","templated":true}]}}