{"id":38318,"date":"2018-01-22T07:49:59","date_gmt":"2018-01-22T10:49:59","guid":{"rendered":"http:\/\/caririemacao.com\/1\/?p=38318"},"modified":"2018-01-22T07:49:59","modified_gmt":"2018-01-22T10:49:59","slug":"cnh-digital-estara-disponivel-a-partir-de-fevereiro-na-pb","status":"publish","type":"post","link":"https:\/\/www.caririemacao.com\/1\/2018\/01\/22\/cnh-digital-estara-disponivel-a-partir-de-fevereiro-na-pb\/","title":{"rendered":"CNH Digital estar\u00e1 dispon\u00edvel a partir de fevereiro na PB"},"content":{"rendered":"<div>A partir da primeira quinzena de fevereiro, ser\u00e1 poss\u00edvel emitir a Carteira de Habilita\u00e7\u00e3o Nacional eletr\u00f4nica no Detran da Para\u00edba. A informa\u00e7\u00e3o \u00e9 do diretor de opera\u00e7\u00f5es do Detran-PB, Orlando Soares. Os usu\u00e1rios n\u00e3o pagar\u00e3o a mais pelo servi\u00e7o, que resultar\u00e1 em maior comodidade para os motoristas, que poder\u00e3o apresentar a CNH em seus celulares ao serem interceptados em blitzes.<\/div>\n<div><\/div>\n<div>De acordo com o diretor de opera\u00e7\u00f5es, por\u00e9m, a emiss\u00e3o da CNH-e s\u00f3 estar\u00e1 dispon\u00edvel para aqueles que tiveram sua carteira emitida a partir de junho de 2017, pois apenas esses documentos possuem o QR-code, que \u00e9 utilizado para a sua emiss\u00e3o. \u201cAqueles que tiveram suas carteiras emitidas antes dessa data poder\u00e3o emitir a CNH-e quando fizerem a renova\u00e7\u00e3o dos documentos\u201d, explica Orlando Soares.<\/div>\n<div><\/div>\n<div>Segundo ele, o sistema que permite a emiss\u00e3o do documento j\u00e1 foi implantado no Detran-PB, estando faltando apenas o ajuste das informa\u00e7\u00f5es junto ao Denatran e, assim, a partir da primeira quinzena de fevereiro, os condutores j\u00e1 dever\u00e3o poder fazer a emiss\u00e3o. O Conselho Nacional de Tr\u00e2nsito (Contran) havia aprovado, no m\u00eas de julho do ano passado, resolu\u00e7\u00e3o que orienta os departamentos estaduais (Detrans) a iniciar a emiss\u00e3o do documento at\u00e9 o m\u00eas de fevereiro deste ano.<\/div>\n<div>\n<p><strong>CARIRI EM A\u00c7\u00c3O<\/strong><\/p>\n<p><em>Com\u00a0<i>Jornal da Para\u00edba<\/i> \/Foto:\u00a0Reprodu\u00e7\u00e3o google<\/em><\/p>\n<p><strong>Leia mais not\u00edcias em\u00a0<\/strong><a href=\"http:\/\/www.caririemacao.com\/\"><strong>caririemacao.com<\/strong><\/a><strong>, siga nossa p\u00e1gina no\u00a0<\/strong><a href=\"https:\/\/www.facebook.com\/CaririEmAcao\/?ref=aymt_homepage_panel\"><strong>Facebook<\/strong><\/a>,<strong>\u00a0<\/strong><a href=\"https:\/\/www.instagram.com\/cariri_em_acao\/?hl=pt-br\"><strong>Instagram<\/strong><\/a><strong>\u00a0e\u00a0<\/strong><a href=\"https:\/\/www.youtube.com\/channel\/UCAptA0jQuYQy8vMhLt2m4qg\"><strong>Youtube<\/strong><\/a><strong>\u00a0e veja nossas mat\u00e9rias, v\u00eddeos e fotos. Voc\u00ea tamb\u00e9m pode enviar informa\u00e7\u00f5es \u00e0 Reda\u00e7\u00e3o do Portal Cariri em A\u00e7\u00e3o pelo WhatsApp (83) 9 9634.5791, (83) 9 9601-1162.<\/strong><\/p>\n<\/div>\n","protected":false},"excerpt":{"rendered":"<p>A partir da primeira quinzena de fevereiro, ser\u00e1 poss\u00edvel emitir a Carteira de Habilita\u00e7\u00e3o Nacional eletr\u00f4nica no Detran da Para\u00edba. A informa\u00e7\u00e3o \u00e9 do diretor&hellip; <\/p>\n","protected":false},"author":2,"featured_media":38319,"comment_status":"closed","ping_status":"closed","sticky":false,"template":"","format":"standard","meta":{"sfsi_plus_gutenberg_text_before_share":"","sfsi_plus_gutenberg_show_text_before_share":"","sfsi_plus_gutenberg_icon_type":"","sfsi_plus_gutenberg_icon_alignemt":"","sfsi_plus_gutenburg_max_per_row":"","footnotes":""},"categories":[2],"tags":[],"class_list":["post-38318","post","type-post","status-publish","format-standard","has-post-thumbnail","hentry","category-geral"],"_links":{"self":[{"href":"https:\/\/www.caririemacao.com\/1\/wp-json\/wp\/v2\/posts\/38318","targetHints":{"allow":["GET"]}}],"collection":[{"href":"https:\/\/www.caririemacao.com\/1\/wp-json\/wp\/v2\/posts"}],"about":[{"href":"https:\/\/www.caririemacao.com\/1\/wp-json\/wp\/v2\/types\/post"}],"author":[{"embeddable":true,"href":"https:\/\/www.caririemacao.com\/1\/wp-json\/wp\/v2\/users\/2"}],"replies":[{"embeddable":true,"href":"https:\/\/www.caririemacao.com\/1\/wp-json\/wp\/v2\/comments?post=38318"}],"version-history":[{"count":0,"href":"https:\/\/www.caririemacao.com\/1\/wp-json\/wp\/v2\/posts\/38318\/revisions"}],"wp:featuredmedia":[{"embeddable":true,"href":"https:\/\/www.caririemacao.com\/1\/wp-json\/wp\/v2\/media\/38319"}],"wp:attachment":[{"href":"https:\/\/www.caririemacao.com\/1\/wp-json\/wp\/v2\/media?parent=38318"}],"wp:term":[{"taxonomy":"category","embeddable":true,"href":"https:\/\/www.caririemacao.com\/1\/wp-json\/wp\/v2\/categories?post=38318"},{"taxonomy":"post_tag","embeddable":true,"href":"https:\/\/www.caririemacao.com\/1\/wp-json\/wp\/v2\/tags?post=38318"}],"curies":[{"name":"wp","href":"https:\/\/api.w.org\/{rel}","templated":true}]}}