{"id":38321,"date":"2018-01-22T07:59:13","date_gmt":"2018-01-22T10:59:13","guid":{"rendered":"http:\/\/caririemacao.com\/1\/?p=38321"},"modified":"2018-01-22T07:59:13","modified_gmt":"2018-01-22T10:59:13","slug":"a-pedido-de-ricardo-efraim-se-prepara-para-ser-o-vice-de-joao-azevedo","status":"publish","type":"post","link":"https:\/\/www.caririemacao.com\/1\/2018\/01\/22\/a-pedido-de-ricardo-efraim-se-prepara-para-ser-o-vice-de-joao-azevedo\/","title":{"rendered":"A pedido de Ricardo, Efraim se prepara para ser o vice de Jo\u00e3o Azevedo"},"content":{"rendered":"<p>O secret\u00e1rio e presidente estadual do Democratas, Efraim Morais, deve se desincompatibilizar de suas fun\u00e7\u00f5es no Governo do Estado em abril para ser a candidato a vice-governador nas elei\u00e7\u00f5es deste ano.<\/p>\n<p>Engenheiro civil e tradicional pol\u00edtico de Santa Luzia, ocupou mandatos eletivos por 28 anos consecutivos, sendo dois como deputado estadual, tr\u00eas como deputado federal e um como senador. Efraim j\u00e1 havia anunciado anos atr\u00e1s sua aposentadoria da vida p\u00fablica.<\/p>\n<p>A mudan\u00e7a de planos ocorrer\u00e1 a pedido do governador Ricardo Coutinho (PSB) que enxerga no democrata um bom vice para Jo\u00e3o Azevedo (PSB), por Efraim possuir tr\u00e2nsito junto aos setores mais conservadores da sociedade, somado \u00e0 sua not\u00f3ria for\u00e7a pol\u00edtica no Sert\u00e3o paraibano.<\/p>\n<p>Como compensa\u00e7\u00e3o, Morais ter\u00e1 o direito de indicar um outro nome para o primeiro escal\u00e3o quando deixar o governo.<\/p>\n<p>J\u00e1 o deputado Efraim Filho (DEM) concorrer\u00e1 \u00e0 reelei\u00e7\u00e3o para C\u00e2mara Federal.<\/p>\n<p><strong>CARIRI EM A\u00c7\u00c3O<\/strong><\/p>\n<p><em>Com\u00a0Blog do Ninja \/Foto:\u00a0Blog do Ninja<\/em><\/p>\n<p><strong>Leia mais not\u00edcias em\u00a0<\/strong><a href=\"http:\/\/www.caririemacao.com\/\"><strong>caririemacao.com<\/strong><\/a><strong>, siga nossa p\u00e1gina no\u00a0<\/strong><a href=\"https:\/\/www.facebook.com\/CaririEmAcao\/?ref=aymt_homepage_panel\"><strong>Facebook<\/strong><\/a>,<strong>\u00a0<\/strong><a href=\"https:\/\/www.instagram.com\/cariri_em_acao\/?hl=pt-br\"><strong>Instagram<\/strong><\/a><strong>\u00a0e\u00a0<\/strong><a href=\"https:\/\/www.youtube.com\/channel\/UCAptA0jQuYQy8vMhLt2m4qg\"><strong>Youtube<\/strong><\/a><strong>\u00a0e veja nossas mat\u00e9rias, v\u00eddeos e fotos. Voc\u00ea tamb\u00e9m pode enviar informa\u00e7\u00f5es \u00e0 Reda\u00e7\u00e3o do Portal Cariri em A\u00e7\u00e3o pelo WhatsApp (83) 9 9634.5791, (83) 9 9601-1162.<\/strong><\/p>\n","protected":false},"excerpt":{"rendered":"<p>O secret\u00e1rio e presidente estadual do Democratas, Efraim Morais, deve se desincompatibilizar de suas fun\u00e7\u00f5es no Governo do Estado em abril para ser a candidato&hellip; <\/p>\n","protected":false},"author":2,"featured_media":38322,"comment_status":"closed","ping_status":"closed","sticky":false,"template":"","format":"standard","meta":{"sfsi_plus_gutenberg_text_before_share":"","sfsi_plus_gutenberg_show_text_before_share":"","sfsi_plus_gutenberg_icon_type":"","sfsi_plus_gutenberg_icon_alignemt":"","sfsi_plus_gutenburg_max_per_row":"","footnotes":""},"categories":[1],"tags":[],"class_list":["post-38321","post","type-post","status-publish","format-standard","has-post-thumbnail","hentry","category-o-site"],"_links":{"self":[{"href":"https:\/\/www.caririemacao.com\/1\/wp-json\/wp\/v2\/posts\/38321","targetHints":{"allow":["GET"]}}],"collection":[{"href":"https:\/\/www.caririemacao.com\/1\/wp-json\/wp\/v2\/posts"}],"about":[{"href":"https:\/\/www.caririemacao.com\/1\/wp-json\/wp\/v2\/types\/post"}],"author":[{"embeddable":true,"href":"https:\/\/www.caririemacao.com\/1\/wp-json\/wp\/v2\/users\/2"}],"replies":[{"embeddable":true,"href":"https:\/\/www.caririemacao.com\/1\/wp-json\/wp\/v2\/comments?post=38321"}],"version-history":[{"count":0,"href":"https:\/\/www.caririemacao.com\/1\/wp-json\/wp\/v2\/posts\/38321\/revisions"}],"wp:featuredmedia":[{"embeddable":true,"href":"https:\/\/www.caririemacao.com\/1\/wp-json\/wp\/v2\/media\/38322"}],"wp:attachment":[{"href":"https:\/\/www.caririemacao.com\/1\/wp-json\/wp\/v2\/media?parent=38321"}],"wp:term":[{"taxonomy":"category","embeddable":true,"href":"https:\/\/www.caririemacao.com\/1\/wp-json\/wp\/v2\/categories?post=38321"},{"taxonomy":"post_tag","embeddable":true,"href":"https:\/\/www.caririemacao.com\/1\/wp-json\/wp\/v2\/tags?post=38321"}],"curies":[{"name":"wp","href":"https:\/\/api.w.org\/{rel}","templated":true}]}}