{"id":38324,"date":"2018-01-22T08:05:03","date_gmt":"2018-01-22T11:05:03","guid":{"rendered":"http:\/\/caririemacao.com\/1\/?p=38324"},"modified":"2018-01-22T08:05:03","modified_gmt":"2018-01-22T11:05:03","slug":"dupla-e-presa-tentando-arrombar-caixas-eletronicos-em-santa-rita-na-grande-joao-pessoa","status":"publish","type":"post","link":"https:\/\/www.caririemacao.com\/1\/2018\/01\/22\/dupla-e-presa-tentando-arrombar-caixas-eletronicos-em-santa-rita-na-grande-joao-pessoa\/","title":{"rendered":"Dupla \u00e9 presa tentando arrombar caixas eletr\u00f4nicos em Santa Rita, na Grande Jo\u00e3o Pessoa"},"content":{"rendered":"<p class=\"content-text__container theme-color-primary-first-letter\" data-track-category=\"Link no Texto\" data-track-links=\"\">Dois homens foram presos suspeitos de invadirem uma ag\u00eancia banc\u00e1ria e tentarem violar caixas eletr\u00f4nicos em Santa Rita na noite de s\u00e1bado (20). De acordo com a Pol\u00edcia Militar, respons\u00e1vel pela pris\u00e3o, a dupla havia invadido o local quando foi flagrado pelo sistema de seguran\u00e7a do estabelecimento. A PM foi acionada e conseguiu cercar a ag\u00eancia e prender os dois suspeitos.<\/p>\n<div class=\"mc-column content-text active-extra-styles \" data-block-type=\"unstyled\" data-block-weight=\"64\" data-block-id=\"3\">\n<p class=\"content-text__container \" data-track-category=\"Link no Texto\" data-track-links=\"\">Equipes do Batalh\u00e3o de Opera\u00e7\u00f5es Especiais (Bope) da Pol\u00edcia Militar, que estavam em Santa Rita em uma outra opera\u00e7\u00e3o, Risco Zero, foram deslocadas para o banco e fizeram um cerco \u00e0 ag\u00eancia. Os suspeitos foram presos quando tentavam fugir do local. A PM apreendeu com a dupla v\u00e1rias ferramentas usadas para a arrombar a ag\u00eancia e um carro com placas do estado do Maranh\u00e3o.<\/p>\n<div class=\"mc-column content-text active-extra-styles \" data-block-type=\"unstyled\" data-block-weight=\"60\" data-block-id=\"4\">\n<p class=\"content-text__container \" data-track-category=\"Link no Texto\" data-track-links=\"\">De acordo com o major Benevides, da Pol\u00edcia Militar, respons\u00e1vel pela a\u00e7\u00e3o que resultou na pris\u00e3o da dupla, um dos presos \u00e9 do Maranh\u00e3o, chegou a apresentar uma identidade falsa e responde por envolvimento em roubos a bancos. O major explicou que os assaltantes abriram um buraco na parede de tr\u00e1s do banco para ter acesso ao interior do estabelecimento.<\/p>\n<p class=\"content-text__container \" data-track-category=\"Link no Texto\" data-track-links=\"\">\u201cDeterminei que fossem por tr\u00e1s do banco, que tem uma casa abandonada e ao chegar no local presenciamos que os arames farpados do muro do banco tinham sido cortados e que a parede de tr\u00e1s do banco estava arrombada. A partir disso, come\u00e7amos a avisar os suspeitos que eles se entregassem, foi quando eles foram at\u00e9 a entrada da ag\u00eancia\u201d, explicou o major.<\/p>\n<div class=\"mc-column content-text active-extra-styles \" data-block-type=\"unstyled\" data-block-weight=\"62\" data-block-id=\"8\">\n<p class=\"content-text__container \" data-track-category=\"Link no Texto\" data-track-links=\"\">Tr\u00eas rev\u00f3lveres foram encontrados com a dupla, mas segundo o major Benevides, as armas eram dos vigilantes do banco. Os rev\u00f3lveres estavam guardados em um cofre e os assaltantes iriam roubar tamb\u00e9m as tr\u00eas armas de fogo. \u201cEles arrombaram o cofre e colocaram as armas que estavam dentro dele em um cesto de lixo. Tamb\u00e9m iam levar os rev\u00f3lveres\u201d, completou major Benevides.<\/p>\n<div class=\"mc-column content-text active-extra-styles \" data-block-type=\"unstyled\" data-block-weight=\"27\" data-block-id=\"9\">\n<p class=\"content-text__container \" data-track-category=\"Link no Texto\" data-track-links=\"\">Os suspeitos, de 33 e 35 anos, foram encaminhados para 6\u00aa Delegacia Distrital, em Santa Rita. O material apreendido pela pol\u00edcia tamb\u00e9m foi levado para a delegacia.<\/p>\n<p><strong>CARIRI EM A\u00c7\u00c3O<\/strong><\/p>\n<p><em>Com\u00a0G1 \/Foto:\u00a0G1<\/em><\/p>\n<p><strong>Leia mais not\u00edcias em\u00a0<\/strong><a href=\"http:\/\/www.caririemacao.com\/\"><strong>caririemacao.com<\/strong><\/a><strong>, siga nossa p\u00e1gina no\u00a0<\/strong><a href=\"https:\/\/www.facebook.com\/CaririEmAcao\/?ref=aymt_homepage_panel\"><strong>Facebook<\/strong><\/a>,<strong>\u00a0<\/strong><a href=\"https:\/\/www.instagram.com\/cariri_em_acao\/?hl=pt-br\"><strong>Instagram<\/strong><\/a><strong>\u00a0e\u00a0<\/strong><a href=\"https:\/\/www.youtube.com\/channel\/UCAptA0jQuYQy8vMhLt2m4qg\"><strong>Youtube<\/strong><\/a><strong>\u00a0e veja nossas mat\u00e9rias, v\u00eddeos e fotos. Voc\u00ea tamb\u00e9m pode enviar informa\u00e7\u00f5es \u00e0 Reda\u00e7\u00e3o do Portal Cariri em A\u00e7\u00e3o pelo WhatsApp (83) 9 9634.5791, (83) 9 9601-1162.<\/strong><\/p>\n<\/div>\n<\/div>\n<\/div>\n<\/div>\n","protected":false},"excerpt":{"rendered":"<p>Dois homens foram presos suspeitos de invadirem uma ag\u00eancia banc\u00e1ria e tentarem violar caixas eletr\u00f4nicos em Santa Rita na noite de s\u00e1bado (20). De acordo&hellip; <\/p>\n","protected":false},"author":2,"featured_media":38325,"comment_status":"closed","ping_status":"closed","sticky":false,"template":"","format":"standard","meta":{"sfsi_plus_gutenberg_text_before_share":"","sfsi_plus_gutenberg_show_text_before_share":"","sfsi_plus_gutenberg_icon_type":"","sfsi_plus_gutenberg_icon_alignemt":"","sfsi_plus_gutenburg_max_per_row":"","footnotes":""},"categories":[12],"tags":[],"class_list":["post-38324","post","type-post","status-publish","format-standard","has-post-thumbnail","hentry","category-policia"],"_links":{"self":[{"href":"https:\/\/www.caririemacao.com\/1\/wp-json\/wp\/v2\/posts\/38324","targetHints":{"allow":["GET"]}}],"collection":[{"href":"https:\/\/www.caririemacao.com\/1\/wp-json\/wp\/v2\/posts"}],"about":[{"href":"https:\/\/www.caririemacao.com\/1\/wp-json\/wp\/v2\/types\/post"}],"author":[{"embeddable":true,"href":"https:\/\/www.caririemacao.com\/1\/wp-json\/wp\/v2\/users\/2"}],"replies":[{"embeddable":true,"href":"https:\/\/www.caririemacao.com\/1\/wp-json\/wp\/v2\/comments?post=38324"}],"version-history":[{"count":0,"href":"https:\/\/www.caririemacao.com\/1\/wp-json\/wp\/v2\/posts\/38324\/revisions"}],"wp:featuredmedia":[{"embeddable":true,"href":"https:\/\/www.caririemacao.com\/1\/wp-json\/wp\/v2\/media\/38325"}],"wp:attachment":[{"href":"https:\/\/www.caririemacao.com\/1\/wp-json\/wp\/v2\/media?parent=38324"}],"wp:term":[{"taxonomy":"category","embeddable":true,"href":"https:\/\/www.caririemacao.com\/1\/wp-json\/wp\/v2\/categories?post=38324"},{"taxonomy":"post_tag","embeddable":true,"href":"https:\/\/www.caririemacao.com\/1\/wp-json\/wp\/v2\/tags?post=38324"}],"curies":[{"name":"wp","href":"https:\/\/api.w.org\/{rel}","templated":true}]}}