{"id":38327,"date":"2018-01-22T08:11:21","date_gmt":"2018-01-22T11:11:21","guid":{"rendered":"http:\/\/caririemacao.com\/1\/?p=38327"},"modified":"2018-01-22T08:11:21","modified_gmt":"2018-01-22T11:11:21","slug":"brasil-o-pais-da-inflacao-oficial-baixa-e-dos-produtos-e-servicos-caros","status":"publish","type":"post","link":"https:\/\/www.caririemacao.com\/1\/2018\/01\/22\/brasil-o-pais-da-inflacao-oficial-baixa-e-dos-produtos-e-servicos-caros\/","title":{"rendered":"Brasil: o pa\u00eds da infla\u00e7\u00e3o oficial baixa e dos produtos e servi\u00e7os caros"},"content":{"rendered":"<p>A infla\u00e7\u00e3o oficial do pa\u00eds, o \u00cdndice Nacional de Pre\u00e7os ao Consumidor Amplo (IPCA), calculado pelo IBGE, ficou em 2,95% em 2017, o menor n\u00edvel desde 1998 (1,65%). Num primeiro momento, pode parecer uma boa not\u00edcia, pois o \u00edndice caiu ap\u00f3s anos de altas significativas (acima de 4,5% desde 2009). O governo comemora bastante e faz disso seu marketing. S\u00f3 que infla\u00e7\u00e3o em baixa n\u00e3o \u00e9 sin\u00f4nimo de pre\u00e7os caindo. O que pesa no bolso do consumidor s\u00e3o os valores de produtos que v\u00eam sustentando altas h\u00e1 anos e, apesar do aumento menor em 2017, continuaram subindo. Para esses produtos baratearem, o pa\u00eds precisaria de uma defla\u00e7\u00e3o ou ganhos reais nos sal\u00e1rios dos trabalhadores para recompor o poder aquisitivo da popula\u00e7\u00e3o.<\/p>\n<div>E isso n\u00e3o vem acontecendo. Quem ganha um sal\u00e1rio m\u00ednimo vai come\u00e7ar 2018 sem conseguir compensar a alta nos pre\u00e7os do ano anterior. Afinal, o reajuste de 1,81%, o menor em 24 anos, que garantiu um sal\u00e1rio de R$ 954, foi menor que a infla\u00e7\u00e3o do ano passado. \u201cIsso significa menor poder de compra\u201d, observa a economista do Departamento Intersindical de Estat\u00edstica e Estudos Socioecon\u00f4micos (Dieese) Patr\u00edcia Lino Costa.<\/div>\n<div><\/div>\n<div>Agora, para quem conseguiu manter o dinheiro na poupan\u00e7a, a taxa de infla\u00e7\u00e3o foi favor\u00e1vel. De acordo com o Banco Central, o rendimento nominal da aplica\u00e7\u00e3o no acumulado no ano passado atingiu 6,8%. O ganho real da poupan\u00e7a, descontada a infla\u00e7\u00e3o do per\u00edodo, ficou em 3,9%, o maior desde 2006, conforme c\u00e1lculos da Confedera\u00e7\u00e3o Nacional do Com\u00e9rcio (CNC).<\/div>\n<div><\/div>\n<div>Se para os poupadores o desempenho da infla\u00e7\u00e3o foi favor\u00e1vel, e embora 2,95% de infla\u00e7\u00e3o pare\u00e7a uma taxa baixa, nas ruas, a sensa\u00e7\u00e3o entre as pessoas \u00e9 que a taxa, na realidade, \u00e9 bem maior. No pa\u00eds da infla\u00e7\u00e3o abaixo do piso da meta (4,5% a ano), o que ocorre pela primeira vez desde que o sistema de metas foi implantado em 1999, h\u00e1 altas que assustam e pesam no dia a dia das pessoas, como o botij\u00e3o de g\u00e1s, com eleva\u00e7\u00e3o de 16% em 2017, planos de sa\u00fade, com aumento de 13,53%, al\u00e9m de energia el\u00e9trica residencial, que teve acr\u00e9scimo de 10,35%. A gasolina sofreu incremento de 10,32%.<\/div>\n<div><\/div>\n<div>Para o mec\u00e2nico Thiago Jos\u00e9 Silva, os itens que mais pesaram no or\u00e7amento no ano passado foram os gastos com combust\u00edvel e g\u00e1s. \u201cO pior \u00e9 que a renda n\u00e3o acompanha essas altas\u201d, reclama. Ele afirma que a percep\u00e7\u00e3o da infla\u00e7\u00e3o depende do tipo de consumo e da renda da pessoa. \u201cPara mim, a infla\u00e7\u00e3o ficou acima dos 2,95%\u201d, diz.<\/div>\n<div><\/div>\n<div>A percep\u00e7\u00e3o da infla\u00e7\u00e3o est\u00e1 relacionada com o tipo de produtos e servi\u00e7os que a pessoa consome, observa o coordenador do curso de economia do Ibmec\/MG, M\u00e1rcio Salvato. Ele explica que o IPCA abrange fam\u00edlias com renda entre um e 40 sal\u00e1rios m\u00ednimos. \u201cNa realidade, a cesta de consumo de uma fam\u00edlia que vive com um sal\u00e1rio m\u00ednimo \u00e9 totalmente diferente de uma com 40 sal\u00e1rios. Logo, a percep\u00e7\u00e3o entre essas fam\u00edlias \u00e9 diferente\u201d, diz. Ele ressalta que uma pessoa que tem carro e o utiliza com frequ\u00eancia vai sentir o aumento dos combust\u00edveis. \u201cAgora, numa fam\u00edlia que n\u00e3o tem carro, vai ter outra percep\u00e7\u00e3o, como transporte p\u00fablico. Vai reclamar, ainda, muito mais do g\u00e1s ou da alta de algum alimento\u201d, diz.<\/div>\n<div>\n<p><strong>CARIRI EM A\u00c7\u00c3O<\/strong><\/p>\n<p><em>Com Vitrine do Cariri \/Foto:\u00a0Vitrine do Cariri<\/em><\/p>\n<p><strong>Leia mais not\u00edcias em\u00a0<\/strong><a href=\"http:\/\/www.caririemacao.com\/\"><strong>caririemacao.com<\/strong><\/a><strong>, siga nossa p\u00e1gina no\u00a0<\/strong><a href=\"https:\/\/www.facebook.com\/CaririEmAcao\/?ref=aymt_homepage_panel\"><strong>Facebook<\/strong><\/a>,<strong>\u00a0<\/strong><a href=\"https:\/\/www.instagram.com\/cariri_em_acao\/?hl=pt-br\"><strong>Instagram<\/strong><\/a><strong>\u00a0e\u00a0<\/strong><a href=\"https:\/\/www.youtube.com\/channel\/UCAptA0jQuYQy8vMhLt2m4qg\"><strong>Youtube<\/strong><\/a><strong>\u00a0e veja nossas mat\u00e9rias, v\u00eddeos e fotos. Voc\u00ea tamb\u00e9m pode enviar informa\u00e7\u00f5es \u00e0 Reda\u00e7\u00e3o do Portal Cariri em A\u00e7\u00e3o pelo WhatsApp (83) 9 9634.5791, (83) 9 9601-1162.<\/strong><\/p>\n<\/div>\n","protected":false},"excerpt":{"rendered":"<p>A infla\u00e7\u00e3o oficial do pa\u00eds, o \u00cdndice Nacional de Pre\u00e7os ao Consumidor Amplo (IPCA), calculado pelo IBGE, ficou em 2,95% em 2017, o menor n\u00edvel&hellip; <\/p>\n","protected":false},"author":2,"featured_media":38328,"comment_status":"closed","ping_status":"closed","sticky":false,"template":"","format":"standard","meta":{"sfsi_plus_gutenberg_text_before_share":"","sfsi_plus_gutenberg_show_text_before_share":"","sfsi_plus_gutenberg_icon_type":"","sfsi_plus_gutenberg_icon_alignemt":"","sfsi_plus_gutenburg_max_per_row":"","footnotes":""},"categories":[2],"tags":[],"class_list":["post-38327","post","type-post","status-publish","format-standard","has-post-thumbnail","hentry","category-geral"],"_links":{"self":[{"href":"https:\/\/www.caririemacao.com\/1\/wp-json\/wp\/v2\/posts\/38327","targetHints":{"allow":["GET"]}}],"collection":[{"href":"https:\/\/www.caririemacao.com\/1\/wp-json\/wp\/v2\/posts"}],"about":[{"href":"https:\/\/www.caririemacao.com\/1\/wp-json\/wp\/v2\/types\/post"}],"author":[{"embeddable":true,"href":"https:\/\/www.caririemacao.com\/1\/wp-json\/wp\/v2\/users\/2"}],"replies":[{"embeddable":true,"href":"https:\/\/www.caririemacao.com\/1\/wp-json\/wp\/v2\/comments?post=38327"}],"version-history":[{"count":0,"href":"https:\/\/www.caririemacao.com\/1\/wp-json\/wp\/v2\/posts\/38327\/revisions"}],"wp:featuredmedia":[{"embeddable":true,"href":"https:\/\/www.caririemacao.com\/1\/wp-json\/wp\/v2\/media\/38328"}],"wp:attachment":[{"href":"https:\/\/www.caririemacao.com\/1\/wp-json\/wp\/v2\/media?parent=38327"}],"wp:term":[{"taxonomy":"category","embeddable":true,"href":"https:\/\/www.caririemacao.com\/1\/wp-json\/wp\/v2\/categories?post=38327"},{"taxonomy":"post_tag","embeddable":true,"href":"https:\/\/www.caririemacao.com\/1\/wp-json\/wp\/v2\/tags?post=38327"}],"curies":[{"name":"wp","href":"https:\/\/api.w.org\/{rel}","templated":true}]}}