{"id":38330,"date":"2018-01-22T08:13:20","date_gmt":"2018-01-22T11:13:20","guid":{"rendered":"http:\/\/caririemacao.com\/1\/?p=38330"},"modified":"2018-01-22T08:13:20","modified_gmt":"2018-01-22T11:13:20","slug":"adolescente-morre-e-jovem-fica-ferido-em-tiroteio-no-sertao","status":"publish","type":"post","link":"https:\/\/www.caririemacao.com\/1\/2018\/01\/22\/adolescente-morre-e-jovem-fica-ferido-em-tiroteio-no-sertao\/","title":{"rendered":"Adolescente morre e jovem fica ferido em tiroteio no Sert\u00e3o"},"content":{"rendered":"<p>Um adolescente de 17 anos morreu e um jovem, de 22 anos, ficou ferido em um tiroteio na noite deste domingo (21), na cidade de S\u00e3o Jos\u00e9 de Piranhas, no sert\u00e3o Paraibano. De acordo com a Pol\u00edcia Militar, o crime ocorreu por volta das 20h (hor\u00e1rio local) no bairro de S\u00e3o Sebasti\u00e3o.<\/p>\n<p>Ainda conforme relato repassada \u00e0 pol\u00edcia, a v\u00edtima que morreu estava caminhando na rua com um outro jovem quando dois homens em uma motocicleta se aproximaram e atiraram v\u00e1rias vezes. Pelo menos quatro tiros atingiram os dois jovens.<\/p>\n<p>O jovem de 17 anos n\u00e3o resistiu aos ferimentos e morreu no local. A outra v\u00edtima foi atingida no bra\u00e7o, mas foi socorrido e passa bem. A Pol\u00edcia Militar informou o que teria motivado o crime, at\u00e9 as 7h desta segunda-feira (22) nenhum suspeito foi preso.<\/p>\n<p><strong>CARIRI EM A\u00c7\u00c3O<\/strong><\/p>\n<p><em>Com G1 \/Foto: Reprodu\u00e7\u00e3o google<\/em><\/p>\n<p><strong>Leia mais not\u00edcias em\u00a0<\/strong><a href=\"http:\/\/www.caririemacao.com\/\"><strong>caririemacao.com<\/strong><\/a><strong>, siga nossa p\u00e1gina no\u00a0<\/strong><a href=\"https:\/\/www.facebook.com\/CaririEmAcao\/?ref=aymt_homepage_panel\"><strong>Facebook<\/strong><\/a>,<strong>\u00a0<\/strong><a href=\"https:\/\/www.instagram.com\/cariri_em_acao\/?hl=pt-br\"><strong>Instagram<\/strong><\/a><strong>\u00a0e\u00a0<\/strong><a href=\"https:\/\/www.youtube.com\/channel\/UCAptA0jQuYQy8vMhLt2m4qg\"><strong>Youtube<\/strong><\/a><strong>\u00a0e veja nossas mat\u00e9rias, v\u00eddeos e fotos. Voc\u00ea tamb\u00e9m pode enviar informa\u00e7\u00f5es \u00e0 Reda\u00e7\u00e3o do Portal Cariri em A\u00e7\u00e3o pelo WhatsApp (83) 9 9634.5791, (83) 9 9601-1162.<\/strong><\/p>\n","protected":false},"excerpt":{"rendered":"<p>Um adolescente de 17 anos morreu e um jovem, de 22 anos, ficou ferido em um tiroteio na noite deste domingo (21), na cidade de&hellip; <\/p>\n","protected":false},"author":2,"featured_media":37820,"comment_status":"closed","ping_status":"closed","sticky":false,"template":"","format":"standard","meta":{"sfsi_plus_gutenberg_text_before_share":"","sfsi_plus_gutenberg_show_text_before_share":"","sfsi_plus_gutenberg_icon_type":"","sfsi_plus_gutenberg_icon_alignemt":"","sfsi_plus_gutenburg_max_per_row":"","footnotes":""},"categories":[12],"tags":[],"class_list":["post-38330","post","type-post","status-publish","format-standard","has-post-thumbnail","hentry","category-policia"],"_links":{"self":[{"href":"https:\/\/www.caririemacao.com\/1\/wp-json\/wp\/v2\/posts\/38330","targetHints":{"allow":["GET"]}}],"collection":[{"href":"https:\/\/www.caririemacao.com\/1\/wp-json\/wp\/v2\/posts"}],"about":[{"href":"https:\/\/www.caririemacao.com\/1\/wp-json\/wp\/v2\/types\/post"}],"author":[{"embeddable":true,"href":"https:\/\/www.caririemacao.com\/1\/wp-json\/wp\/v2\/users\/2"}],"replies":[{"embeddable":true,"href":"https:\/\/www.caririemacao.com\/1\/wp-json\/wp\/v2\/comments?post=38330"}],"version-history":[{"count":0,"href":"https:\/\/www.caririemacao.com\/1\/wp-json\/wp\/v2\/posts\/38330\/revisions"}],"wp:featuredmedia":[{"embeddable":true,"href":"https:\/\/www.caririemacao.com\/1\/wp-json\/wp\/v2\/media\/37820"}],"wp:attachment":[{"href":"https:\/\/www.caririemacao.com\/1\/wp-json\/wp\/v2\/media?parent=38330"}],"wp:term":[{"taxonomy":"category","embeddable":true,"href":"https:\/\/www.caririemacao.com\/1\/wp-json\/wp\/v2\/categories?post=38330"},{"taxonomy":"post_tag","embeddable":true,"href":"https:\/\/www.caririemacao.com\/1\/wp-json\/wp\/v2\/tags?post=38330"}],"curies":[{"name":"wp","href":"https:\/\/api.w.org\/{rel}","templated":true}]}}