{"id":38332,"date":"2018-01-22T08:24:43","date_gmt":"2018-01-22T11:24:43","guid":{"rendered":"http:\/\/caririemacao.com\/1\/?p=38332"},"modified":"2018-01-22T08:24:43","modified_gmt":"2018-01-22T11:24:43","slug":"equipe-tecnica-do-vasco-da-gama-chega-a-monteiro-nesta-segunda-feira","status":"publish","type":"post","link":"https:\/\/www.caririemacao.com\/1\/2018\/01\/22\/equipe-tecnica-do-vasco-da-gama-chega-a-monteiro-nesta-segunda-feira\/","title":{"rendered":"Equipe t\u00e9cnica do Vasco da Gama chega a Monteiro nesta segunda-feira"},"content":{"rendered":"<p>A equipe t\u00e9cnica do Clube de Regatas Vasco da Gama do Rio de Janeiro chega \u00e0 cidade de Monteiro nesta segunda-feira, 22, para realizarem uma grande avalia\u00e7\u00e3o t\u00e9cnica com atletas monteirenses e de toda regi\u00e3o do Cariri paraibano e cidades do vizinho estado de Pernambuco.<\/p>\n<p>Comandada pelo observador t\u00e9cnico Ad\u00edlio Gomes, a comiss\u00e3o t\u00e9cnica do Vasco da Gama far\u00e1 uma sele\u00e7\u00e3o de atletas no Est\u00e1dio Feitos\u00e3o, observando os seguintes crit\u00e9rios: na quarta-feira, 24, os atletas nascidos entre 2003 e 2008 poder\u00e3o participar do processo seletivo a partir das 08h:00, enquanto que na quinta-feira, 25, ser\u00e1 a vez dos atletas nascidos entre 1999 e 2002.<\/p>\n<p>Para participar do processo seletivo, cada atleta dever\u00e1 pagar uma taxa de inscri\u00e7\u00e3o no valor de R$ 20 e os atletas t\u00eam que levar seu material esportivo. A taxa dever\u00e1 ser paga no local da sele\u00e7\u00e3o.<\/p>\n<p>Os atletas selecionados pela comiss\u00e3o t\u00e9cnica do Vasco da Gama passar\u00e3o por um per\u00edodo de treinamento pelo per\u00edodo de 90 dias na cidade de Campina Grande, e, caso sejam aprovados ser\u00e3o selecionados para integrarem o elenco de base do clube carioca no Rio de Janeiro.<\/p>\n<p>O munic\u00edpio de Monteiro foi selecionado gra\u00e7as a repercuss\u00e3o da I Copa Dr. Chico de Futebol e o apoio log\u00edstico que a prefeita Anna Lorena est\u00e1 oferecendo para que os atletas monteirenses desfrutem desta oportunidade de mostrar seus talentos para um dos grandes clubes de futebol do Brasil.<\/p>\n<p>Neste final de semana o secret\u00e1rio de Esportes, Rostand Chaves e o vice-prefeito Celecileno Alves, estiveram na cidade de Campina<\/p>\n<p>Grande, oportunidade que acompanharam a sele\u00e7\u00e3o realizada na Rainha da Borborema.<\/p>\n<p>\u201cEstivemos com os representantes da comiss\u00e3o t\u00e9cnica do Vasco da Gama para darmos as boas vindas em nome da prefeita Anna Lorena e presenciamos o sucesso desta oportunidade que o Vasco da Gama est\u00e1 oferecendo aos jogadores paraibanos\u201d, disse o secret\u00e1rio de Esportes do munic\u00edpio de Monteiro Rostand Chaves.<\/p>\n<p>Os atletas interessados podem obter informa\u00e7\u00f5es atrav\u00e9s dos telefones (83) 98762 8563 ou (83) 99984 9725. O evento \u00e9 uma iniciativa do Clube de Regatas Vasco da Gama e tem o apoio log\u00edstico da Prefeitura de Monteiro.<\/p>\n<p><strong>CARIRI EM A\u00c7\u00c3O<\/strong><\/p>\n<p><em>Com Cariri Ligado \/Foto: Reprodu\u00e7\u00e3o google<\/em><\/p>\n<p><strong>Leia mais not\u00edcias em\u00a0<\/strong><a href=\"http:\/\/www.caririemacao.com\/\"><strong>caririemacao.com<\/strong><\/a><strong>, siga nossa p\u00e1gina no\u00a0<\/strong><a href=\"https:\/\/www.facebook.com\/CaririEmAcao\/?ref=aymt_homepage_panel\"><strong>Facebook<\/strong><\/a>,<strong>\u00a0<\/strong><a href=\"https:\/\/www.instagram.com\/cariri_em_acao\/?hl=pt-br\"><strong>Instagram<\/strong><\/a><strong>\u00a0e\u00a0<\/strong><a href=\"https:\/\/www.youtube.com\/channel\/UCAptA0jQuYQy8vMhLt2m4qg\"><strong>Youtube<\/strong><\/a><strong>\u00a0e veja nossas mat\u00e9rias, v\u00eddeos e fotos. Voc\u00ea tamb\u00e9m pode enviar informa\u00e7\u00f5es \u00e0 Reda\u00e7\u00e3o do Portal Cariri em A\u00e7\u00e3o pelo WhatsApp (83) 9 9634.5791, (83) 9 9601-1162.<\/strong><\/p>\n<p>&nbsp;<\/p>\n","protected":false},"excerpt":{"rendered":"<p>A equipe t\u00e9cnica do Clube de Regatas Vasco da Gama do Rio de Janeiro chega \u00e0 cidade de Monteiro nesta segunda-feira, 22, para realizarem uma&hellip; <\/p>\n","protected":false},"author":2,"featured_media":38333,"comment_status":"closed","ping_status":"closed","sticky":false,"template":"","format":"standard","meta":{"sfsi_plus_gutenberg_text_before_share":"","sfsi_plus_gutenberg_show_text_before_share":"","sfsi_plus_gutenberg_icon_type":"","sfsi_plus_gutenberg_icon_alignemt":"","sfsi_plus_gutenburg_max_per_row":"","footnotes":""},"categories":[13],"tags":[],"class_list":["post-38332","post","type-post","status-publish","format-standard","has-post-thumbnail","hentry","category-esportes"],"_links":{"self":[{"href":"https:\/\/www.caririemacao.com\/1\/wp-json\/wp\/v2\/posts\/38332","targetHints":{"allow":["GET"]}}],"collection":[{"href":"https:\/\/www.caririemacao.com\/1\/wp-json\/wp\/v2\/posts"}],"about":[{"href":"https:\/\/www.caririemacao.com\/1\/wp-json\/wp\/v2\/types\/post"}],"author":[{"embeddable":true,"href":"https:\/\/www.caririemacao.com\/1\/wp-json\/wp\/v2\/users\/2"}],"replies":[{"embeddable":true,"href":"https:\/\/www.caririemacao.com\/1\/wp-json\/wp\/v2\/comments?post=38332"}],"version-history":[{"count":0,"href":"https:\/\/www.caririemacao.com\/1\/wp-json\/wp\/v2\/posts\/38332\/revisions"}],"wp:featuredmedia":[{"embeddable":true,"href":"https:\/\/www.caririemacao.com\/1\/wp-json\/wp\/v2\/media\/38333"}],"wp:attachment":[{"href":"https:\/\/www.caririemacao.com\/1\/wp-json\/wp\/v2\/media?parent=38332"}],"wp:term":[{"taxonomy":"category","embeddable":true,"href":"https:\/\/www.caririemacao.com\/1\/wp-json\/wp\/v2\/categories?post=38332"},{"taxonomy":"post_tag","embeddable":true,"href":"https:\/\/www.caririemacao.com\/1\/wp-json\/wp\/v2\/tags?post=38332"}],"curies":[{"name":"wp","href":"https:\/\/api.w.org\/{rel}","templated":true}]}}