{"id":38339,"date":"2018-01-22T11:59:18","date_gmt":"2018-01-22T14:59:18","guid":{"rendered":"http:\/\/caririemacao.com\/1\/?p=38339"},"modified":"2018-01-22T11:59:18","modified_gmt":"2018-01-22T14:59:18","slug":"rombo-da-previdencia-sobe-para-r-2688-bilhoes-em-2017","status":"publish","type":"post","link":"https:\/\/www.caririemacao.com\/1\/2018\/01\/22\/rombo-da-previdencia-sobe-para-r-2688-bilhoes-em-2017\/","title":{"rendered":"Rombo da Previd\u00eancia sobe para R$ 268,8 bilh\u00f5es em 2017"},"content":{"rendered":"<div class=\"mc-column content-text active-extra-styles active-capital-letter\" data-block-type=\"unstyled\" data-block-weight=\"42\" data-block-id=\"2\">\n<p class=\"content-text__container theme-color-primary-first-letter\" data-track-category=\"Link no Texto\" data-track-links=\"\">O governo informou nesta segunda-feira (22) que atingiu\u00a0R$ 268,79 bilh\u00f5es\u00a0em 2017 o d\u00e9ficit somado do Instituto Nacional do Seguro Social (INSS), sistema p\u00fablico que atende aos trabalhadores do setor privado, e dos Regimes Pr\u00f3prios dos Servidores P\u00fablicos (RPPS) da Uni\u00e3o.<\/p>\n<\/div>\n<div class=\"mc-column content-text active-extra-styles \" data-block-type=\"unstyled\" data-block-weight=\"45\" data-block-id=\"3\">\n<p class=\"content-text__container \" data-track-category=\"Link no Texto\" data-track-links=\"\">Segundo n\u00fameros da Secretaria da Previd\u00eancia do Minist\u00e9rio da Fazenda, o rombo \u00e9\u00a018,5% maior<strong>\u00a0<\/strong>que o registrado em 2016, quando somou R$ 226,88 bilh\u00f5es. A piora foi de R$ 41,91 bilh\u00f5es. O valor do rombo, no ano passado, foi o\u00a0maior da s\u00e9rie hist\u00f3rica.<\/p>\n<p class=\"content-text__container \" data-track-category=\"Link no Texto\" data-track-links=\"\">Somente no INSS o rombo subiu de R$ 149,73 bilh\u00f5es, em 2016 (2,4% do PIB), para\u00a0R$ 182,45 bilh\u00f5es<strong>\u00a0<\/strong>no ano passado (2,8% do PIB), um crescimento de 21,8%, ou de R$ 32,71 bilh\u00f5es.<\/p>\n<\/div>\n<div class=\"show-chart mc-column content-media content-media--normal\">\n<div class=\"show-chart__credits\"><\/div>\n<\/div>\n<div class=\"mc-column content-text active-extra-styles \" data-block-type=\"unstyled\" data-block-weight=\"45\" data-block-id=\"5\">\n<p class=\"content-text__container \" data-track-category=\"Link no Texto\" data-track-links=\"\">O Minist\u00e9rio da Fazenda informou que a maior parte do d\u00e9ficit do INSS registrado no \u00faltimo ano est\u00e1 relacionado com a Previd\u00eancia Rural que, sozinha, respondeu a um resultado negativo de R$ 111,6 bilh\u00f5es, contra R$ 107,2 bilh\u00f5es em 2016, alta de 4,1% no rombo.<\/p>\n<\/div>\n<div class=\"mc-column content-text active-extra-styles \" data-block-type=\"unstyled\" data-block-weight=\"32\" data-block-id=\"6\">\n<p class=\"content-text__container \" data-track-category=\"Link no Texto\" data-track-links=\"\">A previd\u00eancia dos trabalhadores urbanos tamb\u00e9m registrou d\u00e9ficit no ano passado, de R$ 72,31 bilh\u00f5es. Houve, com isso, um crescimento de 51,3% no resultado negativo, que somou R$ 47,8 bilh\u00f5es em 2016.<\/p>\n<\/div>\n<div class=\"mc-column content-text active-extra-styles \" data-block-type=\"unstyled\" data-block-weight=\"35\" data-block-id=\"7\">\n<p class=\"content-text__container \" data-track-category=\"Link no Texto\" data-track-links=\"\">Para 2018, a expectativa do governo \u00e9 de um novo crescimento no rombo do INSS. A previs\u00e3o que consta no or\u00e7amento j\u00e1 aprovado pelo Congresso Nacional \u00e9 de um resultado negativo de R$ 192,84 bilh\u00f5es.<\/p>\n<\/div>\n<div class=\"content-ads content-ads--reveal\" data-block-type=\"ads\" data-block-id=\"8\">\u00a0Servidores da Uni\u00e3o<\/div>\n<div class=\"mc-column content-text active-extra-styles \" data-block-type=\"unstyled\" data-block-weight=\"35\" data-block-id=\"10\">\n<p class=\"content-text__container \" data-track-category=\"Link no Texto\" data-track-links=\"\">J\u00e1 para o regime pr\u00f3prio dos servidores da Uni\u00e3o, o d\u00e9ficit subiu de R$ 77,15 bilh\u00f5es, no ano retrasado, para<strong>\u00a0<\/strong>R$ 86,34 bilh\u00f5es<strong>\u00a0<\/strong>em 2017 &#8211; uma alta de 11,9%, ou de R$ 9,19 bilh\u00f5es.<\/p>\n<\/div>\n<div class=\"mc-column content-text active-extra-styles \" data-block-type=\"unstyled\" data-block-weight=\"21\" data-block-id=\"11\">\n<p class=\"content-text__container \" data-track-category=\"Link no Texto\" data-track-links=\"\">O d\u00e9ficit dos regimes pr\u00f3prios dos servidores da Uni\u00e3o do ano passado, de R$ 86,34 bilh\u00f5es, se dividiu da seguinte forma:<\/p>\n<p class=\"content-text__container \" data-track-category=\"Link no Texto\" data-track-links=\"\">servidores civis: rombo de R$ 45,24 bilh\u00f5es<\/p>\n<p class=\"content-text__container \" data-track-category=\"Link no Texto\" data-track-links=\"\">servidores militares: rombo de R$ 37,68 bilh\u00f5es<\/p>\n<p class=\"content-text__container \" data-track-category=\"Link no Texto\" data-track-links=\"\">demais servidores: d\u00e9ficit de R$ 3,42 bilh\u00f5es<\/p>\n<\/div>\n<div class=\"show-chart mc-column content-media content-media--normal\">\n<div id=\"show-chart__clmai\" data-highcharts-chart=\"1\">\n<div id=\"highcharts-d8h5wes-3\" class=\"highcharts-container \"><\/div>\n<\/div>\n<\/div>\n<div class=\"mc-column content-text active-extra-styles\" data-block-type=\"raw\" data-block-weight=\"3\" data-block-id=\"13\">\n<div class=\"content-intertitle\">\n<h2><strong>Reforma da Previd\u00eancia<\/strong><\/h2>\n<\/div>\n<\/div>\n<div class=\"mc-column content-text active-extra-styles \" data-block-type=\"unstyled\" data-block-weight=\"50\" data-block-id=\"14\">\n<p class=\"content-text__container \" data-track-category=\"Link no Texto\" data-track-links=\"\">Por conta dos seguidos d\u00e9ficits bilion\u00e1rios, o governo prop\u00f4s ao Congresso uma reforma da Previd\u00eancia. A principal mudan\u00e7a proposta \u00e9 a cria\u00e7\u00e3o de uma idade m\u00ednima para assesso \u00e0 aposentadoria, o que faria com que a popula\u00e7\u00e3o contribu\u00edsse por mais tempo para o sistema e demorasse mais para se aposentar.<\/p>\n<\/div>\n<div class=\"mc-column content-text active-extra-styles \" data-block-type=\"unstyled\" data-block-weight=\"34\" data-block-id=\"15\">\n<p class=\"content-text__container \" data-track-category=\"Link no Texto\" data-track-links=\"\">O governo vem tentando sem sucesso a aprova\u00e7\u00e3o da proposta no Congresso, devido \u00e0 resist\u00eancia de parte dos parlamentares \u00e0s mudan\u00e7as, impopulares, e tamb\u00e9m devido \u00e0\u00a0crise pol\u00edtica que atinge o governo Michel Temer.<\/p>\n<\/div>\n<div class=\"mc-column content-text active-extra-styles \" data-block-type=\"unstyled\" data-block-weight=\"40\" data-block-id=\"16\">\n<p class=\"content-text__container \" data-track-category=\"Link no Texto\" data-track-links=\"\">No fim do ano passado, a equipe econ\u00f4mica retomou as discuss\u00f5es sobre a reforma da Previd\u00eancia e deu aval para\u00a0uma proposta mais enxuta, sem altera\u00e7\u00f5es na previd\u00eancia dos trabalhadores rurais e nas regras do Benef\u00edcio de Presta\u00e7\u00e3o Continuada (BPC).<\/p>\n<\/div>\n<div class=\"content-ads content-ads--reveal\" data-block-type=\"ads\" data-block-id=\"17\">O governo tem dito, por\u00e9m, que n\u00e3o abre m\u00e3o de tr\u00eas pontos:<\/div>\n<div class=\"content-ads content-ads--reveal\" data-block-type=\"ads\" data-block-id=\"17\">equiparar as regras do setor p\u00fablico e do setor privado;<\/div>\n<div class=\"content-ads content-ads--reveal\" data-block-type=\"ads\" data-block-id=\"17\">instituir uma idade m\u00ednima de aposentadoria de 65 anos para homens e de 62 anos para mulheres;<\/div>\n<div class=\"content-ads content-ads--reveal\" data-block-type=\"ads\" data-block-id=\"17\">manter uma regra de transi\u00e7\u00e3o por 20 anos (durante os quais seria poss\u00edvel se aposentar abaixo da idade m\u00ednima).<\/div>\n<div class=\"mc-column content-text active-extra-styles \" data-block-type=\"unstyled\" data-block-weight=\"46\" data-block-id=\"20\">\n<p class=\"content-text__container \" data-track-category=\"Link no Texto\" data-track-links=\"\">A expectativa do governo \u00e9 de votar essa nova proposta no plen\u00e1rio da C\u00e2mara dos Deputados no dia\u00a019 de fevereiro. O governo precisa obter 308 votos para alterar as regras previdenci\u00e1rias. Depois da C\u00e2mara, a proposta tamb\u00e9m tem de passar pelo crivo do Senado Federal.<\/p>\n<\/div>\n<div class=\"mc-column content-text active-extra-styles \" data-block-type=\"unstyled\" data-block-weight=\"31\" data-block-id=\"21\">\n<p class=\"content-text__container \" data-track-category=\"Link no Texto\" data-track-links=\"\">&#8220;O trabalho do governo \u00e9 pela aprova\u00e7\u00e3o da reforma tal como est\u00e1 na emenda aglutinativa (\u00faltima proposta)&#8221;, declarou nesta segunda o secret\u00e1rio de Previd\u00eacnia Social do Minist\u00e9rio da Fazenda, Marcelo Caetano.<\/p>\n<\/div>\n<div data-track-category=\"fim do conteudo\" data-track-action=\"ultimo chunk conteudo\" data-track-noninteraction=\"false\" data-track-scroll=\"entrada completa viewport\">\n<div class=\"mc-column content-text active-extra-styles \" data-block-type=\"unstyled\" data-block-weight=\"56\" data-block-id=\"22\">\n<p class=\"content-text__container \" data-track-category=\"Link no Texto\" data-track-links=\"\">De acordo com ele, se aprovada em fevereiro na C\u00e2mara e em mar\u00e7o no Senado, a reforma proporcionaria uma economia de R$ 5 bilh\u00f5es a R$ 6 bilh\u00f5es no ano de 2018 apenas no INSS. At\u00e9 2060, afirmou ele, a economia, em rela\u00e7\u00e3o aos valores que\u00a0seriam gastos sem a reforma, seria de R$ 500 bilh\u00f5es.<\/p>\n<p><strong>CARIRI EM A\u00c7\u00c3O<\/strong><\/p>\n<p><em>Com G1 \/Foto: Reprodu\u00e7\u00e3o google<\/em><\/p>\n<p><strong>Leia mais not\u00edcias em\u00a0<\/strong><a href=\"http:\/\/www.caririemacao.com\/\"><strong>caririemacao.com<\/strong><\/a><strong>, siga nossa p\u00e1gina no\u00a0<\/strong><a href=\"https:\/\/www.facebook.com\/CaririEmAcao\/?ref=aymt_homepage_panel\"><strong>Facebook<\/strong><\/a>,<strong>\u00a0<\/strong><a href=\"https:\/\/www.instagram.com\/cariri_em_acao\/?hl=pt-br\"><strong>Instagram<\/strong><\/a><strong>\u00a0e\u00a0<\/strong><a href=\"https:\/\/www.youtube.com\/channel\/UCAptA0jQuYQy8vMhLt2m4qg\"><strong>Youtube<\/strong><\/a><strong>\u00a0e veja nossas mat\u00e9rias, v\u00eddeos e fotos. Voc\u00ea tamb\u00e9m pode enviar informa\u00e7\u00f5es \u00e0 Reda\u00e7\u00e3o do Portal Cariri em A\u00e7\u00e3o pelo WhatsApp (83) 9 9634.5791, (83) 9 9601-1162.<\/strong><\/p>\n<\/div>\n<\/div>\n","protected":false},"excerpt":{"rendered":"<p>O governo informou nesta segunda-feira (22) que atingiu\u00a0R$ 268,79 bilh\u00f5es\u00a0em 2017 o d\u00e9ficit somado do Instituto Nacional do Seguro Social (INSS), sistema p\u00fablico que atende&hellip; <\/p>\n","protected":false},"author":2,"featured_media":4104,"comment_status":"closed","ping_status":"closed","sticky":false,"template":"","format":"standard","meta":{"sfsi_plus_gutenberg_text_before_share":"","sfsi_plus_gutenberg_show_text_before_share":"","sfsi_plus_gutenberg_icon_type":"","sfsi_plus_gutenberg_icon_alignemt":"","sfsi_plus_gutenburg_max_per_row":"","footnotes":""},"categories":[2],"tags":[],"class_list":["post-38339","post","type-post","status-publish","format-standard","has-post-thumbnail","hentry","category-geral"],"_links":{"self":[{"href":"https:\/\/www.caririemacao.com\/1\/wp-json\/wp\/v2\/posts\/38339","targetHints":{"allow":["GET"]}}],"collection":[{"href":"https:\/\/www.caririemacao.com\/1\/wp-json\/wp\/v2\/posts"}],"about":[{"href":"https:\/\/www.caririemacao.com\/1\/wp-json\/wp\/v2\/types\/post"}],"author":[{"embeddable":true,"href":"https:\/\/www.caririemacao.com\/1\/wp-json\/wp\/v2\/users\/2"}],"replies":[{"embeddable":true,"href":"https:\/\/www.caririemacao.com\/1\/wp-json\/wp\/v2\/comments?post=38339"}],"version-history":[{"count":0,"href":"https:\/\/www.caririemacao.com\/1\/wp-json\/wp\/v2\/posts\/38339\/revisions"}],"wp:featuredmedia":[{"embeddable":true,"href":"https:\/\/www.caririemacao.com\/1\/wp-json\/wp\/v2\/media\/4104"}],"wp:attachment":[{"href":"https:\/\/www.caririemacao.com\/1\/wp-json\/wp\/v2\/media?parent=38339"}],"wp:term":[{"taxonomy":"category","embeddable":true,"href":"https:\/\/www.caririemacao.com\/1\/wp-json\/wp\/v2\/categories?post=38339"},{"taxonomy":"post_tag","embeddable":true,"href":"https:\/\/www.caririemacao.com\/1\/wp-json\/wp\/v2\/tags?post=38339"}],"curies":[{"name":"wp","href":"https:\/\/api.w.org\/{rel}","templated":true}]}}