{"id":38341,"date":"2018-01-22T12:04:11","date_gmt":"2018-01-22T15:04:11","guid":{"rendered":"http:\/\/caririemacao.com\/1\/?p=38341"},"modified":"2018-01-22T12:04:11","modified_gmt":"2018-01-22T15:04:11","slug":"adolescentes-apreendidos-sao-suspeitos-de-assaltos-durante-o-fim-de-semana-em-campina-grande","status":"publish","type":"post","link":"https:\/\/www.caririemacao.com\/1\/2018\/01\/22\/adolescentes-apreendidos-sao-suspeitos-de-assaltos-durante-o-fim-de-semana-em-campina-grande\/","title":{"rendered":"Adolescentes apreendidos s\u00e3o suspeitos de assaltos durante o fim de semana em Campina Grande"},"content":{"rendered":"<p>A Pol\u00edcia Militar apreendeu, no fim da noite desse domingo (21), os tr\u00eas adolescentes que vinham sendo apontados como respons\u00e1veis por diversos assaltos a pessoas nesse fim de semana, no bairro de Bodocong\u00f3, em Campina Grande.<\/p>\n<p>Com os jovens, de 12, 14 e 16 anos, os policiais do 2\u00ba Batalh\u00e3o recuperaram quatro celulares e mais de R$ 100 roubados de estudantes e mototaxistas \u2013 principais alvos do trio. Eles usavam uma r\u00e9plica de rev\u00f3lver para praticar os roubos, objeto que tamb\u00e9m foi apreendido.<\/p>\n<p>Ainda no fim de semana, os policiais do 2\u00ba Batalh\u00e3o recuperaram mais dois carros com registros de roubos. O primeiro, no in\u00edcio da tarde do s\u00e1bado (20), foi um Toyota Corola azul (Placas QFK0834 \/ PB), no bairro de Bodocong\u00f3. O outro foi um Chevrolet Celta prata (Placas NPY3367 \/ PB), recuperado no bairro do Cruzeiro, na manh\u00e3 desse domingo (21).<\/p>\n<p>Nas a\u00e7\u00f5es realizadas no fim de semana, foi cumprido tamb\u00e9m um mandando de pris\u00e3o contra um acusado de 34 anos, no bairro do Arax\u00e1. Ele responde por roubo e estava praticando assaltos a mulheres quando foi preso.<\/p>\n<p><strong>CARIRI EM A\u00c7\u00c3O<\/strong><\/p>\n<p><em>Com Clik PB \/Foto: Reprodu\u00e7\u00e3o google<\/em><\/p>\n<p><strong>Leia mais not\u00edcias em\u00a0<\/strong><a href=\"http:\/\/www.caririemacao.com\/\"><strong>caririemacao.com<\/strong><\/a><strong>, siga nossa p\u00e1gina no\u00a0<\/strong><a href=\"https:\/\/www.facebook.com\/CaririEmAcao\/?ref=aymt_homepage_panel\"><strong>Facebook<\/strong><\/a>,<strong>\u00a0<\/strong><a href=\"https:\/\/www.instagram.com\/cariri_em_acao\/?hl=pt-br\"><strong>Instagram<\/strong><\/a><strong>\u00a0e\u00a0<\/strong><a href=\"https:\/\/www.youtube.com\/channel\/UCAptA0jQuYQy8vMhLt2m4qg\"><strong>Youtube<\/strong><\/a><strong>\u00a0e veja nossas mat\u00e9rias, v\u00eddeos e fotos. Voc\u00ea tamb\u00e9m pode enviar informa\u00e7\u00f5es \u00e0 Reda\u00e7\u00e3o do Portal Cariri em A\u00e7\u00e3o pelo WhatsApp (83) 9 9634.5791, (83) 9 9601-1162.<\/strong><\/p>\n","protected":false},"excerpt":{"rendered":"<p>A Pol\u00edcia Militar apreendeu, no fim da noite desse domingo (21), os tr\u00eas adolescentes que vinham sendo apontados como respons\u00e1veis por diversos assaltos a pessoas&hellip; <\/p>\n","protected":false},"author":2,"featured_media":38342,"comment_status":"closed","ping_status":"closed","sticky":false,"template":"","format":"standard","meta":{"sfsi_plus_gutenberg_text_before_share":"","sfsi_plus_gutenberg_show_text_before_share":"","sfsi_plus_gutenberg_icon_type":"","sfsi_plus_gutenberg_icon_alignemt":"","sfsi_plus_gutenburg_max_per_row":"","footnotes":""},"categories":[12],"tags":[],"class_list":["post-38341","post","type-post","status-publish","format-standard","has-post-thumbnail","hentry","category-policia"],"_links":{"self":[{"href":"https:\/\/www.caririemacao.com\/1\/wp-json\/wp\/v2\/posts\/38341","targetHints":{"allow":["GET"]}}],"collection":[{"href":"https:\/\/www.caririemacao.com\/1\/wp-json\/wp\/v2\/posts"}],"about":[{"href":"https:\/\/www.caririemacao.com\/1\/wp-json\/wp\/v2\/types\/post"}],"author":[{"embeddable":true,"href":"https:\/\/www.caririemacao.com\/1\/wp-json\/wp\/v2\/users\/2"}],"replies":[{"embeddable":true,"href":"https:\/\/www.caririemacao.com\/1\/wp-json\/wp\/v2\/comments?post=38341"}],"version-history":[{"count":0,"href":"https:\/\/www.caririemacao.com\/1\/wp-json\/wp\/v2\/posts\/38341\/revisions"}],"wp:featuredmedia":[{"embeddable":true,"href":"https:\/\/www.caririemacao.com\/1\/wp-json\/wp\/v2\/media\/38342"}],"wp:attachment":[{"href":"https:\/\/www.caririemacao.com\/1\/wp-json\/wp\/v2\/media?parent=38341"}],"wp:term":[{"taxonomy":"category","embeddable":true,"href":"https:\/\/www.caririemacao.com\/1\/wp-json\/wp\/v2\/categories?post=38341"},{"taxonomy":"post_tag","embeddable":true,"href":"https:\/\/www.caririemacao.com\/1\/wp-json\/wp\/v2\/tags?post=38341"}],"curies":[{"name":"wp","href":"https:\/\/api.w.org\/{rel}","templated":true}]}}