{"id":38347,"date":"2018-01-22T14:34:35","date_gmt":"2018-01-22T17:34:35","guid":{"rendered":"http:\/\/caririemacao.com\/1\/?p=38347"},"modified":"2018-01-22T14:34:35","modified_gmt":"2018-01-22T17:34:35","slug":"sem-posse-de-cristiane-temer-anuncia-recursos-para-df-e-embarca-para-a-suica","status":"publish","type":"post","link":"https:\/\/www.caririemacao.com\/1\/2018\/01\/22\/sem-posse-de-cristiane-temer-anuncia-recursos-para-df-e-embarca-para-a-suica\/","title":{"rendered":"Sem posse de Cristiane, Temer anuncia recursos para DF e embarca para a Su\u00ed\u00e7a"},"content":{"rendered":"<p>Com isso, o \u00fanico compromisso p\u00fablico da agenda de Temer nesta segunda-feira \u00e9 o an\u00fancio de recursos para expans\u00e3o e moderniza\u00e7\u00e3o do Metr\u00f4 do Distrito Federal \u00e0s 10h no Pal\u00e1cio do Planalto. \u00c0 noite, o presidente embarca para a Su\u00ed\u00e7a, onde vai participar do F\u00f3rum Econ\u00f4mico Mundial em Davos.<\/p>\n<p>Depois de suspensa por duas semanas, a posse da deputada havia sido liberada pelo Superior Tribunal de Justi\u00e7a (STJ) no \u00faltimo s\u00e1bado, 20. O governo, ent\u00e3o, se apressou em marcar o evento para evitar novos embates jur\u00eddicos. Por\u00e9m, um grupo de advogados recorreu ao Supremo Tribunal Federal (STF) ainda no s\u00e1bado para reverter a decis\u00e3o do STJ e barrar novamente a posse, e conseguiu.<\/p>\n<p>A presidente do STF, ministra C\u00e1rmen L\u00facia, acatou parcialmente o pedido do grupo e suspendeu temporariamente a posse de Cristiane. C\u00e1rmen L\u00facia quer conhecer o inteiro teor da decis\u00e3o do STJ para, se for o caso, reexaminar sua liminar.<\/p>\n<p>Durante o recesso do STF, cabe \u00e0 ministra tomar as decis\u00f5es em casos considerados urgentes e priorit\u00e1rios, mesmo que n\u00e3o estejam sob a sua relatoria. A reclama\u00e7\u00e3o dos advogados foi distribu\u00edda eletronicamente para o ministro Gilmar Mendes.<\/p>\n<p>O grupo que recorreu ao STF para barrar a posse de Cristiane Brasil integra o Movimento dos Advogados Trabalhistas Independentes (Mati), o mesmo que foi autor da a\u00e7\u00e3o popular que impediu a posse de Cristine por duas semanas.<\/p>\n<p>Em nota divulgada nesta segunda-feira, o grupo considerou a decis\u00e3o de C\u00e1rmen L\u00facia \u201cmadura, t\u00e9cnica e consciente\u201d. \u201cA decis\u00e3o \u00e9 recebida com felicidade e tranquilidade pelo Mati que sempre confiou no Judici\u00e1rio brasileiro\u201d, cita o documento, que reitera argumento do grupo de que a deputada n\u00e3o re\u00fane as condi\u00e7\u00f5es b\u00e1sicas necess\u00e1rias para tomar posse como ministra do Trabalho, \u201cinclusive pelo desprezo \u00e0s regras trabalhistas que teria a obriga\u00e7\u00e3o de fazer cumprir\u201d.<\/p>\n<p>Cristiane, que \u00e9 deputada federal pelo PTB do Rio de Janeiro e filha de Roberto Jefferson, presidente do PTB e condenado no mensal\u00e3o, foi anunciada pelo presidente Michel Temer para assumir o Minist\u00e9rio do Trabalho em 3 de janeiro e sua nomea\u00e7\u00e3o foi confirmada no dia seguinte.<\/p>\n<p>No dia 8, por\u00e9m, o juiz federal Leonardo da Costa Couceiro, da 4\u00aa Vara Federal de Niter\u00f3i (RJ), suspendeu a posse de Cristiane, argumentando que a nomea\u00e7\u00e3o desrespeita a moralidade administrativa, pois a deputada j\u00e1 foi condenada pela Justi\u00e7a do Trabalho.<\/p>\n<p>O magistrado acatou pedido de liminar em uma das a\u00e7\u00f5es populares protocoladas na Justi\u00e7a Federal do Rio pelo movimento de advogados. A Advocacia-Geral da Uni\u00e3o (AGU), por\u00e9m, entrou com diversos recursos para resolver o impasse e, depois de sucessivas derrotas, havia conseguido no \u00faltimo s\u00e1bado a autoriza\u00e7\u00e3o do STJ para a posse, que agora voltou a ficar suspensa, por liminar do STF.<\/p>\n<p><strong>CARIRI EM A\u00c7\u00c3O<\/strong><\/p>\n<p><em>Com Bras\u00edlia de Fato\/Foto: Reprodu\u00e7\u00e3o google<\/em><\/p>\n<p><strong>Leia mais not\u00edcias em\u00a0<\/strong><a href=\"http:\/\/www.caririemacao.com\/\"><strong>caririemacao.com<\/strong><\/a><strong>, siga nossa p\u00e1gina no\u00a0<\/strong><a href=\"https:\/\/www.facebook.com\/CaririEmAcao\/?ref=aymt_homepage_panel\"><strong>Facebook<\/strong><\/a>,<strong>\u00a0<\/strong><a href=\"https:\/\/www.instagram.com\/cariri_em_acao\/?hl=pt-br\"><strong>Instagram<\/strong><\/a><strong>\u00a0e\u00a0<\/strong><a href=\"https:\/\/www.youtube.com\/channel\/UCAptA0jQuYQy8vMhLt2m4qg\"><strong>Youtube<\/strong><\/a><strong>\u00a0e veja nossas mat\u00e9rias, v\u00eddeos e fotos. Voc\u00ea tamb\u00e9m pode enviar informa\u00e7\u00f5es \u00e0 Reda\u00e7\u00e3o do Portal Cariri em A\u00e7\u00e3o pelo WhatsApp (83) 9 9634.5791, (83) 9 9601-1162.<\/strong><\/p>\n","protected":false},"excerpt":{"rendered":"<p>Com isso, o \u00fanico compromisso p\u00fablico da agenda de Temer nesta segunda-feira \u00e9 o an\u00fancio de recursos para expans\u00e3o e moderniza\u00e7\u00e3o do Metr\u00f4 do Distrito&hellip; <\/p>\n","protected":false},"author":2,"featured_media":38350,"comment_status":"closed","ping_status":"closed","sticky":false,"template":"","format":"standard","meta":{"sfsi_plus_gutenberg_text_before_share":"","sfsi_plus_gutenberg_show_text_before_share":"","sfsi_plus_gutenberg_icon_type":"","sfsi_plus_gutenberg_icon_alignemt":"","sfsi_plus_gutenburg_max_per_row":"","footnotes":""},"categories":[11],"tags":[],"class_list":["post-38347","post","type-post","status-publish","format-standard","has-post-thumbnail","hentry","category-politica"],"_links":{"self":[{"href":"https:\/\/www.caririemacao.com\/1\/wp-json\/wp\/v2\/posts\/38347","targetHints":{"allow":["GET"]}}],"collection":[{"href":"https:\/\/www.caririemacao.com\/1\/wp-json\/wp\/v2\/posts"}],"about":[{"href":"https:\/\/www.caririemacao.com\/1\/wp-json\/wp\/v2\/types\/post"}],"author":[{"embeddable":true,"href":"https:\/\/www.caririemacao.com\/1\/wp-json\/wp\/v2\/users\/2"}],"replies":[{"embeddable":true,"href":"https:\/\/www.caririemacao.com\/1\/wp-json\/wp\/v2\/comments?post=38347"}],"version-history":[{"count":0,"href":"https:\/\/www.caririemacao.com\/1\/wp-json\/wp\/v2\/posts\/38347\/revisions"}],"wp:featuredmedia":[{"embeddable":true,"href":"https:\/\/www.caririemacao.com\/1\/wp-json\/wp\/v2\/media\/38350"}],"wp:attachment":[{"href":"https:\/\/www.caririemacao.com\/1\/wp-json\/wp\/v2\/media?parent=38347"}],"wp:term":[{"taxonomy":"category","embeddable":true,"href":"https:\/\/www.caririemacao.com\/1\/wp-json\/wp\/v2\/categories?post=38347"},{"taxonomy":"post_tag","embeddable":true,"href":"https:\/\/www.caririemacao.com\/1\/wp-json\/wp\/v2\/tags?post=38347"}],"curies":[{"name":"wp","href":"https:\/\/api.w.org\/{rel}","templated":true}]}}