{"id":38348,"date":"2018-01-22T14:25:40","date_gmt":"2018-01-22T17:25:40","guid":{"rendered":"http:\/\/caririemacao.com\/1\/?p=38348"},"modified":"2018-01-22T14:25:40","modified_gmt":"2018-01-22T17:25:40","slug":"sume-firma-convenio-de-r-35-milhoes-para-obras-de-abastecimento-dagua-na-zona-rural","status":"publish","type":"post","link":"https:\/\/www.caririemacao.com\/1\/2018\/01\/22\/sume-firma-convenio-de-r-35-milhoes-para-obras-de-abastecimento-dagua-na-zona-rural\/","title":{"rendered":"Sum\u00e9 firma conv\u00eanio de R$ 3,5 milh\u00f5es para obras de abastecimento d\u2019\u00e1gua na zona rural"},"content":{"rendered":"<p>O prefeito \u00c9den Duarte anunciou nesta segunda-feira (22\/01), a realiza\u00e7\u00e3o de um conv\u00eanio firmado com a Funda\u00e7\u00e3o Nacional de Sa\u00fade (Funasa), que ir\u00e1 possibilitar a realiza\u00e7\u00e3o de mais obras de abastecimento d\u2019\u00e1gua na zona rural.<\/p>\n<p>O conv\u00eanio j\u00e1 est\u00e1 publicado no Di\u00e1rio Oficial da Uni\u00e3o, no valor de R$ 3.456.006,92 (tr\u00eas milh\u00f5es, quatrocentos e cinquenta e seis mil e seis reais e noventa e dois centavos).<\/p>\n<p>O prefeito \u00c9den informou que esta \u00e9 uma grande conquista, sendo o maior conv\u00eanio j\u00e1 firmado pelo munic\u00edpio em toda a sua hist\u00f3ria. Ele que se encontra em Jo\u00e3o Pessoa, est\u00e1 comemorando este importante benef\u00edcio para a zona rural de Sum\u00e9.<\/p>\n<p>As comunidades que ser\u00e3o beneficiadas com as obras de abastecimento d\u2019\u00e1gua ser\u00e3o Pitombeira, Lagoa da Cruz, Riach\u00e3o e Carna\u00faba.<\/p>\n<p>A assinatura do conv\u00eanio \u00e9 mais uma a\u00e7\u00e3o concretizada pelo governo municipal em prol dos moradores da zona rural. A Prefeitura que vem trabalhando com diversas a\u00e7\u00f5es para amenizar os efeitos da estiagem para estes moradores, ter\u00e1 agora a possibilidade de aumentar o n\u00famero de resid\u00eancias com \u00e1gua encanada nestas regi\u00f5es, al\u00e9m das que j\u00e1 contam com o benef\u00edcio.<\/p>\n<p>Na semana passada, \u00c9den tamb\u00e9m assinou conv\u00eanio com o Governo do Estado da Para\u00edba para a disponibilidade de dois carros pipas ao munic\u00edpio de Sum\u00e9.<\/p>\n<p><strong>CARIRI EM A\u00c7\u00c3O<\/strong><\/p>\n<p>Ascom<\/p>\n<p><strong>Leia mais not\u00edcias em\u00a0<\/strong><a style=\"font-style: inherit; font-weight: inherit;\" href=\"http:\/\/www.caririemacao.com\/\"><strong style=\"font-style: inherit;\">caririemacao.com<\/strong><\/a><strong style=\"font-style: inherit;\">, siga nossa p\u00e1gina no\u00a0<\/strong><a style=\"font-style: inherit; font-weight: inherit;\" href=\"https:\/\/www.facebook.com\/CaririEmAcao\/?ref=aymt_homepage_panel\"><strong style=\"font-style: inherit;\">Facebook<\/strong><\/a>,<strong style=\"font-style: inherit;\">\u00a0<\/strong><a style=\"font-style: inherit; font-weight: inherit;\" href=\"https:\/\/www.instagram.com\/cariri_em_acao\/?hl=pt-br\"><strong style=\"font-style: inherit;\">Instagram<\/strong><\/a><strong style=\"font-style: inherit;\">\u00a0e\u00a0<\/strong><a style=\"font-style: inherit; font-weight: inherit;\" href=\"https:\/\/www.youtube.com\/channel\/UCAptA0jQuYQy8vMhLt2m4qg\"><strong style=\"font-style: inherit;\">Youtube<\/strong><\/a><strong style=\"font-style: inherit;\">\u00a0e veja nossas mat\u00e9rias, v\u00eddeos e fotos. Voc\u00ea tamb\u00e9m pode enviar informa\u00e7\u00f5es \u00e0 Reda\u00e7\u00e3o do Portal Cariri em A\u00e7\u00e3o pelo WhatsApp (83) 9 9634.5791, (83) 9 9601-1162.<\/strong><\/p>\n","protected":false},"excerpt":{"rendered":"<p>O prefeito \u00c9den Duarte anunciou nesta segunda-feira (22\/01), a realiza\u00e7\u00e3o de um conv\u00eanio firmado com a Funda\u00e7\u00e3o Nacional de Sa\u00fade (Funasa), que ir\u00e1 possibilitar a&hellip; <\/p>\n","protected":false},"author":2,"featured_media":20442,"comment_status":"closed","ping_status":"closed","sticky":false,"template":"","format":"standard","meta":{"sfsi_plus_gutenberg_text_before_share":"","sfsi_plus_gutenberg_show_text_before_share":"","sfsi_plus_gutenberg_icon_type":"","sfsi_plus_gutenberg_icon_alignemt":"","sfsi_plus_gutenburg_max_per_row":"","footnotes":""},"categories":[6],"tags":[],"class_list":["post-38348","post","type-post","status-publish","format-standard","has-post-thumbnail","hentry","category-cidades"],"_links":{"self":[{"href":"https:\/\/www.caririemacao.com\/1\/wp-json\/wp\/v2\/posts\/38348","targetHints":{"allow":["GET"]}}],"collection":[{"href":"https:\/\/www.caririemacao.com\/1\/wp-json\/wp\/v2\/posts"}],"about":[{"href":"https:\/\/www.caririemacao.com\/1\/wp-json\/wp\/v2\/types\/post"}],"author":[{"embeddable":true,"href":"https:\/\/www.caririemacao.com\/1\/wp-json\/wp\/v2\/users\/2"}],"replies":[{"embeddable":true,"href":"https:\/\/www.caririemacao.com\/1\/wp-json\/wp\/v2\/comments?post=38348"}],"version-history":[{"count":0,"href":"https:\/\/www.caririemacao.com\/1\/wp-json\/wp\/v2\/posts\/38348\/revisions"}],"wp:featuredmedia":[{"embeddable":true,"href":"https:\/\/www.caririemacao.com\/1\/wp-json\/wp\/v2\/media\/20442"}],"wp:attachment":[{"href":"https:\/\/www.caririemacao.com\/1\/wp-json\/wp\/v2\/media?parent=38348"}],"wp:term":[{"taxonomy":"category","embeddable":true,"href":"https:\/\/www.caririemacao.com\/1\/wp-json\/wp\/v2\/categories?post=38348"},{"taxonomy":"post_tag","embeddable":true,"href":"https:\/\/www.caririemacao.com\/1\/wp-json\/wp\/v2\/tags?post=38348"}],"curies":[{"name":"wp","href":"https:\/\/api.w.org\/{rel}","templated":true}]}}