{"id":38355,"date":"2018-01-22T14:59:37","date_gmt":"2018-01-22T17:59:37","guid":{"rendered":"http:\/\/caririemacao.com\/1\/?p=38355"},"modified":"2018-01-22T17:13:19","modified_gmt":"2018-01-22T20:13:19","slug":"crianca-e-levada-para-hospital-apos-suspeita-de-maus-tratos-em-joao-pessoa","status":"publish","type":"post","link":"https:\/\/www.caririemacao.com\/1\/2018\/01\/22\/crianca-e-levada-para-hospital-apos-suspeita-de-maus-tratos-em-joao-pessoa\/","title":{"rendered":"Crian\u00e7a \u00e9 levada para hospital ap\u00f3s suspeita de maus-tratos"},"content":{"rendered":"<div class=\"mc-column content-text active-extra-styles active-capital-letter\" data-block-type=\"unstyled\" data-block-weight=\"51\" data-block-id=\"1\">\n<p class=\"content-text__container theme-color-primary-first-letter\" data-track-category=\"Link no Texto\" data-track-links=\"\">Uma menina de um ano foi encaminhada na madrugada desta segunda-feira (22) para o Hospital Municipal Valentina, em Jo\u00e3o Pessoa, com insufici\u00eancia respirat\u00f3ria e com marcas de queimaduras no corpo causas por supostos maus-tratos. De acordo com a conselheira Vilma Eud\u00f3cia, a crian\u00e7a \u00e9 de Sap\u00e9 e vive com os pais.<\/p>\n<\/div>\n<div class=\"mc-column content-text active-extra-styles \" data-block-type=\"unstyled\" data-block-weight=\"47\" data-block-id=\"2\">\n<p class=\"content-text__container \" data-track-category=\"Link no Texto\" data-track-links=\"\">A menina foi levada primeiramente para o Hospital S\u00e1 Andrade, em Sap\u00e9, e na unidade os profissionais identificaram a suspeita de maus-tratos e acionaram o Conselho Tutelar da cidade. A partir do contato feito pelo hospital, o conselho passou a acompanhar a crian\u00e7a e ouvir os pais.<\/p>\n<\/div>\n<div class=\"mc-column content-text active-extra-styles \" data-block-type=\"unstyled\" data-block-weight=\"56\" data-block-id=\"3\">\n<p class=\"content-text__container \" data-track-category=\"Link no Texto\" data-track-links=\"\">Ainda de acordo com o Conselho Tutelar de Sap\u00e9, a m\u00e3e da crian\u00e7a tem problemas mentais, decorrente de um acidente. O pai da menina negou \u00e0 conselheira tutelar que tenha havido maus-tratos. A menina seguia internada no Hospital Municipal Valentina at\u00e9 o fim da manh\u00e3 desta segunda-feira, mas o estado de sa\u00fade n\u00e3o tinha sido informado.<\/p>\n<\/div>\n<div data-track-category=\"fim do conteudo\" data-track-action=\"ultimo chunk conteudo\" data-track-noninteraction=\"false\" data-track-scroll=\"entrada completa viewport\">\n<div class=\"mc-column content-text active-extra-styles \" data-block-type=\"unstyled\" data-block-weight=\"52\" data-block-id=\"4\">\n<p class=\"content-text__container \" data-track-category=\"Link no Texto\" data-track-links=\"\">A Pol\u00edcia Militar foi informada e vai acompanhar o caso juntamente com o Conselho Tutelar. Para Vilma Eud\u00f3cia, o caso ainda se trata de uma suspeita de maus-tratos. \u201cO casal tem mais outros filhos, mas at\u00e9 esse momento n\u00e3o tinha nenhuma den\u00fancia de maus-tratos com qualquer outro filho ou com essa crian\u00e7a.<\/p>\n<p><strong>CARIRI EM A\u00c7\u00c3O<\/strong><\/p>\n<p><em>Com G1 \/Foto:\u00a0G1<\/em><\/p>\n<p><strong>Leia mais not\u00edcias em\u00a0<\/strong><a href=\"http:\/\/www.caririemacao.com\/\"><strong>caririemacao.com<\/strong><\/a><strong>, siga nossa p\u00e1gina no\u00a0<\/strong><a href=\"https:\/\/www.facebook.com\/CaririEmAcao\/?ref=aymt_homepage_panel\"><strong>Facebook<\/strong><\/a>,<strong>\u00a0<\/strong><a href=\"https:\/\/www.instagram.com\/cariri_em_acao\/?hl=pt-br\"><strong>Instagram<\/strong><\/a><strong>\u00a0e\u00a0<\/strong><a href=\"https:\/\/www.youtube.com\/channel\/UCAptA0jQuYQy8vMhLt2m4qg\"><strong>Youtube<\/strong><\/a><strong>\u00a0e veja nossas mat\u00e9rias, v\u00eddeos e fotos. Voc\u00ea tamb\u00e9m pode enviar informa\u00e7\u00f5es \u00e0 Reda\u00e7\u00e3o do Portal Cariri em A\u00e7\u00e3o pelo WhatsApp (83) 9 9634.5791, (83) 9 9601-1162.<\/strong><\/p>\n<\/div>\n<\/div>\n","protected":false},"excerpt":{"rendered":"<p>Uma menina de um ano foi encaminhada na madrugada desta segunda-feira (22) para o Hospital Municipal Valentina, em Jo\u00e3o Pessoa, com insufici\u00eancia respirat\u00f3ria e com&hellip; <\/p>\n","protected":false},"author":2,"featured_media":38356,"comment_status":"closed","ping_status":"closed","sticky":false,"template":"","format":"standard","meta":{"sfsi_plus_gutenberg_text_before_share":"","sfsi_plus_gutenberg_show_text_before_share":"","sfsi_plus_gutenberg_icon_type":"","sfsi_plus_gutenberg_icon_alignemt":"","sfsi_plus_gutenburg_max_per_row":"","footnotes":""},"categories":[12],"tags":[],"class_list":["post-38355","post","type-post","status-publish","format-standard","has-post-thumbnail","hentry","category-policia"],"_links":{"self":[{"href":"https:\/\/www.caririemacao.com\/1\/wp-json\/wp\/v2\/posts\/38355","targetHints":{"allow":["GET"]}}],"collection":[{"href":"https:\/\/www.caririemacao.com\/1\/wp-json\/wp\/v2\/posts"}],"about":[{"href":"https:\/\/www.caririemacao.com\/1\/wp-json\/wp\/v2\/types\/post"}],"author":[{"embeddable":true,"href":"https:\/\/www.caririemacao.com\/1\/wp-json\/wp\/v2\/users\/2"}],"replies":[{"embeddable":true,"href":"https:\/\/www.caririemacao.com\/1\/wp-json\/wp\/v2\/comments?post=38355"}],"version-history":[{"count":0,"href":"https:\/\/www.caririemacao.com\/1\/wp-json\/wp\/v2\/posts\/38355\/revisions"}],"wp:featuredmedia":[{"embeddable":true,"href":"https:\/\/www.caririemacao.com\/1\/wp-json\/wp\/v2\/media\/38356"}],"wp:attachment":[{"href":"https:\/\/www.caririemacao.com\/1\/wp-json\/wp\/v2\/media?parent=38355"}],"wp:term":[{"taxonomy":"category","embeddable":true,"href":"https:\/\/www.caririemacao.com\/1\/wp-json\/wp\/v2\/categories?post=38355"},{"taxonomy":"post_tag","embeddable":true,"href":"https:\/\/www.caririemacao.com\/1\/wp-json\/wp\/v2\/tags?post=38355"}],"curies":[{"name":"wp","href":"https:\/\/api.w.org\/{rel}","templated":true}]}}