{"id":38359,"date":"2018-01-22T17:02:10","date_gmt":"2018-01-22T20:02:10","guid":{"rendered":"http:\/\/caririemacao.com\/1\/?p=38359"},"modified":"2018-01-22T17:02:10","modified_gmt":"2018-01-22T20:02:10","slug":"ricardo-confirma-para-sexta-feira-divulgacao-de-resultado-de-concurso-da-educacao","status":"publish","type":"post","link":"https:\/\/www.caririemacao.com\/1\/2018\/01\/22\/ricardo-confirma-para-sexta-feira-divulgacao-de-resultado-de-concurso-da-educacao\/","title":{"rendered":"Ricardo confirma para sexta-feira divulga\u00e7\u00e3o de resultado de concurso da Educa\u00e7\u00e3o"},"content":{"rendered":"<p>O Governo do Estado divulga nesta sexta-feira (26) o resultado do concurso p\u00fablico realizado para preenchimento de mil vagas de Professor de Educa\u00e7\u00e3o B\u00e1sica para atua\u00e7\u00e3o no Ensino Fundamental (Anos Finais) e Ensino M\u00e9dio e suas modalidades.<\/p>\n<p>A confirma\u00e7\u00e3o foi feita pelo governador Ricardo Coutinho (PSB) nesta segunda-feira (22), durante o Programa Fala Governador, da R\u00e1dio Tabajara. Ele disse que no dia 5 de fevereiro pretende dar posse aos aprovados e descartou o chamamento de mais que a quantidade oferecida em edital.<\/p>\n<p>No Concurso Educa\u00e7\u00e3o SEE PB 2017, a maior procura foi para funda\u00e7\u00e3o de Professor de Educa\u00e7\u00e3o B\u00e1sica \u2013 L\u00edngua Portuguesa: 6.068 candidatos se inscreveram para o cargo. O Concurso P\u00fablico tem a responsabilidade do\u00a0Instituto Brasileiro de Apoio e Desenvolvimento Executivo (IBADE).<\/p>\n<p><strong>CARIRI EM A\u00c7\u00c3O<\/strong><\/p>\n<p><em>Com Clik PB\u00a0<\/em><\/p>\n<p><strong>Leia mais not\u00edcias em\u00a0<\/strong><a href=\"http:\/\/www.caririemacao.com\/\"><strong>caririemacao.com<\/strong><\/a><strong>, siga nossa p\u00e1gina no\u00a0<\/strong><a href=\"https:\/\/www.facebook.com\/CaririEmAcao\/?ref=aymt_homepage_panel\"><strong>Facebook<\/strong><\/a>,<strong>\u00a0<\/strong><a href=\"https:\/\/www.instagram.com\/cariri_em_acao\/?hl=pt-br\"><strong>Instagram<\/strong><\/a><strong>\u00a0e\u00a0<\/strong><a href=\"https:\/\/www.youtube.com\/channel\/UCAptA0jQuYQy8vMhLt2m4qg\"><strong>Youtube<\/strong><\/a><strong>\u00a0e veja nossas mat\u00e9rias, v\u00eddeos e fotos. Voc\u00ea tamb\u00e9m pode enviar informa\u00e7\u00f5es \u00e0 Reda\u00e7\u00e3o do Portal Cariri em A\u00e7\u00e3o pelo WhatsApp (83) 9 9634.5791, (83) 9 9601-1162.<\/strong><\/p>\n","protected":false},"excerpt":{"rendered":"<p>O Governo do Estado divulga nesta sexta-feira (26) o resultado do concurso p\u00fablico realizado para preenchimento de mil vagas de Professor de Educa\u00e7\u00e3o B\u00e1sica para&hellip; <\/p>\n","protected":false},"author":2,"featured_media":33979,"comment_status":"closed","ping_status":"closed","sticky":false,"template":"","format":"standard","meta":{"sfsi_plus_gutenberg_text_before_share":"","sfsi_plus_gutenberg_show_text_before_share":"","sfsi_plus_gutenberg_icon_type":"","sfsi_plus_gutenberg_icon_alignemt":"","sfsi_plus_gutenburg_max_per_row":"","footnotes":""},"categories":[14],"tags":[],"class_list":["post-38359","post","type-post","status-publish","format-standard","has-post-thumbnail","hentry","category-educacao"],"_links":{"self":[{"href":"https:\/\/www.caririemacao.com\/1\/wp-json\/wp\/v2\/posts\/38359","targetHints":{"allow":["GET"]}}],"collection":[{"href":"https:\/\/www.caririemacao.com\/1\/wp-json\/wp\/v2\/posts"}],"about":[{"href":"https:\/\/www.caririemacao.com\/1\/wp-json\/wp\/v2\/types\/post"}],"author":[{"embeddable":true,"href":"https:\/\/www.caririemacao.com\/1\/wp-json\/wp\/v2\/users\/2"}],"replies":[{"embeddable":true,"href":"https:\/\/www.caririemacao.com\/1\/wp-json\/wp\/v2\/comments?post=38359"}],"version-history":[{"count":0,"href":"https:\/\/www.caririemacao.com\/1\/wp-json\/wp\/v2\/posts\/38359\/revisions"}],"wp:featuredmedia":[{"embeddable":true,"href":"https:\/\/www.caririemacao.com\/1\/wp-json\/wp\/v2\/media\/33979"}],"wp:attachment":[{"href":"https:\/\/www.caririemacao.com\/1\/wp-json\/wp\/v2\/media?parent=38359"}],"wp:term":[{"taxonomy":"category","embeddable":true,"href":"https:\/\/www.caririemacao.com\/1\/wp-json\/wp\/v2\/categories?post=38359"},{"taxonomy":"post_tag","embeddable":true,"href":"https:\/\/www.caririemacao.com\/1\/wp-json\/wp\/v2\/tags?post=38359"}],"curies":[{"name":"wp","href":"https:\/\/api.w.org\/{rel}","templated":true}]}}