{"id":38364,"date":"2018-01-22T17:10:13","date_gmt":"2018-01-22T20:10:13","guid":{"rendered":"http:\/\/caririemacao.com\/1\/?p=38364"},"modified":"2018-01-22T17:10:13","modified_gmt":"2018-01-22T20:10:13","slug":"wilson-filho-visita-municipios-e-destaca-liberacao-de-r-64-milhoes-para-educacao-na-paraiba","status":"publish","type":"post","link":"https:\/\/www.caririemacao.com\/1\/2018\/01\/22\/wilson-filho-visita-municipios-e-destaca-liberacao-de-r-64-milhoes-para-educacao-na-paraiba\/","title":{"rendered":"Wilson Filho visita munic\u00edpios e destaca libera\u00e7\u00e3o de R$ 64 milh\u00f5es para educa\u00e7\u00e3o na Para\u00edba"},"content":{"rendered":"<p>O deputado federal e coordenador da bancada federal paraibana, Wilson Filho (PTB), aproveitou o fim de semana para visitar munic\u00edpios e conversar com a popula\u00e7\u00e3o e lideran\u00e7as pol\u00edticas. Na sexta-feira (19), o parlamentar se reuniu ainda com secret\u00e1rio estadual de Educa\u00e7\u00e3o, Al\u00e9ssio Trindade, e destacou a libera\u00e7\u00e3o de R$ 64 milh\u00f5es destinados a obras e programas na \u00e1rea da educa\u00e7\u00e3o.<\/p>\n<p>Wilson Filho lembrou que o Governo Federal garantiu um total de quase R$ 9 milh\u00f5es para constru\u00e7\u00e3o de 18 quadras poliesportivas cobertas em Jo\u00e3o Pessoa, Campina Grande e outras cidades; cerca de R$ 15 milh\u00f5es para pagar em dia e garantir a agilidade na entrega das escolas t\u00e9cnicas de Sousa, Guarabira, Itaporanga, Serra Branca, Patos e Campina; e mais de R$ 40 milh\u00f5es para qualificar os jovens e prepar\u00e1-los para o futuro por meio dos programas Brasil Alfabetizado e Projovem.<\/p>\n<p>\u201cEstamos trabalhando para garantir que o Estado da Para\u00edba possa investir ainda mais na educa\u00e7\u00e3o. Nosso mandato \u00e9 voltado aos paraibanos e esse ano, novas conquistas vir\u00e3o com mais recursos para que prefeitos possam garantir a melhoria da popula\u00e7\u00e3o\u201d, destacou o deputado.<\/p>\n<p><strong>Agenda<\/strong>\u00a0\u2013 Durante o fim de semana, Wilson Filho ainda visitou as cidades de Mataraca e Lagoa de Dentro, participando das comemora\u00e7\u00f5es pelo dia de S\u00e3o Sebasti\u00e3o. Em Mataraca, ao lado do prefeito Egberto Madruga e da vice-prefeita, Em\u00edlia, o deputado destacou as conquistas conseguidas por meio do seu mandato como uma nova ambul\u00e2ncia e recursos para pavimenta\u00e7\u00e3o de v\u00e1rias ruas.<\/p>\n<p>J\u00e1 em Lagoa de Dentro, o deputado foi recebido pelo prefeito Fabiano Pedro (PSD), pelo vice Leandro e lideran\u00e7as pol\u00edticas de toda a regi\u00e3o. Para o munic\u00edpio, Wilson Filho destacou a contribui\u00e7\u00e3o do seu mandato para a sa\u00fade. \u201cPor meio do mandato conseguimos uma nova ambul\u00e2ncia, um micro-\u00f4nibus e custeio pra compra de rem\u00e9dios na cidade. Sempre em busca de ajudar a popula\u00e7\u00e3o\u201d, disse.<\/p>\n<p>Ele ainda esteve no munic\u00edpio de Jacara\u00fa participando de uma cavalgada, a convite do ex-prefeito, Jo\u00e3o Ribeiro, e Danda Ribeiro. Tamb\u00e9m esteve em Picu\u00ed prestando contas do mandato aos prefeitos de Cubati, Soledade, Nova Palmeira, Frei Martinho, Bara\u00fana, al\u00e9m de lideran\u00e7as de Nova Floresta, S\u00e3o Vicente do Serid\u00f3 e Pedra Lavrada.<\/p>\n<p>Em Olivedos, o parlamentar participou da prociss\u00e3o, a convite dos ex-prefeitos Josa e Grig\u00f3rio. Em Campina Grande, visitou a Escola T\u00e9cnica. O deputado atuou na libera\u00e7\u00e3o do pagamento das parcelas para o bom andamento da obra, ao lado do Governo da Para\u00edba. No munic\u00edpio de Borborema, Wilson Filho participou da festa S\u00e3o Sebasti\u00e3o, a convite da prefeita Gilene e do ex-prefeito Rei.<\/p>\n<p><strong>CARIRI EM A\u00c7\u00c3O<\/strong><\/p>\n<p><em>Com Clik PB \/Foto:\u00a0Clik PB<\/em><\/p>\n<p><strong>Leia mais not\u00edcias em\u00a0<\/strong><a href=\"http:\/\/www.caririemacao.com\/\"><strong>caririemacao.com<\/strong><\/a><strong>, siga nossa p\u00e1gina no\u00a0<\/strong><a href=\"https:\/\/www.facebook.com\/CaririEmAcao\/?ref=aymt_homepage_panel\"><strong>Facebook<\/strong><\/a>,<strong>\u00a0<\/strong><a href=\"https:\/\/www.instagram.com\/cariri_em_acao\/?hl=pt-br\"><strong>Instagram<\/strong><\/a><strong>\u00a0e\u00a0<\/strong><a href=\"https:\/\/www.youtube.com\/channel\/UCAptA0jQuYQy8vMhLt2m4qg\"><strong>Youtube<\/strong><\/a><strong>\u00a0e veja nossas mat\u00e9rias, v\u00eddeos e fotos. Voc\u00ea tamb\u00e9m pode enviar informa\u00e7\u00f5es \u00e0 Reda\u00e7\u00e3o do Portal Cariri em A\u00e7\u00e3o pelo WhatsApp (83) 9 9634.5791, (83) 9 9601-1162.<\/strong><\/p>\n","protected":false},"excerpt":{"rendered":"<p>O deputado federal e coordenador da bancada federal paraibana, Wilson Filho (PTB), aproveitou o fim de semana para visitar munic\u00edpios e conversar com a popula\u00e7\u00e3o&hellip; <\/p>\n","protected":false},"author":2,"featured_media":38365,"comment_status":"closed","ping_status":"closed","sticky":false,"template":"","format":"standard","meta":{"sfsi_plus_gutenberg_text_before_share":"","sfsi_plus_gutenberg_show_text_before_share":"","sfsi_plus_gutenberg_icon_type":"","sfsi_plus_gutenberg_icon_alignemt":"","sfsi_plus_gutenburg_max_per_row":"","footnotes":""},"categories":[14],"tags":[],"class_list":["post-38364","post","type-post","status-publish","format-standard","has-post-thumbnail","hentry","category-educacao"],"_links":{"self":[{"href":"https:\/\/www.caririemacao.com\/1\/wp-json\/wp\/v2\/posts\/38364","targetHints":{"allow":["GET"]}}],"collection":[{"href":"https:\/\/www.caririemacao.com\/1\/wp-json\/wp\/v2\/posts"}],"about":[{"href":"https:\/\/www.caririemacao.com\/1\/wp-json\/wp\/v2\/types\/post"}],"author":[{"embeddable":true,"href":"https:\/\/www.caririemacao.com\/1\/wp-json\/wp\/v2\/users\/2"}],"replies":[{"embeddable":true,"href":"https:\/\/www.caririemacao.com\/1\/wp-json\/wp\/v2\/comments?post=38364"}],"version-history":[{"count":0,"href":"https:\/\/www.caririemacao.com\/1\/wp-json\/wp\/v2\/posts\/38364\/revisions"}],"wp:featuredmedia":[{"embeddable":true,"href":"https:\/\/www.caririemacao.com\/1\/wp-json\/wp\/v2\/media\/38365"}],"wp:attachment":[{"href":"https:\/\/www.caririemacao.com\/1\/wp-json\/wp\/v2\/media?parent=38364"}],"wp:term":[{"taxonomy":"category","embeddable":true,"href":"https:\/\/www.caririemacao.com\/1\/wp-json\/wp\/v2\/categories?post=38364"},{"taxonomy":"post_tag","embeddable":true,"href":"https:\/\/www.caririemacao.com\/1\/wp-json\/wp\/v2\/tags?post=38364"}],"curies":[{"name":"wp","href":"https:\/\/api.w.org\/{rel}","templated":true}]}}