{"id":38368,"date":"2018-01-22T19:24:51","date_gmt":"2018-01-22T22:24:51","guid":{"rendered":"http:\/\/caririemacao.com\/1\/?p=38368"},"modified":"2018-01-22T19:24:51","modified_gmt":"2018-01-22T22:24:51","slug":"moro-pede-que-pf-justifique-uso-de-algemas-nas-maos-e-pes-de-cabral-durante-transferencia","status":"publish","type":"post","link":"https:\/\/www.caririemacao.com\/1\/2018\/01\/22\/moro-pede-que-pf-justifique-uso-de-algemas-nas-maos-e-pes-de-cabral-durante-transferencia\/","title":{"rendered":"Moro pede que PF justifique uso de algemas nas m\u00e3os e p\u00e9s de Cabral durante transfer\u00eancia"},"content":{"rendered":"<p>O juiz federal S\u00e9rgio Moro, da 13\u00aa Vara Federal em Curitiba, pediu nesta segunda-feira (22) esclarecimentos \u00e0 Pol\u00edcia Federal (PF) sobre os motivos da utiliza\u00e7\u00e3o de algemas nas m\u00e3os e nos p\u00e9s do ex-governador do Rio de Janeiro S\u00e9rgio Cabral, durante a transfer\u00eancia de um pres\u00eddio no Rio de Janeiro para o Complexo M\u00e9dico-Penal de Pinhais, na regi\u00e3o metropolitana de Curitiba.<\/p>\n<p>No Rio de Janeiro, a ju\u00edza substituta Caroline Vieira Figueiredo, da 7\u00aa Vara Federal Criminal do Estado, que est\u00e1 respondendo na aus\u00eancia de Marcelo Bretas, enviou of\u00edcio \u00e0 Pol\u00edcia Federal e ao Minist\u00e9rio P\u00fablico Federal (MPF) para apurar se houve excesso ou irregularidades na condu\u00e7\u00e3o de Cabral.<\/p>\n<p>Na semana passada, Moro e Caroline atenderam a pedido do Minist\u00e9rio P\u00fablico Federal (MPF) que, ap\u00f3s constatar a exist\u00eancia de regalias ao ex-governador no c\u00e1rcere, decorrentes da a\u00e7\u00e3o de uma organiza\u00e7\u00e3o criminosa comandada por ele dentro da administra\u00e7\u00e3o penitenci\u00e1ria, solicitou a transfer\u00eancia.<\/p>\n<p>Ap\u00f3s chegar a Curitiba, Cabral foi transportado com algemas nas m\u00e3os e nos p\u00e9s, na parte traseira da viatura da PF. Ao tomar conhecimento do caso pela imprensa, Moro pediu que os policiais respons\u00e1veis pela transfer\u00eancia justifiquem o uso das algemas. Segundo o juiz, uma s\u00famula do Supremo Tribunal Federal (STF) impede o uso das algemas em casos em que o preso n\u00e3o ofere\u00e7a risco de fuga.<\/p>\n<p>\u201cDe todo modo, em condu\u00e7\u00f5es anteriores de presos no \u00e2mbito da Opera\u00e7\u00e3o Lava Jato, inclusive de S\u00e9rgio de Oliveira Cabral Santos Filho, vinha a Pol\u00edcia Federal evitando o uso de algemas em p\u00e9s e m\u00e3os. N\u00e3o raramente presos foram conduzidos at\u00e9 mesmo sem algemas\u201d, argumentou o juiz.<\/p>\n<p>Ap\u00f3s a transfer\u00eancia de Cabral para Curitiba, a defesa do ex-governador disse que vai recorrer \u00e0 segunda inst\u00e2ncia da Justi\u00e7a Federal para derrubar a decis\u00e3o que permitiu a sa\u00edda dele do sistema prisional do Rio.<\/p>\n<p><strong>CARIRI EM A\u00c7\u00c3O<\/strong><\/p>\n<p><em>Com Congresso em Foco\/Foto:\u00a0Ag\u00eancia Brasil<\/em><\/p>\n<p><strong>Leia mais not\u00edcias em\u00a0<\/strong><a href=\"http:\/\/www.caririemacao.com\/\"><strong>caririemacao.com<\/strong><\/a><strong>, siga nossa p\u00e1gina no\u00a0<\/strong><a href=\"https:\/\/www.facebook.com\/CaririEmAcao\/?ref=aymt_homepage_panel\"><strong>Facebook<\/strong><\/a>,<strong>\u00a0<\/strong><a href=\"https:\/\/www.instagram.com\/cariri_em_acao\/?hl=pt-br\"><strong>Instagram<\/strong><\/a><strong>\u00a0e\u00a0<\/strong><a href=\"https:\/\/www.youtube.com\/channel\/UCAptA0jQuYQy8vMhLt2m4qg\"><strong>Youtube<\/strong><\/a><strong>\u00a0e veja nossas mat\u00e9rias, v\u00eddeos e fotos. Voc\u00ea tamb\u00e9m pode enviar informa\u00e7\u00f5es \u00e0 Reda\u00e7\u00e3o do Portal Cariri em A\u00e7\u00e3o pelo WhatsApp (83) 9 9634.5791, (83) 9 9601-1162.<\/strong><\/p>\n","protected":false},"excerpt":{"rendered":"<p>O juiz federal S\u00e9rgio Moro, da 13\u00aa Vara Federal em Curitiba, pediu nesta segunda-feira (22) esclarecimentos \u00e0 Pol\u00edcia Federal (PF) sobre os motivos da utiliza\u00e7\u00e3o&hellip; <\/p>\n","protected":false},"author":2,"featured_media":38369,"comment_status":"closed","ping_status":"closed","sticky":false,"template":"","format":"standard","meta":{"sfsi_plus_gutenberg_text_before_share":"","sfsi_plus_gutenberg_show_text_before_share":"","sfsi_plus_gutenberg_icon_type":"","sfsi_plus_gutenberg_icon_alignemt":"","sfsi_plus_gutenburg_max_per_row":"","footnotes":""},"categories":[12],"tags":[],"class_list":["post-38368","post","type-post","status-publish","format-standard","has-post-thumbnail","hentry","category-policia"],"_links":{"self":[{"href":"https:\/\/www.caririemacao.com\/1\/wp-json\/wp\/v2\/posts\/38368","targetHints":{"allow":["GET"]}}],"collection":[{"href":"https:\/\/www.caririemacao.com\/1\/wp-json\/wp\/v2\/posts"}],"about":[{"href":"https:\/\/www.caririemacao.com\/1\/wp-json\/wp\/v2\/types\/post"}],"author":[{"embeddable":true,"href":"https:\/\/www.caririemacao.com\/1\/wp-json\/wp\/v2\/users\/2"}],"replies":[{"embeddable":true,"href":"https:\/\/www.caririemacao.com\/1\/wp-json\/wp\/v2\/comments?post=38368"}],"version-history":[{"count":0,"href":"https:\/\/www.caririemacao.com\/1\/wp-json\/wp\/v2\/posts\/38368\/revisions"}],"wp:featuredmedia":[{"embeddable":true,"href":"https:\/\/www.caririemacao.com\/1\/wp-json\/wp\/v2\/media\/38369"}],"wp:attachment":[{"href":"https:\/\/www.caririemacao.com\/1\/wp-json\/wp\/v2\/media?parent=38368"}],"wp:term":[{"taxonomy":"category","embeddable":true,"href":"https:\/\/www.caririemacao.com\/1\/wp-json\/wp\/v2\/categories?post=38368"},{"taxonomy":"post_tag","embeddable":true,"href":"https:\/\/www.caririemacao.com\/1\/wp-json\/wp\/v2\/tags?post=38368"}],"curies":[{"name":"wp","href":"https:\/\/api.w.org\/{rel}","templated":true}]}}