{"id":38371,"date":"2018-01-22T19:30:29","date_gmt":"2018-01-22T22:30:29","guid":{"rendered":"http:\/\/caririemacao.com\/1\/?p=38371"},"modified":"2018-01-22T19:30:29","modified_gmt":"2018-01-22T22:30:29","slug":"dilma-e-olivio-dutra-divergem-sobre-plano-b-a-candidatura-de-lula","status":"publish","type":"post","link":"https:\/\/www.caririemacao.com\/1\/2018\/01\/22\/dilma-e-olivio-dutra-divergem-sobre-plano-b-a-candidatura-de-lula\/","title":{"rendered":"Dilma e Ol\u00edvio Dutra divergem sobre \u201cplano B\u201d \u00e0 candidatura de Lula"},"content":{"rendered":"<p dir=\"ltr\">O ex-governador do Rio Grande do Sul, Ol\u00edvio Dutra, e a presidente cassada, Dilma Rousseff, deram declara\u00e7\u00f5es divergentes sobre um poss\u00edvel \u201cplano B\u201d \u00e0 candidatura de Lula \u00e0 Presid\u00eancia nesta segunda-feira (22). Ao participar de manifesta\u00e7\u00e3o na Vila Campesina, na capital ga\u00facha, Dutra afirmou ao jornal\u00a0<em>O Estado de\u00a0 S\u00e3o Paulo<\/em>\u00a0que \u201co campo democr\u00e1tico e popular j\u00e1 tinha que ter vindo construindo alternativas\u201d, mas afirmou que o foco no momento \u00e9 o julgamento de Lula. J\u00e1 Dilma afirmou que a discuss\u00e3o sobre um \u201cplano B\u201d a Lula \u00e9 uma \u201ctentativa de mascarar o golpe\u201d, compar\u00e1vel aos pedidos para que ela renunciasse antes de sofrer o processo de impeachment em 2016. O julgamento do recurso em segunda inst\u00e2ncia da condena\u00e7\u00e3o de Lula pelo juiz S\u00e9rgio Moro est\u00e1 marcado para esta quarta-feira (24).<\/p>\n<p dir=\"ltr\">Dutra afirmou ao\u00a0<em>\u00a0<\/em>que as manifesta\u00e7\u00f5es n\u00e3o giram apenas ao redor do apoio ao ex-presidente Lula, \u201cmas pelo resgate da democracia\u201d. Questionado sobre um nome alternativo ao petista, o ex-governador ga\u00facho afirmou que a quest\u00e3o no momento \u00e9 o julgamento, voltando o foco para o poder Judici\u00e1rio, que avalia ter se mostrado tendencioso.<\/p>\n<p dir=\"ltr\">Do outro lado, Dilma comparou as abordagens sobre um \u201cplano B\u201d com os pedidos para que renunciasse durante o processo de impeachment que sofreu em 2016. \u201cEssa discuss\u00e3o sobre o plano B \u00e9 igual a discuss\u00e3o sobre \u2018renuncie, presidente\u2019. Pediam, \u2018renuncie, presidente, \u00e9 um gesto de grandeza\u2019. Gesto de grandeza nada. \u00c9 a tentativa de mascarar o golpe\u201d, disse a petista.<\/p>\n<p dir=\"ltr\">A bancada do PT j\u00e1 afirmou que Lula ser\u00e1 candidato \u00e0 revelia da decis\u00e3o do Tribunal Regional Federal da 4\u00aa Regi\u00e3o (TRF-4). O l\u00edder do PT na C\u00e2mara, deputado Paulo Pimenta (RS), afirma que Lula est\u00e1 sendo injusti\u00e7ado, condenado em um processo \u201csem provas\u201d. \u201cA nossa decis\u00e3o de que o presidente Lula ser\u00e1 candidato n\u00e3o depende da decis\u00e3o do Tribunal. N\u00f3s temos uma interpreta\u00e7\u00e3o da lei que diz que qualquer cidad\u00e3o pode ser inscrito como candidato. Cabe a quem questionar posteriormente impugnar, mas o Lula ser\u00e1 candidato independente da decis\u00e3o que o Tribunal venha a tomar, porque a lei nos concede, nos permite fazer isso, e n\u00f3s estamos anunciando que faremos\u201d, disse.<\/p>\n<p dir=\"ltr\">A bancada petista dever\u00e1 comparecer em peso \u00e0 capital ga\u00facha para acompanhar o julgamento, afirmou Pimenta na semana passada. \u201cJ\u00e1 tem cinco dos sete senadores confirmados. Dos deputados, j\u00e1 est\u00e3o 43 confirmados. Acredito que ser\u00e3o em torno de 50 parlamentares\u201d, estimou. \u201cEsperamos a presen\u00e7a forte de militantes n\u00e3o s\u00f3 do Rio Grande do Sul, mas de todo o Brasil.<\/p>\n<p><strong>CARIRI EM A\u00c7\u00c3O<\/strong><\/p>\n<p><em>Com Congresso em Foco\/Foto:\u00a0Congresso em Foco<\/em><\/p>\n<p><strong>Leia mais not\u00edcias em\u00a0<\/strong><a href=\"http:\/\/www.caririemacao.com\/\"><strong>caririemacao.com<\/strong><\/a><strong>, siga nossa p\u00e1gina no\u00a0<\/strong><a href=\"https:\/\/www.facebook.com\/CaririEmAcao\/?ref=aymt_homepage_panel\"><strong>Facebook<\/strong><\/a>,<strong>\u00a0<\/strong><a href=\"https:\/\/www.instagram.com\/cariri_em_acao\/?hl=pt-br\"><strong>Instagram<\/strong><\/a><strong>\u00a0e\u00a0<\/strong><a href=\"https:\/\/www.youtube.com\/channel\/UCAptA0jQuYQy8vMhLt2m4qg\"><strong>Youtube<\/strong><\/a><strong>\u00a0e veja nossas mat\u00e9rias, v\u00eddeos e fotos. Voc\u00ea tamb\u00e9m pode enviar informa\u00e7\u00f5es \u00e0 Reda\u00e7\u00e3o do Portal Cariri em A\u00e7\u00e3o pelo WhatsApp (83) 9 9634.5791, (83) 9 9601-1162.<\/strong><\/p>\n","protected":false},"excerpt":{"rendered":"<p>O ex-governador do Rio Grande do Sul, Ol\u00edvio Dutra, e a presidente cassada, Dilma Rousseff, deram declara\u00e7\u00f5es divergentes sobre um poss\u00edvel \u201cplano B\u201d \u00e0 candidatura&hellip; <\/p>\n","protected":false},"author":2,"featured_media":38374,"comment_status":"closed","ping_status":"closed","sticky":false,"template":"","format":"standard","meta":{"sfsi_plus_gutenberg_text_before_share":"","sfsi_plus_gutenberg_show_text_before_share":"","sfsi_plus_gutenberg_icon_type":"","sfsi_plus_gutenberg_icon_alignemt":"","sfsi_plus_gutenburg_max_per_row":"","footnotes":""},"categories":[11],"tags":[],"class_list":["post-38371","post","type-post","status-publish","format-standard","has-post-thumbnail","hentry","category-politica"],"_links":{"self":[{"href":"https:\/\/www.caririemacao.com\/1\/wp-json\/wp\/v2\/posts\/38371","targetHints":{"allow":["GET"]}}],"collection":[{"href":"https:\/\/www.caririemacao.com\/1\/wp-json\/wp\/v2\/posts"}],"about":[{"href":"https:\/\/www.caririemacao.com\/1\/wp-json\/wp\/v2\/types\/post"}],"author":[{"embeddable":true,"href":"https:\/\/www.caririemacao.com\/1\/wp-json\/wp\/v2\/users\/2"}],"replies":[{"embeddable":true,"href":"https:\/\/www.caririemacao.com\/1\/wp-json\/wp\/v2\/comments?post=38371"}],"version-history":[{"count":0,"href":"https:\/\/www.caririemacao.com\/1\/wp-json\/wp\/v2\/posts\/38371\/revisions"}],"wp:featuredmedia":[{"embeddable":true,"href":"https:\/\/www.caririemacao.com\/1\/wp-json\/wp\/v2\/media\/38374"}],"wp:attachment":[{"href":"https:\/\/www.caririemacao.com\/1\/wp-json\/wp\/v2\/media?parent=38371"}],"wp:term":[{"taxonomy":"category","embeddable":true,"href":"https:\/\/www.caririemacao.com\/1\/wp-json\/wp\/v2\/categories?post=38371"},{"taxonomy":"post_tag","embeddable":true,"href":"https:\/\/www.caririemacao.com\/1\/wp-json\/wp\/v2\/tags?post=38371"}],"curies":[{"name":"wp","href":"https:\/\/api.w.org\/{rel}","templated":true}]}}