{"id":38372,"date":"2018-01-22T19:30:36","date_gmt":"2018-01-22T22:30:36","guid":{"rendered":"http:\/\/caririemacao.com\/1\/?p=38372"},"modified":"2018-01-22T19:35:25","modified_gmt":"2018-01-22T22:35:25","slug":"jovem-umbuzeirense-desaparecida-e-encontrada-e-ja-esta-ao-lado-da-familia","status":"publish","type":"post","link":"https:\/\/www.caririemacao.com\/1\/2018\/01\/22\/jovem-umbuzeirense-desaparecida-e-encontrada-e-ja-esta-ao-lado-da-familia\/","title":{"rendered":"Jovem umbuzeirense desaparecida \u00e9 encontrada e j\u00e1 est\u00e1 ao lado da fam\u00edlia"},"content":{"rendered":"<p>Terminou bem o caso que mobilizou todo o Cariri desde o \u00faltimo final de semana, com o desaparecimento de uma jovem de apenas 26 anos do munic\u00edpio de S\u00e3o Sebasti\u00e3o do Umbuzeiro.<\/p>\n<p>A jovem Elisangela Alves Ibiapino, 26 anos, popularmente conhecida por Nininha, de S\u00e3o Sebasti\u00e3o do Umbuzeiro-PB, foi reencontrada na cidade de Monteiro, ap\u00f3s ficar desaparecida desde a madrugada deste s\u00e1bado (20), quando saiu da Festa de S\u00e3o Sebasti\u00e3o, que estava acontecendo na Pra\u00e7a de Eventos no mesmo munic\u00edpio, em dire\u00e7\u00e3o a sua casa na Rua do Campo.<\/p>\n<p>A fam\u00edlia da garota j\u00e1 veio \u00e0 Monteiro onde ela foi reencontrada, e todos j\u00e1 est\u00e3o juntos novamente.<\/p>\n<p>Informa\u00e7\u00f5es preliminares d\u00e3o conta de que a garota teria sido raptada por dois homens que a levaram at\u00e9 a cidade pernambucana de Pesqueira.<\/p>\n<p>Nossa reportagem tamb\u00e9m investiga uma informa\u00e7\u00e3o de que a mesma teria sido molestada pelos acusados, e depois enviada de volta ao Cariri, mas esta informa\u00e7\u00e3o ainda est\u00e1 sendo averiguada e \u00e9 extra oficial<\/p>\n<p>O mais importante \u00e9 que a menina est\u00e1 de volta ao conv\u00edvio da fam\u00edlia e o pior n\u00e3o aconteceu.<\/p>\n<p><strong>CARIRI EM A\u00c7\u00c3O<\/strong><\/p>\n<p><em style=\"font-weight: inherit;\">Com F\u00e1bio Brito<\/em><\/p>\n<p><strong style=\"font-style: inherit;\">Leia mais not\u00edcias em\u00a0<\/strong><a style=\"font-style: inherit; font-weight: inherit;\" href=\"http:\/\/www.caririemacao.com\/\"><strong style=\"font-style: inherit;\">caririemacao.com<\/strong><\/a><strong style=\"font-style: inherit;\">, siga nossa p\u00e1gina no\u00a0<\/strong><a style=\"font-style: inherit; font-weight: inherit;\" href=\"https:\/\/www.facebook.com\/CaririEmAcao\/?ref=aymt_homepage_panel\"><strong style=\"font-style: inherit;\">Facebook<\/strong><\/a>,<strong style=\"font-style: inherit;\">\u00a0<\/strong><a style=\"font-style: inherit; font-weight: inherit;\" href=\"https:\/\/www.instagram.com\/cariri_em_acao\/?hl=pt-br\"><strong style=\"font-style: inherit;\">Instagram<\/strong><\/a><strong style=\"font-style: inherit;\">\u00a0e\u00a0<\/strong><a style=\"font-style: inherit; font-weight: inherit;\" href=\"https:\/\/www.youtube.com\/channel\/UCAptA0jQuYQy8vMhLt2m4qg\"><strong style=\"font-style: inherit;\">Youtube<\/strong><\/a><strong style=\"font-style: inherit;\">\u00a0e veja nossas mat\u00e9rias, v\u00eddeos e fotos. Voc\u00ea tamb\u00e9m pode enviar informa\u00e7\u00f5es \u00e0 Reda\u00e7\u00e3o do Portal Cariri em A\u00e7\u00e3o pelo WhatsApp (83) 9 9634.5791, (83) 9 9601-1162.<\/strong><\/p>\n","protected":false},"excerpt":{"rendered":"<p>Terminou bem o caso que mobilizou todo o Cariri desde o \u00faltimo final de semana, com o desaparecimento de uma jovem de apenas 26 anos&hellip; <\/p>\n","protected":false},"author":2,"featured_media":38373,"comment_status":"closed","ping_status":"closed","sticky":false,"template":"","format":"standard","meta":{"sfsi_plus_gutenberg_text_before_share":"","sfsi_plus_gutenberg_show_text_before_share":"","sfsi_plus_gutenberg_icon_type":"","sfsi_plus_gutenberg_icon_alignemt":"","sfsi_plus_gutenburg_max_per_row":"","footnotes":""},"categories":[12],"tags":[],"class_list":["post-38372","post","type-post","status-publish","format-standard","has-post-thumbnail","hentry","category-policia"],"_links":{"self":[{"href":"https:\/\/www.caririemacao.com\/1\/wp-json\/wp\/v2\/posts\/38372","targetHints":{"allow":["GET"]}}],"collection":[{"href":"https:\/\/www.caririemacao.com\/1\/wp-json\/wp\/v2\/posts"}],"about":[{"href":"https:\/\/www.caririemacao.com\/1\/wp-json\/wp\/v2\/types\/post"}],"author":[{"embeddable":true,"href":"https:\/\/www.caririemacao.com\/1\/wp-json\/wp\/v2\/users\/2"}],"replies":[{"embeddable":true,"href":"https:\/\/www.caririemacao.com\/1\/wp-json\/wp\/v2\/comments?post=38372"}],"version-history":[{"count":0,"href":"https:\/\/www.caririemacao.com\/1\/wp-json\/wp\/v2\/posts\/38372\/revisions"}],"wp:featuredmedia":[{"embeddable":true,"href":"https:\/\/www.caririemacao.com\/1\/wp-json\/wp\/v2\/media\/38373"}],"wp:attachment":[{"href":"https:\/\/www.caririemacao.com\/1\/wp-json\/wp\/v2\/media?parent=38372"}],"wp:term":[{"taxonomy":"category","embeddable":true,"href":"https:\/\/www.caririemacao.com\/1\/wp-json\/wp\/v2\/categories?post=38372"},{"taxonomy":"post_tag","embeddable":true,"href":"https:\/\/www.caririemacao.com\/1\/wp-json\/wp\/v2\/tags?post=38372"}],"curies":[{"name":"wp","href":"https:\/\/api.w.org\/{rel}","templated":true}]}}