{"id":38378,"date":"2018-01-22T20:00:11","date_gmt":"2018-01-22T23:00:11","guid":{"rendered":"http:\/\/caririemacao.com\/1\/?p=38378"},"modified":"2018-01-22T20:04:32","modified_gmt":"2018-01-22T23:04:32","slug":"ricardo-coutinho-entrega-estrada-camalau-sao-joao-do-tigre","status":"publish","type":"post","link":"https:\/\/www.caririemacao.com\/1\/2018\/01\/22\/ricardo-coutinho-entrega-estrada-camalau-sao-joao-do-tigre\/","title":{"rendered":"Ricardo Coutinho entrega estrada Camala\u00fa-S\u00e3o Jo\u00e3o do Tigre"},"content":{"rendered":"<p>O governador Ricardo Coutinho entregou, nesta segunda-feira (22), a pen\u00faltima estrada do Anel do Cariri, a\u00a0PB-224 no trecho S\u00e3o Jo\u00e3o do Tigre\/Camala\u00fa. A obra tem 25 km de extens\u00e3o,\u00a0beneficia aproximadamente 11 mil habitantes das duas cidades e recebeu cerca de R$ 23 milh\u00f5es de investimento.\u00a0O Anel do Cariri tem uma extens\u00e3o total de 206 km e representa R$ 141 milh\u00f5es de investimento, beneficiando 11 munic\u00edpios e 124 mil moradores do Cariri. O deputado federal Veneziano Vital do Rego, deputados estaduais, prefeitos, auxiliares do Governo e lideran\u00e7as da regi\u00e3o estiveram presentes.<\/p>\n<p><a href=\"http:\/\/caririemacao.com\/1\/wp-content\/uploads\/2018\/01\/DSC_0022-1.jpg\"><img fetchpriority=\"high\" decoding=\"async\" class=\"aligncenter size-full wp-image-38385\" src=\"http:\/\/caririemacao.com\/1\/wp-content\/uploads\/2018\/01\/DSC_0022-1.jpg\" alt=\"\" width=\"800\" height=\"533\" srcset=\"https:\/\/www.caririemacao.com\/1\/wp-content\/uploads\/2018\/01\/DSC_0022-1.jpg 800w, https:\/\/www.caririemacao.com\/1\/wp-content\/uploads\/2018\/01\/DSC_0022-1-300x200.jpg 300w, https:\/\/www.caririemacao.com\/1\/wp-content\/uploads\/2018\/01\/DSC_0022-1-768x512.jpg 768w\" sizes=\"(max-width: 800px) 100vw, 800px\" \/><\/a><\/p>\n<p>Na oportunidade, o chefe do Executivo Estadual tamb\u00e9m inaugurou a reforma e ilumina\u00e7\u00e3o da parede da Barragem de Camala\u00fa. Para a recupera\u00e7\u00e3o da Barragem foi investido mais de R$ 470 mil. &#8220;Estradas e \u00e1gua s\u00e3o duas coisas fundamentais para o desenvolvimento das regi\u00f5es. Em 2011, essa regi\u00e3o s\u00f3 tinha duas estradas asfaltadas. Em Camala\u00fa, por exemplo, s\u00f3 havia caminho de barro. Por isso, investimos mais de R$ 140 milh\u00f5es no Anel do Cariri que encheu esta regi\u00e3o de estradas e hoje j\u00e1 estamos chegando ao pen\u00faltimo trecho deste Anel&#8221;, observou\u00a0Ricardo Coutinho.<\/p>\n<p>Ele ainda lembrou que o Governo do Estado implantou\u00a0800 km de estradas tirando 54 munic\u00edpios do isolamento asf\u00e1ltico e mudando a realidade de quase 230 mil habitantes. &#8220;As estradas promovem o crescimento das cidades, por isso tiramos todos os 54 munic\u00edpios paraibanos do isolamento, dando mais qualidade de vida para os paraibanos que podem ir e vir com mais conforto e agilidade&#8221;, pontuou.<\/p>\n<p>A estrada\u00a0S\u00e3o Jo\u00e3o do Tigre\/Camala\u00fa\u00a0passou por servi\u00e7os como terraplenagem em cortes e aterros, sistema de drenagem para \u00e1guas pluviais e subterr\u00e2neas, duas pontes com v\u00e3os de 63 metros e 96 metros, pavimenta\u00e7\u00e3o asf\u00e1ltica, cercas delimitadoras da faixa de dom\u00ednio, gramagem e paisagismos em taludes, sinaliza\u00e7\u00e3o horizontal e vertical.<\/p>\n<p>De acordo com o superintendente do\u00a0Departamento de Estradas de Rodagem (DER), Carlos Pereira, o\u00a0trecho S\u00e3o Jo\u00e3o do Tigre\/Camala\u00fa\u00a0\u00e9 a 152\u00aa estrada desta gest\u00e3o e o\u00a0\u00faltimo trecho do Anel do Cariri, entre as cidades de S\u00e3o Domingos do Cariri e Cara\u00fabas, deve ser inaugurado at\u00e9 o m\u00eas mar\u00e7o deste ano.<\/p>\n<p><a href=\"http:\/\/caririemacao.com\/1\/wp-content\/uploads\/2018\/01\/DSC_0063.jpg\"><img decoding=\"async\" class=\"aligncenter size-full wp-image-38388 lazyload\" data-src=\"http:\/\/caririemacao.com\/1\/wp-content\/uploads\/2018\/01\/DSC_0063.jpg\" alt=\"\" width=\"800\" height=\"533\" data-srcset=\"https:\/\/www.caririemacao.com\/1\/wp-content\/uploads\/2018\/01\/DSC_0063.jpg 800w, https:\/\/www.caririemacao.com\/1\/wp-content\/uploads\/2018\/01\/DSC_0063-300x200.jpg 300w, https:\/\/www.caririemacao.com\/1\/wp-content\/uploads\/2018\/01\/DSC_0063-768x512.jpg 768w\" data-sizes=\"(max-width: 800px) 100vw, 800px\" src=\"data:image\/svg+xml;base64,PHN2ZyB3aWR0aD0iMSIgaGVpZ2h0PSIxIiB4bWxucz0iaHR0cDovL3d3dy53My5vcmcvMjAwMC9zdmciPjwvc3ZnPg==\" style=\"--smush-placeholder-width: 800px; --smush-placeholder-aspect-ratio: 800\/533;\" \/><\/a><\/p>\n<p>O prefeito de\u00a0S\u00e3o Jo\u00e3o do Tigre, C\u00e9lio Barbosa, agradeceu ao governador por mais esta obra que beneficia o povo do munic\u00edpio. &#8220;O Anel do Cariri \u00e9 uma das maiores obras rodovi\u00e1rias do Estado. Agrade\u00e7o por esta estrada e por todas as obras feitas no nosso Cariri. A Para\u00edba hoje est\u00e1 transformada, com avan\u00e7os em todas as regi\u00f5es&#8221;, disse.<\/p>\n<p>&#8220;Este Governo n\u00e3o olha o tamanho das cidades, ele olha a necessidade dos moradores. Esta estrada \u00e9 mais uma grande obra para o Cariri que vem mudar a realidade dos habitantes de\u00a0S\u00e3o Jo\u00e3o do Tigre e Camala\u00fa. A estrada interliga as cidades e d\u00e1 orgulho para o povo&#8221;, frisou o deputado estadual Adriano Galdino.<\/p>\n<p>Maria de Jesus tem 74 anos e mora em Camala\u00fa desde que nasceu. Ela contou que a situa\u00e7\u00e3o da estrada era p\u00e9ssima, cheia de buracos, o que dificultava inclusive o socorro de pessoas doentes. &#8220;Uma vez eu tive uma hemorragia grave e precisei ir para Monteiro, ent\u00e3o foi preciso vir tr\u00eas carros para me socorrer e ainda um trator passando pela estrada. Eu cheguei l\u00e1 no hospital ainda pior. Agora n\u00f3s temos um verdadeiro tapete, essa estrada \u00e9 uma beleza e eu s\u00f3 tenho a agradecer&#8221;, falou.<\/p>\n<p>Para o motorista Jo\u00e3o Roberto, morador da cidade de S\u00e3o Jo\u00e3o do Tigre, a estrada trouxe mais crescimento para o munic\u00edpio e facilitou a vida dos moradores. \u201cAgora todos podem ir e vir pela estrada com agilidade e seguran\u00e7a. O percurso ficou mais r\u00e1pido e o povo satisfeito com a obra\u201d, comentou.<\/p>\n<p><a href=\"https:\/\/www.facebook.com\/media\/set\/?set=ms.c.eJxFVduRRTEI6mgnvrX~%3BxnYO3pBfRhGVGJHsrg7JaIljfwLAxky9U5tAzkjoyA~%3Bwo1~%3BKhBJoRNRcQA44hCkiG5EEaoFzAWuQCiMUOmKaEYYIlZcCDmdZ1wXiB3SA1OeSdvoCLBuKKkmOnce8edgH6FFjhG9KXSBlgfNSPh0W7CUTEREPgNLXS85GcKZliBC~%3BQK9So9KeT2knSce~%3BFJmrNA50SF8dIRiQVBCwBW6VUGwujhCAdB~_m2HLEA2qB2374kjpJPaD0XOkRG2GMiEaVpPRcIAhUIEX0DRkemzf1waKEwmqQcq6DopHiTqVr7UNrx5rfaf4YcJy~_QJ5N6ZuS63Wn11M3Ih~_AXox7STvfPEqdAFZZlG6u2wu79XWhkGNnWpxpei5ApY7ncWiYXOMajZuxSk0e8HEk35w5pm5~_dWRic~_dJL2z~%3ByHkAOIpVGgMyZ5U5M~_IzN8LioLlD0sEjTNohB5szu1VK8BqM7ZfgKCWV1ldBfOpylG2E3ogucAjvR~_~_Lcr6oWo~%3Bp81jA~%3BGZc1E5sOLHC8~%3BDh8yiM0OcJ81qAveSeYPqjCmcreC1roFR1WLZWB4Ullm3CiEQv01Rae9iaVeZL8W6m1KbwOlj7ArdKH~_w2~%3BG6uBS58R8l6b~%3BJwphoY8jvBa~%3B6gg3rNHzT~%3Bdwa~_FOqYg4lVU0cvqV3SETTnbozojTBGLMC7Pgodzhs0ihN85i5q1jCuD8Aqi0e6Z0n5N8wOyL3~_AftdgwA~-.bps.a.1168873279915360.1073742662.302749469861083&amp;type=1\">VEJA FOTOS DA INAUGURA\u00c7\u00c3O.<\/a><\/p>\n<p><strong>CARIRI EM A\u00c7\u00c3O<\/strong><\/p>\n<p><strong style=\"font-style: inherit;\">Leia mais not\u00edcias em\u00a0<\/strong><a style=\"font-style: inherit; font-weight: inherit;\" href=\"http:\/\/www.caririemacao.com\/\"><strong style=\"font-style: inherit;\">caririemacao.com<\/strong><\/a><strong style=\"font-style: inherit;\">, siga nossa p\u00e1gina no\u00a0<\/strong><a style=\"font-style: inherit; font-weight: inherit;\" href=\"https:\/\/www.facebook.com\/CaririEmAcao\/?ref=aymt_homepage_panel\"><strong style=\"font-style: inherit;\">Facebook<\/strong><\/a>,<strong style=\"font-style: inherit;\">\u00a0<\/strong><a style=\"font-style: inherit; font-weight: inherit;\" href=\"https:\/\/www.instagram.com\/cariri_em_acao\/?hl=pt-br\"><strong style=\"font-style: inherit;\">Instagram<\/strong><\/a><strong style=\"font-style: inherit;\">\u00a0e\u00a0<\/strong><a style=\"font-style: inherit; font-weight: inherit;\" href=\"https:\/\/www.youtube.com\/channel\/UCAptA0jQuYQy8vMhLt2m4qg\"><strong style=\"font-style: inherit;\">Youtube<\/strong><\/a><strong style=\"font-style: inherit;\">\u00a0e veja nossas mat\u00e9rias, v\u00eddeos e fotos. Voc\u00ea tamb\u00e9m pode enviar informa\u00e7\u00f5es \u00e0 Reda\u00e7\u00e3o do Portal Cariri em A\u00e7\u00e3o pelo WhatsApp (83) 9 9634.5791, (83) 9 9601-1162.<\/strong><\/p>\n","protected":false},"excerpt":{"rendered":"<p>O governador Ricardo Coutinho entregou, nesta segunda-feira (22), a pen\u00faltima estrada do Anel do Cariri, a\u00a0PB-224 no trecho S\u00e3o Jo\u00e3o do Tigre\/Camala\u00fa. A obra tem&hellip; <\/p>\n","protected":false},"author":2,"featured_media":38382,"comment_status":"closed","ping_status":"closed","sticky":false,"template":"","format":"standard","meta":{"sfsi_plus_gutenberg_text_before_share":"","sfsi_plus_gutenberg_show_text_before_share":"","sfsi_plus_gutenberg_icon_type":"","sfsi_plus_gutenberg_icon_alignemt":"","sfsi_plus_gutenburg_max_per_row":"","footnotes":""},"categories":[6],"tags":[],"class_list":["post-38378","post","type-post","status-publish","format-standard","has-post-thumbnail","hentry","category-cidades"],"_links":{"self":[{"href":"https:\/\/www.caririemacao.com\/1\/wp-json\/wp\/v2\/posts\/38378","targetHints":{"allow":["GET"]}}],"collection":[{"href":"https:\/\/www.caririemacao.com\/1\/wp-json\/wp\/v2\/posts"}],"about":[{"href":"https:\/\/www.caririemacao.com\/1\/wp-json\/wp\/v2\/types\/post"}],"author":[{"embeddable":true,"href":"https:\/\/www.caririemacao.com\/1\/wp-json\/wp\/v2\/users\/2"}],"replies":[{"embeddable":true,"href":"https:\/\/www.caririemacao.com\/1\/wp-json\/wp\/v2\/comments?post=38378"}],"version-history":[{"count":0,"href":"https:\/\/www.caririemacao.com\/1\/wp-json\/wp\/v2\/posts\/38378\/revisions"}],"wp:featuredmedia":[{"embeddable":true,"href":"https:\/\/www.caririemacao.com\/1\/wp-json\/wp\/v2\/media\/38382"}],"wp:attachment":[{"href":"https:\/\/www.caririemacao.com\/1\/wp-json\/wp\/v2\/media?parent=38378"}],"wp:term":[{"taxonomy":"category","embeddable":true,"href":"https:\/\/www.caririemacao.com\/1\/wp-json\/wp\/v2\/categories?post=38378"},{"taxonomy":"post_tag","embeddable":true,"href":"https:\/\/www.caririemacao.com\/1\/wp-json\/wp\/v2\/tags?post=38378"}],"curies":[{"name":"wp","href":"https:\/\/api.w.org\/{rel}","templated":true}]}}