{"id":38381,"date":"2018-01-22T19:56:46","date_gmt":"2018-01-22T22:56:46","guid":{"rendered":"http:\/\/caririemacao.com\/1\/?p=38381"},"modified":"2018-01-22T19:56:46","modified_gmt":"2018-01-22T22:56:46","slug":"wellington-roberto-diz-que-pr-nao-rompeu-com-ricardo","status":"publish","type":"post","link":"https:\/\/www.caririemacao.com\/1\/2018\/01\/22\/wellington-roberto-diz-que-pr-nao-rompeu-com-ricardo\/","title":{"rendered":"Wellington Roberto diz que PR n\u00e3o rompeu com Ricardo"},"content":{"rendered":"<p>O deputado federal e presidente do PR na Para\u00edba, Wellington Roberto (PR), comentou nesta segunda-feira (22) sobre a alian\u00e7a com o PSB e o governador Ricardo Coutinho ap\u00f3s seu filho, o ex-secret\u00e1rio de Esportes Bruno Roberto (PR), entregar o cargo semanas atr\u00e1s. Conforme o parlamentar, n\u00e3o houveram desentendimentos e isso n\u00e3o significa um rompimento de rela\u00e7\u00e3o com os socialistas. E ainda foi al\u00e9m, recha\u00e7ou possibilidade de apoiar Luciano Cartaxo (PSD) em candidatura ao Governo do Estado.<\/p>\n<p>\u201cAcredito que nessa hist\u00f3ria temos que dar um ponto final, nessa quest\u00e3o da entrega do cargo de Bruno Roberto. N\u00e3o houve reivindica\u00e7\u00e3o de cargo algum por parte do PR, nem por Wellington Roberto, Caio Roberto, nem muito menos de Bruno Roberto. Estive com o governador e com o secret\u00e1rio de planejamento [no ano passado], e fiz ver ao governador a necessidade de Bruno entregar [o cargo], pedi uma substitui\u00e7\u00e3o, o governador pediu que ponderasse e deixasse para acontecer agora no in\u00edcio do ano. J\u00e1 alertava que queria que para Bruno ser liberado\u201d, afirmou Wellington Roberto.<\/p>\n<p>Questionado se isso significaria um rompimento com o atual governo, Wellington foi categ\u00f3rico. \u201cDe forma alguma, continuo da base. Essa cogita\u00e7\u00e3o de rompimento n\u00e3o existe. Os gestos do governador ser\u00e3o os meus gestos\u201d, disse.<\/p>\n<p>De acordo com o parlamentar, a necessidade da sa\u00edda de Bruno Roberto \u00e9 devido a precisar us\u00e1-lo \u201cna condi\u00e7\u00e3o partid\u00e1ria, para administrar e ver diret\u00f3rios\u201d. E tamb\u00e9m na condi\u00e7\u00e3o interna na secret\u00e1ria, Bruno comunicava sobre inviabilidade da gest\u00e3o dele.<\/p>\n<p>Wellington disse que Ricardo Coutinho pediu uma indica\u00e7\u00e3o para o cargo e isto n\u00e3o foi feito por parte do PR. \u201cN\u00e3o indicamos e n\u00e3o vamos indicar\u201d, declarou.<\/p>\n<p>Surgiram rumores nos bastidores pol\u00edtico de que o PR poderia apoiar Luciano Cartaxo (PSD), coisa que o presidente da sigla republicana recha\u00e7ou. \u201cBoatos de que o PR apoiaria Luciano Cartaxo, n\u00e3o existe, nunca existiu. Wellington Roberto n\u00e3o tem nenhuma afinidade com o atual prefeito, apesar de respeit\u00e1-lo, na pessoa dele como pol\u00edtico, mas n\u00e3o tinha, n\u00e3o teve\u201d, afirmou.<\/p>\n<p><strong>CARIRI EM A\u00c7\u00c3O<\/strong><\/p>\n<p><em>Com Cariri Ligado\/Foto:\u00a0Cariri Ligado<\/em><\/p>\n<p><strong>Leia mais not\u00edcias em\u00a0<\/strong><a href=\"http:\/\/www.caririemacao.com\/\"><strong>caririemacao.com<\/strong><\/a><strong>, siga nossa p\u00e1gina no\u00a0<\/strong><a href=\"https:\/\/www.facebook.com\/CaririEmAcao\/?ref=aymt_homepage_panel\"><strong>Facebook<\/strong><\/a>,<strong>\u00a0<\/strong><a href=\"https:\/\/www.instagram.com\/cariri_em_acao\/?hl=pt-br\"><strong>Instagram<\/strong><\/a><strong>\u00a0e\u00a0<\/strong><a href=\"https:\/\/www.youtube.com\/channel\/UCAptA0jQuYQy8vMhLt2m4qg\"><strong>Youtube<\/strong><\/a><strong>\u00a0e veja nossas mat\u00e9rias, v\u00eddeos e fotos. Voc\u00ea tamb\u00e9m pode enviar informa\u00e7\u00f5es \u00e0 Reda\u00e7\u00e3o do Portal Cariri em A\u00e7\u00e3o pelo WhatsApp (83) 9 9634.5791, (83) 9 9601-1162.<\/strong><\/p>\n","protected":false},"excerpt":{"rendered":"<p>O deputado federal e presidente do PR na Para\u00edba, Wellington Roberto (PR), comentou nesta segunda-feira (22) sobre a alian\u00e7a com o PSB e o governador&hellip; <\/p>\n","protected":false},"author":2,"featured_media":38383,"comment_status":"closed","ping_status":"closed","sticky":false,"template":"","format":"standard","meta":{"sfsi_plus_gutenberg_text_before_share":"","sfsi_plus_gutenberg_show_text_before_share":"","sfsi_plus_gutenberg_icon_type":"","sfsi_plus_gutenberg_icon_alignemt":"","sfsi_plus_gutenburg_max_per_row":"","footnotes":""},"categories":[11],"tags":[],"class_list":["post-38381","post","type-post","status-publish","format-standard","has-post-thumbnail","hentry","category-politica"],"_links":{"self":[{"href":"https:\/\/www.caririemacao.com\/1\/wp-json\/wp\/v2\/posts\/38381","targetHints":{"allow":["GET"]}}],"collection":[{"href":"https:\/\/www.caririemacao.com\/1\/wp-json\/wp\/v2\/posts"}],"about":[{"href":"https:\/\/www.caririemacao.com\/1\/wp-json\/wp\/v2\/types\/post"}],"author":[{"embeddable":true,"href":"https:\/\/www.caririemacao.com\/1\/wp-json\/wp\/v2\/users\/2"}],"replies":[{"embeddable":true,"href":"https:\/\/www.caririemacao.com\/1\/wp-json\/wp\/v2\/comments?post=38381"}],"version-history":[{"count":0,"href":"https:\/\/www.caririemacao.com\/1\/wp-json\/wp\/v2\/posts\/38381\/revisions"}],"wp:featuredmedia":[{"embeddable":true,"href":"https:\/\/www.caririemacao.com\/1\/wp-json\/wp\/v2\/media\/38383"}],"wp:attachment":[{"href":"https:\/\/www.caririemacao.com\/1\/wp-json\/wp\/v2\/media?parent=38381"}],"wp:term":[{"taxonomy":"category","embeddable":true,"href":"https:\/\/www.caririemacao.com\/1\/wp-json\/wp\/v2\/categories?post=38381"},{"taxonomy":"post_tag","embeddable":true,"href":"https:\/\/www.caririemacao.com\/1\/wp-json\/wp\/v2\/tags?post=38381"}],"curies":[{"name":"wp","href":"https:\/\/api.w.org\/{rel}","templated":true}]}}