{"id":38402,"date":"2018-01-23T06:55:13","date_gmt":"2018-01-23T09:55:13","guid":{"rendered":"http:\/\/caririemacao.com\/1\/?p=38402"},"modified":"2018-01-23T06:55:13","modified_gmt":"2018-01-23T09:55:13","slug":"lula-pede-prescricao-da-pena-no-caso-triplex","status":"publish","type":"post","link":"https:\/\/www.caririemacao.com\/1\/2018\/01\/23\/lula-pede-prescricao-da-pena-no-caso-triplex\/","title":{"rendered":"Lula pede prescri\u00e7\u00e3o da pena no caso triplex"},"content":{"rendered":"<p>Alternativamente ao pedido de absolvi\u00e7\u00e3o, em memoriais no \u00e2mbito de apela\u00e7\u00e3o contra pena no caso triplex, advogados do ex-presidente Lula reafirmam sua inoc\u00eancia e requerem aos desembargadores do Tribunal da Lava Jato que reconhe\u00e7am a prescri\u00e7\u00e3o dos supostos crimes de lavagem de dinheiro e corrup\u00e7\u00e3o atribu\u00eddos ao petista.<\/p>\n<p>DOS PEDIDOS<\/p>\n<p>Inconformado com a pena de 9 anos e 6 meses de pris\u00e3o imposta pelo juiz federal S\u00e9rgio Moro, o ex-presidente recorreu ao Tribunal Regional Federal da 4.\u00aa Regi\u00e3o, a Corte de apela\u00e7\u00e3o da Lava Jato. Ele nega ser dono do im\u00f3vel do Guaruj\u00e1, que \u00e9 visto pelo magistrado, em senten\u00e7a de julho de 2017, como propina de R$ 2,2 milh\u00f5es da empreiteira OAS.<\/p>\n<p>O julgamento da apela\u00e7\u00e3o ocorre nesta quarta-feira, 24. Est\u00e3o no centro do debate, al\u00e9m da inoc\u00eancia ou culpa do ex-presidente, a execu\u00e7\u00e3o da pena ap\u00f3s decis\u00e3o de segunda inst\u00e2ncia, e a poss\u00edvel candidatura dele nas elei\u00e7\u00f5es presidenciais de 2018.<\/p>\n<p>O entendimento mais recente do Supremo \u00e9 de que r\u00e9us condenados podem ser presos ap\u00f3s decis\u00e3o de segundo grau.<\/p>\n<p>Em memorial ao Tribunal da Lava Jato, a defesa do ex-presidente reivindicou o direito de recorrer em liberdade, caso a senten\u00e7a de Moro seja confirmada pelos desembargadores e atacam a atual convic\u00e7\u00e3o da Suprema Corte.<\/p>\n<p>\u201cFrise-se que as decis\u00f5es proferidas pelo Supremo Tribunal Federal no HC 126.292 e nas ADCs 43 e 44 n\u00e3o possuem car\u00e1ter vinculante, al\u00e9m de configurarem clara ofensa \u00e0 presun\u00e7\u00e3o de inoc\u00eancia. Inclusive, ap\u00f3s os dois julgamentos acima citados, j\u00e1 foram proferidas diversas decis\u00f5es, no \u00e2mbito do mesmo Tribunal, repelindo a execu\u00e7\u00e3o provis\u00f3ria da pena. A cr\u00edtica \u00e0 execu\u00e7\u00e3o provis\u00f3ria da pena tamb\u00e9m emana dos mais respeit\u00e1veis juristas, como Alexandre Morais da Rosa61, Lenio Luiz Streck (um dos subscritores da ADC 44)62 e Cezar Roberto Bittencourt\u201d, anota.<\/p>\n<p>Os oito advogados de Lula requerem, prioritariamente, a absolvi\u00e7\u00e3o do ex-presidente, e, alternativamente, a prescri\u00e7\u00e3o da pena determinada por Moro.<\/p>\n<p>\u201cCom efeito, se o benef\u00edcio material \u2013 vantagem indevida \u2013 ocorreu em 2009, o crime de corrup\u00e7\u00e3o, em qualquer modalidade aventada, j\u00e1 teria se consumado naquele momento\u201d, argumenta a defesa.<\/p>\n<p>\u201cDesse modo, caso se mantenha o quantum imposto na senten\u00e7a, deve ser reconhecida a prescri\u00e7\u00e3o da pretens\u00e3o punitiva retroativa, pois a referida pena prescreve em 6 anos, lapso temporal j\u00e1 transcorrido entre a suposta consuma\u00e7\u00e3o do delito (em oito de outubro de 2009) e o recebimento da den\u00fancia.\u201d<\/p>\n<p>Ainda a defesa. \u201cDa mesma forma, a lavagem de dinheiro teria sido consumada em 8 de outubro de 2009 (data da assun\u00e7\u00e3o do empreendimento imobili\u00e1rio pela OAS, quando teria ocorrido a oculta\u00e7\u00e3o da propriedade do apartamento tr\u00edplex), tendo transcorrido o lapso temporal prescricional entre a suposta consuma\u00e7\u00e3o do delito de lavagem e o recebimento da den\u00fancia\u201d, sustentam os advogados de Lula.<\/p>\n<p><strong>CARIRI EM A\u00c7\u00c3O<\/strong><\/p>\n<p><em>Com Isto\u00c9\/Foto: Reprodu\u00e7\u00e3o google<\/em><\/p>\n<p><strong>Leia mais not\u00edcias em\u00a0<\/strong><a href=\"http:\/\/www.caririemacao.com\/\"><strong>caririemacao.com<\/strong><\/a><strong>, siga nossa p\u00e1gina no\u00a0<\/strong><a href=\"https:\/\/www.facebook.com\/CaririEmAcao\/?ref=aymt_homepage_panel\"><strong>Facebook<\/strong><\/a>,<strong>\u00a0<\/strong><a href=\"https:\/\/www.instagram.com\/cariri_em_acao\/?hl=pt-br\"><strong>Instagram<\/strong><\/a><strong>\u00a0e\u00a0<\/strong><a href=\"https:\/\/www.youtube.com\/channel\/UCAptA0jQuYQy8vMhLt2m4qg\"><strong>Youtube<\/strong><\/a><strong>\u00a0e veja nossas mat\u00e9rias, v\u00eddeos e fotos. Voc\u00ea tamb\u00e9m pode enviar informa\u00e7\u00f5es \u00e0 Reda\u00e7\u00e3o do Portal Cariri em A\u00e7\u00e3o pelo WhatsApp (83) 9 9634.5791, (83) 9 9601-1162.<\/strong><\/p>\n<p>&nbsp;<\/p>\n","protected":false},"excerpt":{"rendered":"<p>Alternativamente ao pedido de absolvi\u00e7\u00e3o, em memoriais no \u00e2mbito de apela\u00e7\u00e3o contra pena no caso triplex, advogados do ex-presidente Lula reafirmam sua inoc\u00eancia e requerem&hellip; <\/p>\n","protected":false},"author":2,"featured_media":38403,"comment_status":"closed","ping_status":"closed","sticky":false,"template":"","format":"standard","meta":{"sfsi_plus_gutenberg_text_before_share":"","sfsi_plus_gutenberg_show_text_before_share":"","sfsi_plus_gutenberg_icon_type":"","sfsi_plus_gutenberg_icon_alignemt":"","sfsi_plus_gutenburg_max_per_row":"","footnotes":""},"categories":[11],"tags":[],"class_list":["post-38402","post","type-post","status-publish","format-standard","has-post-thumbnail","hentry","category-politica"],"_links":{"self":[{"href":"https:\/\/www.caririemacao.com\/1\/wp-json\/wp\/v2\/posts\/38402","targetHints":{"allow":["GET"]}}],"collection":[{"href":"https:\/\/www.caririemacao.com\/1\/wp-json\/wp\/v2\/posts"}],"about":[{"href":"https:\/\/www.caririemacao.com\/1\/wp-json\/wp\/v2\/types\/post"}],"author":[{"embeddable":true,"href":"https:\/\/www.caririemacao.com\/1\/wp-json\/wp\/v2\/users\/2"}],"replies":[{"embeddable":true,"href":"https:\/\/www.caririemacao.com\/1\/wp-json\/wp\/v2\/comments?post=38402"}],"version-history":[{"count":0,"href":"https:\/\/www.caririemacao.com\/1\/wp-json\/wp\/v2\/posts\/38402\/revisions"}],"wp:featuredmedia":[{"embeddable":true,"href":"https:\/\/www.caririemacao.com\/1\/wp-json\/wp\/v2\/media\/38403"}],"wp:attachment":[{"href":"https:\/\/www.caririemacao.com\/1\/wp-json\/wp\/v2\/media?parent=38402"}],"wp:term":[{"taxonomy":"category","embeddable":true,"href":"https:\/\/www.caririemacao.com\/1\/wp-json\/wp\/v2\/categories?post=38402"},{"taxonomy":"post_tag","embeddable":true,"href":"https:\/\/www.caririemacao.com\/1\/wp-json\/wp\/v2\/tags?post=38402"}],"curies":[{"name":"wp","href":"https:\/\/api.w.org\/{rel}","templated":true}]}}