{"id":38405,"date":"2018-01-23T06:57:44","date_gmt":"2018-01-23T09:57:44","guid":{"rendered":"http:\/\/caririemacao.com\/1\/?p=38405"},"modified":"2018-01-23T06:57:44","modified_gmt":"2018-01-23T09:57:44","slug":"temer-quer-votar-previdencia-em-fevereiro-mesmo-que-para-perder","status":"publish","type":"post","link":"https:\/\/www.caririemacao.com\/1\/2018\/01\/23\/temer-quer-votar-previdencia-em-fevereiro-mesmo-que-para-perder\/","title":{"rendered":"Temer quer votar Previd\u00eancia em fevereiro mesmo que \u2018para perder\u2019"},"content":{"rendered":"<p>O governo sabe que n\u00e3o tem ainda os 308 votos necess\u00e1rios para aprovar a mat\u00e9ria, que tem previs\u00e3o de ir a vota\u00e7\u00e3o no dia 19 de fevereiro. A avalia\u00e7\u00e3o de Temer \u00e9 que os deputados v\u00e3o ser cobrados pelo seu posicionamento perante o tema e que \u00e9 preciso que eles \u201cmostrem a cara\u201d.<\/p>\n<p>De acordo com um auxiliar do presidente, a determina\u00e7\u00e3o do governo em votar mesmo para perder far\u00e1 ainda com que os pr\u00e9-candidatos \u2013 como Geraldo Alckmin \u2013 pressionem seus partidos para votarem a favor do texto.<\/p>\n<p>No fim do ano passado, Temer ensaiou o discurso que adotar\u00e1 caso a mat\u00e9ria n\u00e3o seja aprovada, dir\u00e1 que \u201cfez sua parte\u201d e que os parlamentares \u00e9 que ser\u00e3o culpados pela continuidade de crise.<\/p>\n<p><strong>CARIRI EM A\u00c7\u00c3O<\/strong><\/p>\n<p><em>Com Bras\u00edlia de Fato\/Foto:\u00a0Bras\u00edlia de Fato<\/em><\/p>\n<p><strong>Leia mais not\u00edcias em\u00a0<\/strong><a href=\"http:\/\/www.caririemacao.com\/\"><strong>caririemacao.com<\/strong><\/a><strong>, siga nossa p\u00e1gina no\u00a0<\/strong><a href=\"https:\/\/www.facebook.com\/CaririEmAcao\/?ref=aymt_homepage_panel\"><strong>Facebook<\/strong><\/a>,<strong>\u00a0<\/strong><a href=\"https:\/\/www.instagram.com\/cariri_em_acao\/?hl=pt-br\"><strong>Instagram<\/strong><\/a><strong>\u00a0e\u00a0<\/strong><a href=\"https:\/\/www.youtube.com\/channel\/UCAptA0jQuYQy8vMhLt2m4qg\"><strong>Youtube<\/strong><\/a><strong>\u00a0e veja nossas mat\u00e9rias, v\u00eddeos e fotos. Voc\u00ea tamb\u00e9m pode enviar informa\u00e7\u00f5es \u00e0 Reda\u00e7\u00e3o do Portal Cariri em A\u00e7\u00e3o pelo WhatsApp (83) 9 9634.5791, (83) 9 9601-1162.<\/strong><\/p>\n","protected":false},"excerpt":{"rendered":"<p>O governo sabe que n\u00e3o tem ainda os 308 votos necess\u00e1rios para aprovar a mat\u00e9ria, que tem previs\u00e3o de ir a vota\u00e7\u00e3o no dia 19&hellip; <\/p>\n","protected":false},"author":2,"featured_media":38406,"comment_status":"closed","ping_status":"closed","sticky":false,"template":"","format":"standard","meta":{"sfsi_plus_gutenberg_text_before_share":"","sfsi_plus_gutenberg_show_text_before_share":"","sfsi_plus_gutenberg_icon_type":"","sfsi_plus_gutenberg_icon_alignemt":"","sfsi_plus_gutenburg_max_per_row":"","footnotes":""},"categories":[11],"tags":[],"class_list":["post-38405","post","type-post","status-publish","format-standard","has-post-thumbnail","hentry","category-politica"],"_links":{"self":[{"href":"https:\/\/www.caririemacao.com\/1\/wp-json\/wp\/v2\/posts\/38405","targetHints":{"allow":["GET"]}}],"collection":[{"href":"https:\/\/www.caririemacao.com\/1\/wp-json\/wp\/v2\/posts"}],"about":[{"href":"https:\/\/www.caririemacao.com\/1\/wp-json\/wp\/v2\/types\/post"}],"author":[{"embeddable":true,"href":"https:\/\/www.caririemacao.com\/1\/wp-json\/wp\/v2\/users\/2"}],"replies":[{"embeddable":true,"href":"https:\/\/www.caririemacao.com\/1\/wp-json\/wp\/v2\/comments?post=38405"}],"version-history":[{"count":0,"href":"https:\/\/www.caririemacao.com\/1\/wp-json\/wp\/v2\/posts\/38405\/revisions"}],"wp:featuredmedia":[{"embeddable":true,"href":"https:\/\/www.caririemacao.com\/1\/wp-json\/wp\/v2\/media\/38406"}],"wp:attachment":[{"href":"https:\/\/www.caririemacao.com\/1\/wp-json\/wp\/v2\/media?parent=38405"}],"wp:term":[{"taxonomy":"category","embeddable":true,"href":"https:\/\/www.caririemacao.com\/1\/wp-json\/wp\/v2\/categories?post=38405"},{"taxonomy":"post_tag","embeddable":true,"href":"https:\/\/www.caririemacao.com\/1\/wp-json\/wp\/v2\/tags?post=38405"}],"curies":[{"name":"wp","href":"https:\/\/api.w.org\/{rel}","templated":true}]}}