{"id":38416,"date":"2018-01-23T07:16:52","date_gmt":"2018-01-23T10:16:52","guid":{"rendered":"http:\/\/caririemacao.com\/1\/?p=38416"},"modified":"2018-01-23T07:16:52","modified_gmt":"2018-01-23T10:16:52","slug":"procurador-eleitoral-da-paraiba-vai-se-reunir-com-promotores-para-debater-medidas-que-impeca-a-antecipacao-da-campanha","status":"publish","type":"post","link":"https:\/\/www.caririemacao.com\/1\/2018\/01\/23\/procurador-eleitoral-da-paraiba-vai-se-reunir-com-promotores-para-debater-medidas-que-impeca-a-antecipacao-da-campanha\/","title":{"rendered":"Procurador eleitoral da Para\u00edba vai se reunir com promotores para debater medidas que impe\u00e7a a antecipa\u00e7\u00e3o da campanha"},"content":{"rendered":"<p>A antecipa\u00e7\u00e3o da campanha eleitoral \u00e9 uma das preocupa\u00e7\u00f5es do Minist\u00e9rio P\u00fablico para o pleito de 7 de outubro. De acordo com o procurador regional eleitoral da Para\u00edba, Victor Carvalho Veggi, apesar de n\u00e3o ter como coibir tal pr\u00e1tica, vai seguir \u00e0 risca o que disp\u00f5e a Lei 9.504\/97, a Lei das Elei\u00e7\u00f5es, com a an\u00e1lise do caso concreto, para verificar h\u00e1 pr\u00e1tica de propaganda antecipada ou outro il\u00edcito.<\/p>\n<p>As puni\u00e7\u00f5es para quem descumprir as proibi\u00e7\u00f5es impostas pela Lei das Elei\u00e7\u00f5es v\u00e3o de multa at\u00e9 mesmo deten\u00e7\u00e3o, isso sem falar na possibilidade das a\u00e7\u00f5es que podem resultar na cassa\u00e7\u00e3o do registro de candidaturas e at\u00e9 mesmo a cassa\u00e7\u00e3o de mandatos dos eleitos. A referida lei estabelece que o valor da multa nesses casos pode variar de R$ 5 mil a R$ 25 mil ou ser \u201cequivalente ao custo da propaganda, se este for maior\u201d .<\/p>\n<p>Na coordena\u00e7\u00e3o das a\u00e7\u00f5es da Procuradoria Regional Eleitoral no Estado, o procurador Victor Veggi vai contar com o apoio dos promotores do Minist\u00e9rio P\u00fablico da Para\u00edba (MPPB), que tem como procurador-geral Francisco Ser\u00e1phico da N\u00f3brega Filho, que j\u00e1 garantiu uma atua\u00e7\u00e3o conjunta entre os dois \u00f3rg\u00e3os e os detalhes est\u00e3o sendo acertados, em uma s\u00e9rie de reuni\u00f5es.<\/p>\n<p>De acordo com Ser\u00e1fico da N\u00f3brega, o MPPB vai dar o apoio necess\u00e1rio as a\u00e7\u00f5es do Minist\u00e9rio P\u00fablico Eleitoral em todas as regi\u00f5es do Estado. Segundo ele, haver\u00e1 uma for\u00e7a tarefa com a participa\u00e7\u00e3o de todos os promotores eleitorais para realiza\u00e7\u00e3o de um trabalho n\u00e3o s\u00f3 de fiscaliza\u00e7\u00e3o, mas para o combate da pr\u00e1tica de crime eleitoral nos 223 munic\u00edpios paraibanos.<\/p>\n<p><strong>CARIRI EM A\u00c7\u00c3O<\/strong><\/p>\n<p><em>Com PB Agora \/Foto:\u00a0PB Agora<\/em><\/p>\n<p><strong>Leia mais not\u00edcias em\u00a0<\/strong><a href=\"http:\/\/www.caririemacao.com\/\"><strong>caririemacao.com<\/strong><\/a><strong>, siga nossa p\u00e1gina no\u00a0<\/strong><a href=\"https:\/\/www.facebook.com\/CaririEmAcao\/?ref=aymt_homepage_panel\"><strong>Facebook<\/strong><\/a>,<strong>\u00a0<\/strong><a href=\"https:\/\/www.instagram.com\/cariri_em_acao\/?hl=pt-br\"><strong>Instagram<\/strong><\/a><strong>\u00a0e\u00a0<\/strong><a href=\"https:\/\/www.youtube.com\/channel\/UCAptA0jQuYQy8vMhLt2m4qg\"><strong>Youtube<\/strong><\/a><strong>\u00a0e veja nossas mat\u00e9rias, v\u00eddeos e fotos. Voc\u00ea tamb\u00e9m pode enviar informa\u00e7\u00f5es \u00e0 Reda\u00e7\u00e3o do Portal Cariri em A\u00e7\u00e3o pelo WhatsApp (83) 9 9634.5791, (83) 9 9601-1162.<\/strong><\/p>\n","protected":false},"excerpt":{"rendered":"<p>A antecipa\u00e7\u00e3o da campanha eleitoral \u00e9 uma das preocupa\u00e7\u00f5es do Minist\u00e9rio P\u00fablico para o pleito de 7 de outubro. De acordo com o procurador regional&hellip; <\/p>\n","protected":false},"author":2,"featured_media":38417,"comment_status":"closed","ping_status":"closed","sticky":false,"template":"","format":"standard","meta":{"sfsi_plus_gutenberg_text_before_share":"","sfsi_plus_gutenberg_show_text_before_share":"","sfsi_plus_gutenberg_icon_type":"","sfsi_plus_gutenberg_icon_alignemt":"","sfsi_plus_gutenburg_max_per_row":"","footnotes":""},"categories":[2],"tags":[],"class_list":["post-38416","post","type-post","status-publish","format-standard","has-post-thumbnail","hentry","category-geral"],"_links":{"self":[{"href":"https:\/\/www.caririemacao.com\/1\/wp-json\/wp\/v2\/posts\/38416","targetHints":{"allow":["GET"]}}],"collection":[{"href":"https:\/\/www.caririemacao.com\/1\/wp-json\/wp\/v2\/posts"}],"about":[{"href":"https:\/\/www.caririemacao.com\/1\/wp-json\/wp\/v2\/types\/post"}],"author":[{"embeddable":true,"href":"https:\/\/www.caririemacao.com\/1\/wp-json\/wp\/v2\/users\/2"}],"replies":[{"embeddable":true,"href":"https:\/\/www.caririemacao.com\/1\/wp-json\/wp\/v2\/comments?post=38416"}],"version-history":[{"count":0,"href":"https:\/\/www.caririemacao.com\/1\/wp-json\/wp\/v2\/posts\/38416\/revisions"}],"wp:featuredmedia":[{"embeddable":true,"href":"https:\/\/www.caririemacao.com\/1\/wp-json\/wp\/v2\/media\/38417"}],"wp:attachment":[{"href":"https:\/\/www.caririemacao.com\/1\/wp-json\/wp\/v2\/media?parent=38416"}],"wp:term":[{"taxonomy":"category","embeddable":true,"href":"https:\/\/www.caririemacao.com\/1\/wp-json\/wp\/v2\/categories?post=38416"},{"taxonomy":"post_tag","embeddable":true,"href":"https:\/\/www.caririemacao.com\/1\/wp-json\/wp\/v2\/tags?post=38416"}],"curies":[{"name":"wp","href":"https:\/\/api.w.org\/{rel}","templated":true}]}}