{"id":38419,"date":"2018-01-23T07:26:32","date_gmt":"2018-01-23T10:26:32","guid":{"rendered":"http:\/\/caririemacao.com\/1\/?p=38419"},"modified":"2018-01-23T07:26:32","modified_gmt":"2018-01-23T10:26:32","slug":"lula-e-dilma-em-porto-alegre-esquentam-animos-para-julgamento","status":"publish","type":"post","link":"https:\/\/www.caririemacao.com\/1\/2018\/01\/23\/lula-e-dilma-em-porto-alegre-esquentam-animos-para-julgamento\/","title":{"rendered":"Lula e Dilma em Porto Alegre esquentam \u00e2nimos para julgamento"},"content":{"rendered":"<p>Enviado especial a Porto Alegre (RS) \u2013\u00a0O Partido dos Trabalhadores se prepara para a \u201cguerra\u201d.\u00a0Cerca de 50 mil pessoas s\u00e3o esperadas para tingir de vermelho, cor da bandeira petista, as ruas\u00a0de Porto Alegre durante esta semana, decisiva para definir o destino de um dos l\u00edderes pol\u00edticos mais populares em todo o mundo. Na v\u00e9spera de a 8\u00aa Turma do\u00a0Tribunal Federal da 4\u00aa\u00a0Regi\u00e3o (TRF-4) reunir-se pela primeira vez neste ano e come\u00e7ar a decidir se mant\u00e9m, aumenta ou extingue a pena imposta em julho pelo juiz federal S\u00e9rgio Moro a Luiz In\u00e1cio Lula da Silva, o primeiro ex-presidente do pa\u00eds condenado por corrup\u00e7\u00e3o desembarca por volta das 16h na capital ga\u00facha.<\/p>\n<p>\u00c0s 17h desta ter\u00e7a-feira (23\/1), \u00e9 prevista a participa\u00e7\u00e3o do petista em ato da milit\u00e2ncia na chamada Esquina Democr\u00e1tica \u2013 cruzamento entre a Avenida Borges de Medeiros e a Rua dos Andradas, no centro de Porto Alegre, e\u00a0\u00a0tradicional ponto de manifesta\u00e7\u00f5es populares na cidade.\u00a0Ao seu lado, estar\u00e1 a primeira mulher a assumir o comando da Presid\u00eancia da Rep\u00fablica e tamb\u00e9m primeira chefe do Executivo federal a ser destitu\u00edda do poder\u00a0enquanto estava no exerc\u00edcio do mandato, Dilma Rousseff.<\/p>\n<p>A expectativa \u00e9 de que a presen\u00e7a dos dois \u00edcones petistas encoraje ainda mais a milit\u00e2ncia a cobrar do Judici\u00e1rio a libera\u00e7\u00e3o de Lula para a disputa eleitoral deste ano. Mas pode ter efeito inverso: no fim da tarde, ser\u00e1 realizado protesto contra o ex-presidente coordenado pelo Movimento Vem pra Rua,\u00a0 no Parque Moinhos de Vento, o Parc\u00e3o, espa\u00e7o usual de protestos em apoio \u00e0 Lava Jato, em Porto Alegre.<\/p>\n<p><a href=\"http:\/\/caririemacao.com\/1\/wp-content\/uploads\/2018\/01\/encontro-poa2.jpeg\"><img fetchpriority=\"high\" decoding=\"async\" class=\"aligncenter size-full wp-image-38420\" src=\"http:\/\/caririemacao.com\/1\/wp-content\/uploads\/2018\/01\/encontro-poa2.jpeg\" alt=\"\" width=\"840\" height=\"560\" srcset=\"https:\/\/www.caririemacao.com\/1\/wp-content\/uploads\/2018\/01\/encontro-poa2.jpeg 840w, https:\/\/www.caririemacao.com\/1\/wp-content\/uploads\/2018\/01\/encontro-poa2-300x200.jpeg 300w, https:\/\/www.caririemacao.com\/1\/wp-content\/uploads\/2018\/01\/encontro-poa2-768x512.jpeg 768w\" sizes=\"(max-width: 840px) 100vw, 840px\" \/><\/a><\/p>\n<p>Embora ambos os movimentos tenham firmado uma esp\u00e9cie de pacto de n\u00e3o agress\u00e3o costurado pela Secretaria de Seguran\u00e7a P\u00fablica do estado (SSP-RS), comprometendo-se a promover mobiliza\u00e7\u00f5es pac\u00edficas, o governo federal achou por bem p\u00f4r as\u00a0For\u00e7as Armadas em prontid\u00e3o. Na segunda (22), o ministro da Justi\u00e7a Raul Jungmann afirmou existir \u201cpessoal de pronto emprego para qualquer emerg\u00eancia\u201d, diante da tens\u00e3o em torno do julgamento. \u201cEstamos prontos e atentos\u2026 H\u00e1 lugar para protesto, manifestar opini\u00e3o, mas dentro da ordem, com respeito \u00e0s pessoas e \u00e0 propriedade\u201d, disse.<\/p>\n<p>Os soldados agir\u00e3o em casos excepcionais, afirmou o ministro, refor\u00e7ando o policiamento ostensivo, que estar\u00e1 a cargo da Brigada Militar da capital e de duas cidades do estado convocadas para atuar em Porto Alegre durante esta semana, al\u00e9m da Pol\u00edcia Civil, da Pol\u00edcia Rodovi\u00e1ria Federal (PRF) e de tropas da For\u00e7a Nacional incumbidas de proteger pr\u00e9dios federais.<\/p>\n<p>As avenidas que d\u00e3o acesso ao tribunal\u00a0ser\u00e3o fechadas a partir do meio-dia desta ter\u00e7a. \u00c0s 17h, o per\u00edmetro imediatamente em volta do TRF-4 se torna restrito a pessoas autorizadas. No dia do julgamento, a Avenida Edvaldo Pereira Paiva, uma das principais da cidade, ser\u00e1 bloqueada para garantir a seguran\u00e7a do j\u00fari \u2013 o bloqueio ser\u00e1 terrestre, a\u00e9reo e tamb\u00e9m naval, uma vez que o tribunal encontra-se nas imedia\u00e7\u00f5es do rio Gua\u00edba. \u201cO objetivo das opera\u00e7\u00f5es \u00e9 a manuten\u00e7\u00e3o da ordem p\u00fablica e da livre manifesta\u00e7\u00e3o\u201d, afirmou o secret\u00e1rio da SSP-RS, Cezar Schirmer.<\/p>\n<p><strong>Opera\u00e7\u00e3o de guerra<br \/>\n<\/strong>H\u00e1 uma preocupa\u00e7\u00e3o extra com a seguran\u00e7a dos\u00a0tr\u00eas desembargadores\u00a0que julgar\u00e3o os recursos de Lula e mais tr\u00eas acusados contra suas condena\u00e7\u00f5es na Lava Jato, bem como a apela\u00e7\u00e3o do Minist\u00e9rio P\u00fablico Federal a respeito da senten\u00e7a dada ao petista e a absolvi\u00e7\u00e3o de mais tr\u00eas envolvidos. Aeronaves da PRF est\u00e3o prontas para levar o trio julgador at\u00e9 a sede da Corte federal caso haja protestos ou lentid\u00e3o nas vias. Se o deslocamento terrestre for poss\u00edvel, os magistrados ser\u00e3o escoltados por batedores da corpora\u00e7\u00e3o durante todo o percurso.<\/p>\n<p>Os n\u00fameros relacionados \u00e0 sess\u00e3o do TRF-4 s\u00e3o grandiosos e ajudam a justificar a \u201copera\u00e7\u00e3o de guerra\u201d. Al\u00e9m dos 50 mil apoiadores do ex-presidente, que se encaminharam \u00e0 capital ga\u00facha em 300 caravanas sa\u00eddas de todos os cantos do pa\u00eds, a Corte federal em Porto Alegre credenciou 300 jornalistas \u2013 43 deles estrangeiros \u2013 para cobrir a sess\u00e3o. Isso sem mencionar os participantes das manifesta\u00e7\u00f5es anti-Lula, p\u00fablico ainda n\u00e3o totalmente mensurado. S\u00f3 o evento CarnaLula, marcado para o dia do julgamento, tinha, at\u00e9 a madrugada desta ter\u00e7a-feira, 1,5 mil confirma\u00e7\u00f5es de presen\u00e7a em sua p\u00e1gina no Facebook e 5,4 mil interessados, mas os pr\u00f3prios organizadores admitiram esperar manifesta\u00e7\u00f5es discretas contra o petista.<\/p>\n<p>Lula e Dilma, por sua vez, estar\u00e3o escoltados por parlamentares federais, estaduais, municipais e do Distrito Federal, al\u00e9m da milit\u00e2ncia. Entre os congressistas, nove senadores e 43 deputados tinham confirmado, na segunda-feira (22\/1), presen\u00e7a em Porto Alegre. O distrital Ricardo Vale tamb\u00e9m foi para a capital ga\u00facha, assim como o ex-governador do DF\u00a0Agnelo Queiroz. Mas nem todos os apoiadores receberam bem a not\u00edcia de que o presidente de honra do Partido dos Trabalhadores estar\u00e1 na cidade nesta ter\u00e7a (23).<\/p>\n<p>Na opini\u00e3o de Jo\u00e3o Pedro St\u00e9dile, integrante da dire\u00e7\u00e3o nacional do Movimento dos Trabalhadores Rurais Sem Terra (MST), que j\u00e1\u00a0est\u00e1 na capital, seria melhor Lula n\u00e3o ir ao ato agendado por seus seguidores. \u201cPode ser interpretado como uma provoca\u00e7\u00e3o. Se ele me pedisse opini\u00e3o, eu diria que \u00e9 melhor n\u00e3o vir\u201d, afirmou. Sem consult\u00e1-lo, Lula decidiu comparecer, mas, por via das d\u00favidas, na quarta-feira (24) ficar\u00e1 em S\u00e3o Paulo, enquanto os integrantes da 8\u00aa Turma decidem seu destino.<\/p>\n<p><strong>CARIRI EM A\u00c7\u00c3O<\/strong><\/p>\n<p><em>Com Metr\u00f3poles \/Foto:\u00a0Metr\u00f3poles<\/em><\/p>\n<p><strong>Leia mais not\u00edcias em\u00a0<\/strong><a href=\"http:\/\/www.caririemacao.com\/\"><strong>caririemacao.com<\/strong><\/a><strong>, siga nossa p\u00e1gina no\u00a0<\/strong><a href=\"https:\/\/www.facebook.com\/CaririEmAcao\/?ref=aymt_homepage_panel\"><strong>Facebook<\/strong><\/a>,<strong>\u00a0<\/strong><a href=\"https:\/\/www.instagram.com\/cariri_em_acao\/?hl=pt-br\"><strong>Instagram<\/strong><\/a><strong>\u00a0e\u00a0<\/strong><a href=\"https:\/\/www.youtube.com\/channel\/UCAptA0jQuYQy8vMhLt2m4qg\"><strong>Youtube<\/strong><\/a><strong>\u00a0e veja nossas mat\u00e9rias, v\u00eddeos e fotos. Voc\u00ea tamb\u00e9m pode enviar informa\u00e7\u00f5es \u00e0 Reda\u00e7\u00e3o do Portal Cariri em A\u00e7\u00e3o pelo WhatsApp (83) 9 9634.5791, (83) 9 9601-1162.<\/strong><\/p>\n<p>&nbsp;<\/p>\n","protected":false},"excerpt":{"rendered":"<p>Enviado especial a Porto Alegre (RS) \u2013\u00a0O Partido dos Trabalhadores se prepara para a \u201cguerra\u201d.\u00a0Cerca de 50 mil pessoas s\u00e3o esperadas para tingir de vermelho,&hellip; <\/p>\n","protected":false},"author":2,"featured_media":38421,"comment_status":"closed","ping_status":"closed","sticky":false,"template":"","format":"standard","meta":{"sfsi_plus_gutenberg_text_before_share":"","sfsi_plus_gutenberg_show_text_before_share":"","sfsi_plus_gutenberg_icon_type":"","sfsi_plus_gutenberg_icon_alignemt":"","sfsi_plus_gutenburg_max_per_row":"","footnotes":""},"categories":[11],"tags":[],"class_list":["post-38419","post","type-post","status-publish","format-standard","has-post-thumbnail","hentry","category-politica"],"_links":{"self":[{"href":"https:\/\/www.caririemacao.com\/1\/wp-json\/wp\/v2\/posts\/38419","targetHints":{"allow":["GET"]}}],"collection":[{"href":"https:\/\/www.caririemacao.com\/1\/wp-json\/wp\/v2\/posts"}],"about":[{"href":"https:\/\/www.caririemacao.com\/1\/wp-json\/wp\/v2\/types\/post"}],"author":[{"embeddable":true,"href":"https:\/\/www.caririemacao.com\/1\/wp-json\/wp\/v2\/users\/2"}],"replies":[{"embeddable":true,"href":"https:\/\/www.caririemacao.com\/1\/wp-json\/wp\/v2\/comments?post=38419"}],"version-history":[{"count":0,"href":"https:\/\/www.caririemacao.com\/1\/wp-json\/wp\/v2\/posts\/38419\/revisions"}],"wp:featuredmedia":[{"embeddable":true,"href":"https:\/\/www.caririemacao.com\/1\/wp-json\/wp\/v2\/media\/38421"}],"wp:attachment":[{"href":"https:\/\/www.caririemacao.com\/1\/wp-json\/wp\/v2\/media?parent=38419"}],"wp:term":[{"taxonomy":"category","embeddable":true,"href":"https:\/\/www.caririemacao.com\/1\/wp-json\/wp\/v2\/categories?post=38419"},{"taxonomy":"post_tag","embeddable":true,"href":"https:\/\/www.caririemacao.com\/1\/wp-json\/wp\/v2\/tags?post=38419"}],"curies":[{"name":"wp","href":"https:\/\/api.w.org\/{rel}","templated":true}]}}