{"id":38423,"date":"2018-01-23T07:35:40","date_gmt":"2018-01-23T10:35:40","guid":{"rendered":"http:\/\/caririemacao.com\/1\/?p=38423"},"modified":"2018-01-23T07:35:40","modified_gmt":"2018-01-23T10:35:40","slug":"ministerio-reafirma-conclusao-em-2018-do-eixo-norte-do-projeto-sao-francisco","status":"publish","type":"post","link":"https:\/\/www.caririemacao.com\/1\/2018\/01\/23\/ministerio-reafirma-conclusao-em-2018-do-eixo-norte-do-projeto-sao-francisco\/","title":{"rendered":"Minist\u00e9rio reafirma conclus\u00e3o em 2018 do Eixo Norte do Projeto S\u00e3o Francisco"},"content":{"rendered":"<p>O secret\u00e1rio de Infraestrutura H\u00eddrica do Minist\u00e9rio da Integra\u00e7\u00e3o Nacional, Ant\u00f4nio de P\u00e1dua, reafirmou nesta quinta-feira (18) o compromisso do Governo Federal em concluir neste ano as obras do Eixo Norte do Projeto de Integra\u00e7\u00e3o do Rio S\u00e3o Francisco. A declara\u00e7\u00e3o foi feita aos membros do Minist\u00e9rio P\u00fablico da Para\u00edba e outros \u00f3rg\u00e3os federais, durante reuni\u00e3o t\u00e9cnica realizada na sede da Procuradoria- Geral de Justi\u00e7a, em Jo\u00e3o Pessoa (PB). O trecho vai levar as \u00e1guas do Velho Chico para mais de 7,1 milh\u00f5es de pessoas nos estados de Pernambuco, Cear\u00e1, Para\u00edba e Rio Grande do Norte.<\/p>\n<p>\u201cO Governo Federal tem cumprido a sua parte. Hoje n\u00e3o temos nenhuma medi\u00e7\u00e3o pendente. \u00c9 importante que todos os \u00f3rg\u00e3os se unam para encontrar solu\u00e7\u00f5es em conjunto e, assim, cumprir nossas metas, que \u00e9 levar a \u00e1gua ao usu\u00e1rio final\u201d, destacou o secret\u00e1rio.<\/p>\n<p>Com 260 quil\u00f4metros de extens\u00e3o, o Eixo Norte est\u00e1 com 94,9% das obras conclu\u00eddas e \u00e9\u00a0composto por tr\u00eas metas (1N, 2N e 3N). O primeiro trecho (1N) da estrutura est\u00e1 em atividade e conta com cerca de 2.000 profissionais e 550 equipamentos em opera\u00e7\u00e3o ao longo dos 140 quil\u00f4metros da etapa.<\/p>\n<p>O aumento do efetivo da empresa respons\u00e1vel pelo trecho tem ocorrido devido \u00e0 constante fiscaliza\u00e7\u00e3o dos servi\u00e7os por parte dos engenheiros do Minist\u00e9rio. O objetivo \u00e9 que a construtora amplie sua produtividade para cumprir o cronograma de entrega do empreendimento. Atualmente, as \u00e1guas do Rio S\u00e3o Francisco j\u00e1 percorrem 51 quil\u00f4metros dos canais do Eixo Norte.<\/p>\n<p>Respons\u00e1vel por dar funcionalidade a esse eixo, a meta 1N capta a \u00e1gua do S\u00e3o Francisco, em Cabrob\u00f3 no interior de Pernambuco, e vai conduzi-la at\u00e9 o estado do Cear\u00e1, na cidade de Penaforte. De l\u00e1, as \u00e1guas seguir\u00e3o por gravidade por meio das estruturas de engenharia das Metas 2N e 3N at\u00e9 os estados da Para\u00edba e Rio Grande do Norte. Essas etapas (2N e 3N) j\u00e1 est\u00e3o com as obras em fase final e ambas j\u00e1 apresentam mais de 98% de avan\u00e7o f\u00edsico.<\/p>\n<p><strong>Mais \u00e1gua<\/strong><br \/>\nDurante o encontro, Ant\u00f4nio de P\u00e1dua tamb\u00e9m informou aos participantes que, nos pr\u00f3ximos 10 dias, o Eixo Leste do Projeto vai ampliar o volume de \u00e1gua do S\u00e3o Francisco que atualmente \u00e9 entregue pelo Minist\u00e9rio da Integra\u00e7\u00e3o no leito do Rio Para\u00edba, na cidade de Monteiro (PB). Isso porque as 12 bombas das seis esta\u00e7\u00f5es elevat\u00f3rias do eixo v\u00e3o entrar em funcionamento simult\u00e2neo. Hoje, o Eixo Leste est\u00e1 em pr\u00e9-opera\u00e7\u00e3o e fornece cerca de 4,5 metros c\u00fabicos por segundo no local \u2013 quantitativo considerado suficiente para o atendimento de uma cidade com dois milh\u00f5es de habitantes.<\/p>\n<p>Desde mar\u00e7o de 2017, o empreendimento j\u00e1 tem garantido o atendimento de quase um milh\u00e3o de pessoas em 32 munic\u00edpios dos estados da Para\u00edba e de Pernambuco. Naquela \u00e9poca, o Minist\u00e9rio da Integra\u00e7\u00e3o Nacional evitou que a popula\u00e7\u00e3o de Campina Grande \u2013 segunda maior cidade paraibana \u2013 sofresse um colapso no abastecimento de \u00e1gua em suas resid\u00eancias.<\/p>\n<p><strong>Responsabilidades<\/strong><br \/>\nAs responsabilidades dos Estados que ser\u00e3o beneficiados pelo Velho Chico tamb\u00e9m fizeram parte das discuss\u00f5es. Ao Minist\u00e9rio da Integra\u00e7\u00e3o cabe disponibilizar a \u00e1gua aos pontos de capta\u00e7\u00e3o inicialmente previstos.<\/p>\n<p>J\u00e1 o governo local tem a prerrogativa de estudar e implementar as interven\u00e7\u00f5es necess\u00e1rias para a chegada da \u00e1gua nos munic\u00edpios e nas torneiras das casas. Assim como fiscalizar o curso d\u00bf\u00e1gua do Rio Para\u00edba e a\u00e7udes para que n\u00e3o ocorram capta\u00e7\u00f5es irregulares e desperd\u00edcio do recurso.<\/p>\n<p><strong>Meio Ambiente<\/strong><br \/>\nA coordenadora-geral de Programas Ambientais do Minist\u00e9rio, Elianeiva Odisio, tamb\u00e9m explicou as a\u00e7\u00f5es dos 38 Programas Ambientais (PBAs) e das 62 condicionantes do Projeto S\u00e3o Francisco que est\u00e3o sendo cumpridas pelas equipes t\u00e9cnicas da Integra\u00e7\u00e3o Nacional e por diversos \u00f3rg\u00e3os parceiros como, por exemplo, as Universidades de Pernambuco (UFPE) e do Vale do S\u00e3o Francisco (Univasf).<\/p>\n<p>Cerca de 90,9% das a\u00e7\u00f5es j\u00e1 foram finalizadas e contam com fiscaliza\u00e7\u00f5es regulares de representantes do Instituto Brasileiro do Meio Ambiente e dos Recursos Naturais Renov\u00e1veis (Ibama), \u00f3rg\u00e3o licenciador. As medidas estrat\u00e9gicas t\u00eam o objetivo de minimizar e compensar os poss\u00edveis impactos da implanta\u00e7\u00e3o do Projeto, al\u00e9m de potencializar os seus benef\u00edcios sociais.<\/p>\n<p><strong>CARIRI EM A\u00c7\u00c3O<\/strong><\/p>\n<p><em>Com Uirauna.net\/Foto: Reprodu\u00e7\u00e3o google<\/em><\/p>\n<p><strong>Leia mais not\u00edcias em\u00a0<\/strong><a href=\"http:\/\/www.caririemacao.com\/\"><strong>caririemacao.com<\/strong><\/a><strong>, siga nossa p\u00e1gina no\u00a0<\/strong><a href=\"https:\/\/www.facebook.com\/CaririEmAcao\/?ref=aymt_homepage_panel\"><strong>Facebook<\/strong><\/a>,<strong>\u00a0<\/strong><a href=\"https:\/\/www.instagram.com\/cariri_em_acao\/?hl=pt-br\"><strong>Instagram<\/strong><\/a><strong>\u00a0e\u00a0<\/strong><a href=\"https:\/\/www.youtube.com\/channel\/UCAptA0jQuYQy8vMhLt2m4qg\"><strong>Youtube<\/strong><\/a><strong>\u00a0e veja nossas mat\u00e9rias, v\u00eddeos e fotos. Voc\u00ea tamb\u00e9m pode enviar informa\u00e7\u00f5es \u00e0 Reda\u00e7\u00e3o do Portal Cariri em A\u00e7\u00e3o pelo WhatsApp (83) 9 9634.5791, (83) 9 9601-1162.<\/strong><\/p>\n","protected":false},"excerpt":{"rendered":"<p>O secret\u00e1rio de Infraestrutura H\u00eddrica do Minist\u00e9rio da Integra\u00e7\u00e3o Nacional, Ant\u00f4nio de P\u00e1dua, reafirmou nesta quinta-feira (18) o compromisso do Governo Federal em concluir neste&hellip; <\/p>\n","protected":false},"author":2,"featured_media":38424,"comment_status":"closed","ping_status":"closed","sticky":false,"template":"","format":"standard","meta":{"sfsi_plus_gutenberg_text_before_share":"","sfsi_plus_gutenberg_show_text_before_share":"","sfsi_plus_gutenberg_icon_type":"","sfsi_plus_gutenberg_icon_alignemt":"","sfsi_plus_gutenburg_max_per_row":"","footnotes":""},"categories":[2],"tags":[],"class_list":["post-38423","post","type-post","status-publish","format-standard","has-post-thumbnail","hentry","category-geral"],"_links":{"self":[{"href":"https:\/\/www.caririemacao.com\/1\/wp-json\/wp\/v2\/posts\/38423","targetHints":{"allow":["GET"]}}],"collection":[{"href":"https:\/\/www.caririemacao.com\/1\/wp-json\/wp\/v2\/posts"}],"about":[{"href":"https:\/\/www.caririemacao.com\/1\/wp-json\/wp\/v2\/types\/post"}],"author":[{"embeddable":true,"href":"https:\/\/www.caririemacao.com\/1\/wp-json\/wp\/v2\/users\/2"}],"replies":[{"embeddable":true,"href":"https:\/\/www.caririemacao.com\/1\/wp-json\/wp\/v2\/comments?post=38423"}],"version-history":[{"count":0,"href":"https:\/\/www.caririemacao.com\/1\/wp-json\/wp\/v2\/posts\/38423\/revisions"}],"wp:featuredmedia":[{"embeddable":true,"href":"https:\/\/www.caririemacao.com\/1\/wp-json\/wp\/v2\/media\/38424"}],"wp:attachment":[{"href":"https:\/\/www.caririemacao.com\/1\/wp-json\/wp\/v2\/media?parent=38423"}],"wp:term":[{"taxonomy":"category","embeddable":true,"href":"https:\/\/www.caririemacao.com\/1\/wp-json\/wp\/v2\/categories?post=38423"},{"taxonomy":"post_tag","embeddable":true,"href":"https:\/\/www.caririemacao.com\/1\/wp-json\/wp\/v2\/tags?post=38423"}],"curies":[{"name":"wp","href":"https:\/\/api.w.org\/{rel}","templated":true}]}}