{"id":38426,"date":"2018-01-23T09:23:40","date_gmt":"2018-01-23T12:23:40","guid":{"rendered":"http:\/\/caririemacao.com\/1\/?p=38426"},"modified":"2018-01-23T09:23:40","modified_gmt":"2018-01-23T12:23:40","slug":"inscricoes-para-o-sisu-comecam-nesta-terca-feira-confira-o-cronograma","status":"publish","type":"post","link":"https:\/\/www.caririemacao.com\/1\/2018\/01\/23\/inscricoes-para-o-sisu-comecam-nesta-terca-feira-confira-o-cronograma\/","title":{"rendered":"Inscri\u00e7\u00f5es para o Sisu come\u00e7am nesta ter\u00e7a-feira; confira o cronograma"},"content":{"rendered":"<p>As inscri\u00e7\u00f5es para o Sistema de Sele\u00e7\u00e3o Unificada (Sisu) come\u00e7am hoje (23) e v\u00e3o at\u00e9 a pr\u00f3xima sexta-feira (26) exclusivamente pelo site, sem cobran\u00e7a de taxas.<\/p>\n<p>Est\u00e3o sendo oferecidas, ao todo, 239.601 vagas em 130 institui\u00e7\u00f5es, entre universidades federais, institutos federais de educa\u00e7\u00e3o, ci\u00eancia e tecnologia e institui\u00e7\u00f5es estaduais.<\/p>\n<p>Podem se inscrever estudantes que participaram do Exame Nacional do Ensino M\u00e9dio (Enem) 2017, que obtiveram nota na reda\u00e7\u00e3o diferente de zero e que n\u00e3o sejam treineiros (participantes menores de 18 anos no primeiro dia de realiza\u00e7\u00e3o da prova).<\/p>\n<p>Para se inscrever, o candidato precisa do seu n\u00famero de inscri\u00e7\u00e3o e da senha cadastrados no Enem de 2017. \u00c9 preciso estar atento aos documentos exigidos pelas institui\u00e7\u00f5es para a efetiva\u00e7\u00e3o da matr\u00edcula, em caso de aprova\u00e7\u00e3o.<\/p>\n<p>O Sisu foi desenvolvido para selecionar candidatos \u00e0s vagas das institui\u00e7\u00f5es p\u00fablicas de ensino superior que utilizar\u00e3o a nota do Enem como \u00fanica fase de seu processo seletivo. A sele\u00e7\u00e3o \u00e9 feita com base na nota obtida pelo candidato. No site, \u00e9 poss\u00edvel consultar as vagas dispon\u00edveis, pesquisando as institui\u00e7\u00f5es e os seus respectivos cursos participantes.<\/p>\n<p><strong>Confira o cronograma do Sisu:<\/strong><\/p>\n<p>\u2013 23\/1 a 26\/1: per\u00edodo de inscri\u00e7\u00f5es (as notas de corte ser\u00e3o divulgada nos dias 24, 25 e 26)<\/p>\n<p>\u2013 29\/1: resultado da chamada regular<\/p>\n<p>\u2013 29\/1 a 7\/2: prazo para participar da lista de espera<\/p>\n<p>\u2013 30\/1 a 7\/2: matr\u00edcula da chamada regular<\/p>\n<p>\u2013 9\/2: convoca\u00e7\u00e3o dos candidatos em lista de espera pelas institui\u00e7\u00f5es a partir desta data<\/p>\n<p><em>Ag\u00eancia Brasil<\/em><\/p>\n<p><strong>CARIRI EM A\u00c7\u00c3O<\/strong><\/p>\n<p><em>Com G1 \/Foto: Reprodu\u00e7\u00e3o Internet<\/em><\/p>\n<p><strong>Leia mais not\u00edcias em\u00a0<\/strong><a href=\"http:\/\/www.caririemacao.com\/\"><strong>caririemacao.com<\/strong><\/a><strong>, siga nossa p\u00e1gina no\u00a0<\/strong><a href=\"https:\/\/www.facebook.com\/CaririEmAcao\/?ref=aymt_homepage_panel\"><strong>Facebook<\/strong><\/a>,<strong>\u00a0<\/strong><a href=\"https:\/\/www.instagram.com\/cariri_em_acao\/?hl=pt-br\"><strong>Instagram<\/strong><\/a><strong>\u00a0e <\/strong><a href=\"https:\/\/www.youtube.com\/channel\/UCAptA0jQuYQy8vMhLt2m4qg\"><strong>Youtube<\/strong><\/a><strong>\u00a0e veja nossas mat\u00e9rias, v\u00eddeos e fotos. Voc\u00ea tamb\u00e9m pode enviar informa\u00e7\u00f5es \u00e0 Reda\u00e7\u00e3o do Portal Cariri em A\u00e7\u00e3o pelo WhatsApp (83) 9 9634.5791, (83) 9 9601-1162.<\/strong><\/p>\n","protected":false},"excerpt":{"rendered":"<p>As inscri\u00e7\u00f5es para o Sistema de Sele\u00e7\u00e3o Unificada (Sisu) come\u00e7am hoje (23) e v\u00e3o at\u00e9 a pr\u00f3xima sexta-feira (26) exclusivamente pelo site, sem cobran\u00e7a de&hellip; <\/p>\n","protected":false},"author":2,"featured_media":38311,"comment_status":"closed","ping_status":"closed","sticky":false,"template":"","format":"standard","meta":{"sfsi_plus_gutenberg_text_before_share":"","sfsi_plus_gutenberg_show_text_before_share":"","sfsi_plus_gutenberg_icon_type":"","sfsi_plus_gutenberg_icon_alignemt":"","sfsi_plus_gutenburg_max_per_row":"","footnotes":""},"categories":[14],"tags":[],"class_list":["post-38426","post","type-post","status-publish","format-standard","has-post-thumbnail","hentry","category-educacao"],"_links":{"self":[{"href":"https:\/\/www.caririemacao.com\/1\/wp-json\/wp\/v2\/posts\/38426","targetHints":{"allow":["GET"]}}],"collection":[{"href":"https:\/\/www.caririemacao.com\/1\/wp-json\/wp\/v2\/posts"}],"about":[{"href":"https:\/\/www.caririemacao.com\/1\/wp-json\/wp\/v2\/types\/post"}],"author":[{"embeddable":true,"href":"https:\/\/www.caririemacao.com\/1\/wp-json\/wp\/v2\/users\/2"}],"replies":[{"embeddable":true,"href":"https:\/\/www.caririemacao.com\/1\/wp-json\/wp\/v2\/comments?post=38426"}],"version-history":[{"count":0,"href":"https:\/\/www.caririemacao.com\/1\/wp-json\/wp\/v2\/posts\/38426\/revisions"}],"wp:featuredmedia":[{"embeddable":true,"href":"https:\/\/www.caririemacao.com\/1\/wp-json\/wp\/v2\/media\/38311"}],"wp:attachment":[{"href":"https:\/\/www.caririemacao.com\/1\/wp-json\/wp\/v2\/media?parent=38426"}],"wp:term":[{"taxonomy":"category","embeddable":true,"href":"https:\/\/www.caririemacao.com\/1\/wp-json\/wp\/v2\/categories?post=38426"},{"taxonomy":"post_tag","embeddable":true,"href":"https:\/\/www.caririemacao.com\/1\/wp-json\/wp\/v2\/tags?post=38426"}],"curies":[{"name":"wp","href":"https:\/\/api.w.org\/{rel}","templated":true}]}}