{"id":38427,"date":"2018-01-23T10:51:51","date_gmt":"2018-01-23T13:51:51","guid":{"rendered":"http:\/\/caririemacao.com\/1\/?p=38427"},"modified":"2018-01-23T10:51:56","modified_gmt":"2018-01-23T13:51:56","slug":"prefeito-nao-foi-convidado-para-evento-e-lamenta-atitude-do-governador-ricardo","status":"publish","type":"post","link":"https:\/\/www.caririemacao.com\/1\/2018\/01\/23\/prefeito-nao-foi-convidado-para-evento-e-lamenta-atitude-do-governador-ricardo\/","title":{"rendered":"Prefeito n\u00e3o foi convidado para evento e lamenta atitude do governador Ricardo"},"content":{"rendered":"<p>O prefeito de Camala\u00fa, Sandro M\u00f4co (PSDB), em nota enviada ao Cariri em A\u00e7\u00e3o, justificou sua aus\u00eancia ao evento do Governo do Estado realizado nesta segunda-feira, dia 22, onde foi inaugurada a estrada que liga Camala\u00fa \u00e0 S\u00e3o Jo\u00e3o do Tigre.<\/p>\n<p>Na justificativa, o prefeito Sandro disse que n\u00e3o recebeu convite do Pal\u00e1cio da Reden\u00e7\u00e3o para participar de um evento na cidade em que ele \u00e9 o prefeito. \u201cN\u00e3o recebi nenhum convite por parte do governador, nem t\u00e3o pouco de sua assessoria para participar do evento que fica na cidade onde sou o prefeito, isso \u00e9 lament\u00e1vel. \u00a0Ele vem a cidade e n\u00e3o tem um pingo de respeito pelo representante do Poder Executivo Municipal. Eu, particularmente, n\u00e3o poderia esperar outra atitude deste governador que acha que \u00e9 o dono de tudo e n\u00e3o respeita ningu\u00e9m, independentemente da cor partid\u00e1ria das lideran\u00e7as pol\u00edticas locais. Faltou com respeito com a cidade\u201d, repudiou.<\/p>\n<p>Perguntado se o prefeito tivesse recebido o convite ele iria ao evento, Sandro prontamente respondeu que sim, que em um Estado Democr\u00e1tico deve-se aceitar as diferen\u00e7as pol\u00edticas e pensar no bem do povo. Ele disse ainda que iria para poder cobrar mais uma vez do governador respostas a v\u00e1rios pleitos pela a Prefeitura tem encaminhados ao Governo Estadual e n\u00e3o vem tendo resposta.<\/p>\n<p>\u201cFico triste ao ver um governo que se diz democr\u00e1tico ter tais atitudes. Ele nem mesmo respondem aos questionamentos que o munic\u00edpio faz. S\u00e3o v\u00e1rios pedidos encaminhados e sem nenhuma resposta. Falta com respeito com o povo de Camala\u00fa ao n\u00e3o responder nossos pleitos, talvez porque n\u00e3o votei nele, mas o pr\u00f3prio governador faz por merecer tal decis\u00e3o nossa, como podemos acompanhar um homem assim se ele n\u00e3o \u00e9 democr\u00e1tico na pr\u00e1tica. Isso \u00e9 lament\u00e1vel\u201d, lamentou.<\/p>\n<p>Ele tamb\u00e9m repudiou as atitudes do ex-prefeito Aristeu Chaves e do deputado Adriano Galdino ao falar de seu governo sem ao menos morar no munic\u00edpio, conhecer a realidade atual e ver as mudan\u00e7as que a cidade vem tendo nos \u00faltimos meses, desde que Sandro assumiu o governo.<\/p>\n<p><strong>CARIRI EM A\u00c7\u00c3O<\/strong><\/p>\n<p>Leia mais not\u00edcias em\u00a0<a href=\"http:\/\/www.caririemacao.com\/\">caririemacao.com<\/a>, siga nossa p\u00e1gina no\u00a0<a href=\"https:\/\/www.facebook.com\/CaririEmAcao\/?ref=aymt_homepage_panel\">Facebook<\/a>,\u00a0<a href=\"https:\/\/www.instagram.com\/cariri_em_acao\/?hl=pt-br\">Instagram<\/a>\u00a0e\u00a0<a href=\"https:\/\/www.youtube.com\/channel\/UCAptA0jQuYQy8vMhLt2m4qg\">Youtube<\/a>\u00a0e veja nossas mat\u00e9rias, v\u00eddeos e fotos. Voc\u00ea tamb\u00e9m pode enviar informa\u00e7\u00f5es \u00e0 Reda\u00e7\u00e3o do Portal Cariri em A\u00e7\u00e3o pelo WhatsApp (83) 9 9634.5791, (83) 9 9601-1162.<\/p>\n","protected":false},"excerpt":{"rendered":"<p>O prefeito de Camala\u00fa, Sandro M\u00f4co (PSDB), em nota enviada ao Cariri em A\u00e7\u00e3o, justificou sua aus\u00eancia ao evento do Governo do Estado realizado nesta&hellip; <\/p>\n","protected":false},"author":2,"featured_media":38429,"comment_status":"closed","ping_status":"closed","sticky":false,"template":"","format":"standard","meta":{"sfsi_plus_gutenberg_text_before_share":"","sfsi_plus_gutenberg_show_text_before_share":"","sfsi_plus_gutenberg_icon_type":"","sfsi_plus_gutenberg_icon_alignemt":"","sfsi_plus_gutenburg_max_per_row":"","footnotes":""},"categories":[11],"tags":[],"class_list":["post-38427","post","type-post","status-publish","format-standard","has-post-thumbnail","hentry","category-politica"],"_links":{"self":[{"href":"https:\/\/www.caririemacao.com\/1\/wp-json\/wp\/v2\/posts\/38427","targetHints":{"allow":["GET"]}}],"collection":[{"href":"https:\/\/www.caririemacao.com\/1\/wp-json\/wp\/v2\/posts"}],"about":[{"href":"https:\/\/www.caririemacao.com\/1\/wp-json\/wp\/v2\/types\/post"}],"author":[{"embeddable":true,"href":"https:\/\/www.caririemacao.com\/1\/wp-json\/wp\/v2\/users\/2"}],"replies":[{"embeddable":true,"href":"https:\/\/www.caririemacao.com\/1\/wp-json\/wp\/v2\/comments?post=38427"}],"version-history":[{"count":0,"href":"https:\/\/www.caririemacao.com\/1\/wp-json\/wp\/v2\/posts\/38427\/revisions"}],"wp:featuredmedia":[{"embeddable":true,"href":"https:\/\/www.caririemacao.com\/1\/wp-json\/wp\/v2\/media\/38429"}],"wp:attachment":[{"href":"https:\/\/www.caririemacao.com\/1\/wp-json\/wp\/v2\/media?parent=38427"}],"wp:term":[{"taxonomy":"category","embeddable":true,"href":"https:\/\/www.caririemacao.com\/1\/wp-json\/wp\/v2\/categories?post=38427"},{"taxonomy":"post_tag","embeddable":true,"href":"https:\/\/www.caririemacao.com\/1\/wp-json\/wp\/v2\/tags?post=38427"}],"curies":[{"name":"wp","href":"https:\/\/api.w.org\/{rel}","templated":true}]}}