{"id":38432,"date":"2018-01-23T09:27:58","date_gmt":"2018-01-23T12:27:58","guid":{"rendered":"http:\/\/caririemacao.com\/1\/?p=38432"},"modified":"2018-01-23T09:27:58","modified_gmt":"2018-01-23T12:27:58","slug":"flamengo-vira-sobre-portuguesa-no-caninde-e-esta-na-final-da-copinha","status":"publish","type":"post","link":"https:\/\/www.caririemacao.com\/1\/2018\/01\/23\/flamengo-vira-sobre-portuguesa-no-caninde-e-esta-na-final-da-copinha\/","title":{"rendered":"Flamengo vira sobre Portuguesa no Canind\u00e9 e est\u00e1 na final da Copinha"},"content":{"rendered":"<p>A Copa S\u00e3o Paulo de Futebol J\u00fanior conheceu na tarde dessa segunda-feira (22) seu primeiro finalista. O Flamengo virou para cima da Portuguesa (3 a 2), em pleno Canind\u00e9, e agora espera o vencedor de Internacional e S\u00e3o Paulo na decis\u00e3o do t\u00edtulo.<\/p>\n<p>Como tradicionalmente acontece, a final ser\u00e1 no anivers\u00e1rio da capital paulista, na quinta-feira (25), no Pacaembu.<\/p>\n<p>Os donos da casa mostraram o bom futebol que tiveram ao longo da competi\u00e7\u00e3o e marcaram aos 8 minutos do primeiro tempo com Ravi. A festa, no entanto, durou apenas mais quatro minutos, quando Vitor Gabriel empatou para o Rubro-Negro.<\/p>\n<p>A partir dos 36 minutos, as coisas ficaram mais f\u00e1ceis para os cariocas, que ampliaram com Luiz Henrique. Aos 15 da etapa final, Vitor Gabriel fez mais um. Os jogadores da Lusa ainda mostraram valentia e Jos\u00e9 Vitor diminuiu a dez minutos do fim do jogo.<\/p>\n<p>O Flamengo volta \u00e0 final depois de duas edi\u00e7\u00f5es. Em 2016, venceu o Corinthians nos p\u00eanaltis para levantar o trof\u00e9u pela terceira vez.<\/p>\n<p><strong>CARIRI EM A\u00c7\u00c3O<\/strong><\/p>\n<p><em>Com <span class=\"info-author\">R7<\/span>\/Foto: Reprodu\u00e7\u00e3o Internet<\/em><\/p>\n<p><strong>Leia mais not\u00edcias em\u00a0<\/strong><a href=\"http:\/\/www.caririemacao.com\/\"><strong>caririemacao.com<\/strong><\/a><strong>, siga nossa p\u00e1gina no\u00a0<\/strong><a href=\"https:\/\/www.facebook.com\/CaririEmAcao\/?ref=aymt_homepage_panel\"><strong>Facebook<\/strong><\/a>,<strong>\u00a0<\/strong><a href=\"https:\/\/www.instagram.com\/cariri_em_acao\/?hl=pt-br\"><strong>Instagram<\/strong><\/a><strong>\u00a0e <\/strong><a href=\"https:\/\/www.youtube.com\/channel\/UCAptA0jQuYQy8vMhLt2m4qg\"><strong>Youtube<\/strong><\/a><strong>\u00a0e veja nossas mat\u00e9rias, v\u00eddeos e fotos. Voc\u00ea tamb\u00e9m pode enviar informa\u00e7\u00f5es \u00e0 Reda\u00e7\u00e3o do Portal Cariri em A\u00e7\u00e3o pelo WhatsApp (83) 9 9634.5791, (83) 9 9601-1162.<\/strong><\/p>\n","protected":false},"excerpt":{"rendered":"<p>A Copa S\u00e3o Paulo de Futebol J\u00fanior conheceu na tarde dessa segunda-feira (22) seu primeiro finalista. O Flamengo virou para cima da Portuguesa (3 a&hellip; <\/p>\n","protected":false},"author":2,"featured_media":38433,"comment_status":"closed","ping_status":"closed","sticky":false,"template":"","format":"standard","meta":{"sfsi_plus_gutenberg_text_before_share":"","sfsi_plus_gutenberg_show_text_before_share":"","sfsi_plus_gutenberg_icon_type":"","sfsi_plus_gutenberg_icon_alignemt":"","sfsi_plus_gutenburg_max_per_row":"","footnotes":""},"categories":[13],"tags":[],"class_list":["post-38432","post","type-post","status-publish","format-standard","has-post-thumbnail","hentry","category-esportes"],"_links":{"self":[{"href":"https:\/\/www.caririemacao.com\/1\/wp-json\/wp\/v2\/posts\/38432","targetHints":{"allow":["GET"]}}],"collection":[{"href":"https:\/\/www.caririemacao.com\/1\/wp-json\/wp\/v2\/posts"}],"about":[{"href":"https:\/\/www.caririemacao.com\/1\/wp-json\/wp\/v2\/types\/post"}],"author":[{"embeddable":true,"href":"https:\/\/www.caririemacao.com\/1\/wp-json\/wp\/v2\/users\/2"}],"replies":[{"embeddable":true,"href":"https:\/\/www.caririemacao.com\/1\/wp-json\/wp\/v2\/comments?post=38432"}],"version-history":[{"count":0,"href":"https:\/\/www.caririemacao.com\/1\/wp-json\/wp\/v2\/posts\/38432\/revisions"}],"wp:featuredmedia":[{"embeddable":true,"href":"https:\/\/www.caririemacao.com\/1\/wp-json\/wp\/v2\/media\/38433"}],"wp:attachment":[{"href":"https:\/\/www.caririemacao.com\/1\/wp-json\/wp\/v2\/media?parent=38432"}],"wp:term":[{"taxonomy":"category","embeddable":true,"href":"https:\/\/www.caririemacao.com\/1\/wp-json\/wp\/v2\/categories?post=38432"},{"taxonomy":"post_tag","embeddable":true,"href":"https:\/\/www.caririemacao.com\/1\/wp-json\/wp\/v2\/tags?post=38432"}],"curies":[{"name":"wp","href":"https:\/\/api.w.org\/{rel}","templated":true}]}}