{"id":38435,"date":"2018-01-23T09:32:35","date_gmt":"2018-01-23T12:32:35","guid":{"rendered":"http:\/\/caririemacao.com\/1\/?p=38435"},"modified":"2018-01-23T09:33:08","modified_gmt":"2018-01-23T12:33:08","slug":"helicoptero-da-globo-cai-na-praia-do-pina-e-deixa-dois-mortos","status":"publish","type":"post","link":"https:\/\/www.caririemacao.com\/1\/2018\/01\/23\/helicoptero-da-globo-cai-na-praia-do-pina-e-deixa-dois-mortos\/","title":{"rendered":"Helic\u00f3ptero da Globo cai na Praia do Pina e deixa dois mortos"},"content":{"rendered":"<div>Um helic\u00f3ptero terceirizado da equipe de filmagem da Rede Globo caiu na manh\u00e3 desta ter\u00e7a-feira (23), na Praia do Pina (Zona Sul do Recife), pr\u00f3ximo \u00e0 comunidade de Bras\u00edlia Teimosa. Segundo a equipe do Corpo de Bombeiros, havia tr\u00eas pessoas dentro da aeronave, duas foram encontradas mortas e uma resgatada em estado grave.<\/div>\n<div><\/div>\n<div>\n<p>Equipes do Corpo de Bombeiros e do Servi\u00e7o de Atendimento M\u00e9dico de Urg\u00eancia (Samu) continuam no local fazendo o resgate. O helic\u00f3ptero ainda est\u00e1 dentro do mar. De acordo com a popula\u00e7\u00e3o local, a aeronave teria se chocado com um p\u00e1ssaro e sido desviada para o mar. Um dos homens que presenciaram a queda afirmou que a mulher resgata foi atendida por uma senhora que estava na praia, que fez os primeiros socorros antes do Samu chegar. De acordo com a equipe de buscas, o acidente ocorreu por volta das 6h08. Entre as v\u00edtimas, est\u00e1 o comandante Daniel Galv\u00e3o, 33 anos.<\/p>\n<p>O operador de v\u00eddeo\u00a0Miguel Bredo, 21 anos, foi socorrido para o Hospital da Restaura\u00e7\u00e3o (HR), no Derby. Ele chegou na unidade hospitalar em estado grave, com trauma abdominal e foi levado para o bloco cir\u00fargico. A mulher resgatada sem vida foi identificada como a sargento da aeron\u00e1utica Lia Maria Abreu de Souza, 34 anos, natural de Mag\u00e9, no Rio de Janeiro. Ela era controladora de tr\u00e1fego a\u00e9reo com 15 anos de carreira e trabalhava no APP-Recife (Controle de Aproxima\u00e7\u00e3o) do Centro Integrado de Defesa A\u00e9rea e Controle de Tr\u00e1fego A\u00e9reo (CINDACTA III). A fam\u00edlia de Lia mora no Rio de janeiro. Ela deixa um filho de 2 anos.<\/p>\n<\/div>\n<div>A empresa que operava a Globocop est\u00e1 no ramo desde 2005, trabalhando com capta\u00e7\u00e3o de imagens a\u00e9reas. A aeronave, adaptada para grava\u00e7\u00f5es, comportava um peso de at\u00e9 uma tonelada e comportava at\u00e9 tr\u00eas pessoas &#8211; dois tripulantes e um passageiro. A delegada Beatriz Leite est\u00e1 \u00e0 frente das investiga\u00e7\u00f5es.<\/div>\n<div>\n<p><strong>CARIRI EM A\u00c7\u00c3O<\/strong><\/p>\n<p><em>Com G1 \/Foto: Reprodu\u00e7\u00e3o Internet<\/em><\/p>\n<p><strong>Leia mais not\u00edcias em\u00a0<\/strong><a href=\"http:\/\/www.caririemacao.com\/\"><strong>caririemacao.com<\/strong><\/a><strong>, siga nossa p\u00e1gina no\u00a0<\/strong><a href=\"https:\/\/www.facebook.com\/CaririEmAcao\/?ref=aymt_homepage_panel\"><strong>Facebook<\/strong><\/a>,<strong>\u00a0<\/strong><a href=\"https:\/\/www.instagram.com\/cariri_em_acao\/?hl=pt-br\"><strong>Instagram<\/strong><\/a><strong>\u00a0e <\/strong><a href=\"https:\/\/www.youtube.com\/channel\/UCAptA0jQuYQy8vMhLt2m4qg\"><strong>Youtube<\/strong><\/a><strong>\u00a0e veja nossas mat\u00e9rias, v\u00eddeos e fotos. Voc\u00ea tamb\u00e9m pode enviar informa\u00e7\u00f5es \u00e0 Reda\u00e7\u00e3o do Portal Cariri em A\u00e7\u00e3o pelo WhatsApp (83) 9 9634.5791, (83) 9 9601-1162.<\/strong><\/p>\n<\/div>\n","protected":false},"excerpt":{"rendered":"<p>Um helic\u00f3ptero terceirizado da equipe de filmagem da Rede Globo caiu na manh\u00e3 desta ter\u00e7a-feira (23), na Praia do Pina (Zona Sul do Recife), pr\u00f3ximo&hellip; <\/p>\n","protected":false},"author":2,"featured_media":38436,"comment_status":"closed","ping_status":"closed","sticky":false,"template":"","format":"standard","meta":{"sfsi_plus_gutenberg_text_before_share":"","sfsi_plus_gutenberg_show_text_before_share":"","sfsi_plus_gutenberg_icon_type":"","sfsi_plus_gutenberg_icon_alignemt":"","sfsi_plus_gutenburg_max_per_row":"","footnotes":""},"categories":[12],"tags":[],"class_list":["post-38435","post","type-post","status-publish","format-standard","has-post-thumbnail","hentry","category-policia"],"_links":{"self":[{"href":"https:\/\/www.caririemacao.com\/1\/wp-json\/wp\/v2\/posts\/38435","targetHints":{"allow":["GET"]}}],"collection":[{"href":"https:\/\/www.caririemacao.com\/1\/wp-json\/wp\/v2\/posts"}],"about":[{"href":"https:\/\/www.caririemacao.com\/1\/wp-json\/wp\/v2\/types\/post"}],"author":[{"embeddable":true,"href":"https:\/\/www.caririemacao.com\/1\/wp-json\/wp\/v2\/users\/2"}],"replies":[{"embeddable":true,"href":"https:\/\/www.caririemacao.com\/1\/wp-json\/wp\/v2\/comments?post=38435"}],"version-history":[{"count":0,"href":"https:\/\/www.caririemacao.com\/1\/wp-json\/wp\/v2\/posts\/38435\/revisions"}],"wp:featuredmedia":[{"embeddable":true,"href":"https:\/\/www.caririemacao.com\/1\/wp-json\/wp\/v2\/media\/38436"}],"wp:attachment":[{"href":"https:\/\/www.caririemacao.com\/1\/wp-json\/wp\/v2\/media?parent=38435"}],"wp:term":[{"taxonomy":"category","embeddable":true,"href":"https:\/\/www.caririemacao.com\/1\/wp-json\/wp\/v2\/categories?post=38435"},{"taxonomy":"post_tag","embeddable":true,"href":"https:\/\/www.caririemacao.com\/1\/wp-json\/wp\/v2\/tags?post=38435"}],"curies":[{"name":"wp","href":"https:\/\/api.w.org\/{rel}","templated":true}]}}