{"id":38442,"date":"2018-01-23T09:43:27","date_gmt":"2018-01-23T12:43:27","guid":{"rendered":"http:\/\/caririemacao.com\/1\/?p=38442"},"modified":"2018-01-23T09:43:27","modified_gmt":"2018-01-23T12:43:27","slug":"ricardo-anuncia-reajuste-escalonado-para-seguranca-publica","status":"publish","type":"post","link":"https:\/\/www.caririemacao.com\/1\/2018\/01\/23\/ricardo-anuncia-reajuste-escalonado-para-seguranca-publica\/","title":{"rendered":"Ricardo anuncia reajuste escalonado para seguran\u00e7a p\u00fablica"},"content":{"rendered":"<p>O governador Ricardo Coutinho anunciou nesta segunda-feira, em seu programa radiof\u00f4nico semanal Fala Governador, reajustes para o magist\u00e9rio e a Seguran\u00e7a P\u00fablica. A medida vale a partir da folha de pagamento referente ao m\u00eas de janeiro. Para os professores da rede estadual de ensino, o aumento ser\u00e1 de 6,81%, retroativo ao dia 1\u00b0 deste m\u00eas. A categoria ter\u00e1 acr\u00e9scimos mensais na folha de pagamento a partir de julho. A meta, com isso, \u00e9 cumprir o compromisso de dobrar o piso da categoria.\u00a0J\u00e1 para os policiais e bombeiros civis e militares, assim como agentes penitenci\u00e1rios, o reajuste ser\u00e1 de 19% ao todo, sendo 5% implantado j\u00e1 agora em janeiro e os 14% restantes a partir de julho. Ele confirmou ainda a implanta\u00e7\u00e3o do reajuste do Sal\u00e1rio M\u00ednimo.<\/p>\n<p>Ricardo afirmou que a medida \u00e9 cumprimento de compromissos firmados com as categorias ao longo dos \u00faltimos anos. \u201cEu tenho duas situa\u00e7\u00f5es, que s\u00e3o dois compromissos meus, que \u00e9 com o magist\u00e9rio, feito publicamente, e o outro com a seguran\u00e7a. E eu vou cumprir, porque gra\u00e7as a Deus, eu sempre me preparo e serei um governante que terei cumprido aquilo que porventura assumi\u201d, afirmou.<\/p>\n<p>Conforme explicou, o reajuste salarial para a Seguran\u00e7a P\u00fablica ser\u00e1 da seguinte forma: ser\u00e3o concedidos 5% agora em janeiro, quase que o dobro da infla\u00e7\u00e3o, e a partir de julho, 14%, que ser\u00e3o implantados progressivamente, incorporando m\u00eas a m\u00eas, at\u00e9 o final de 2019, conforme compromisso assumido anteriormente com a categoria. \u201cOu seja, aquilo que n\u00f3s hav\u00edamos combinado, aquilo que eu havia me comprometido em fazer durante esses tr\u00eas anos meus, 75% de incorpora\u00e7\u00e3o seja feita na nossa gest\u00e3o e num patamar inferior na gest\u00e3o seguinte\u201d, explicou.<\/p>\n<p>J\u00e1 para os professores, al\u00e9m do reajuste de 6,81%, o governador Ricardo Coutinho garantiu o Plano de Cargos, Carreira e Remunera\u00e7\u00e3o, com promo\u00e7\u00f5es horizontais e verticais aos profissionais e o cumprimento do compromisso de dobrar o sal\u00e1rio at\u00e9 o final de dezembro deste ano.<\/p>\n<p>\u201cEu sou o governador que mais aumentou a remunera\u00e7\u00e3o do magist\u00e9rio. Sabe quanto era o sal\u00e1rio em 2010? Era, exatamente, R$ 926 o sal\u00e1rio inicial. Sabe quanto vai ser o sal\u00e1rio at\u00e9 o final de dezembro deste ano? R$ 3.076 mil. Isso representa 232% de reajuste. O magist\u00e9rio jamais foi t\u00e3o respeitado como tem sido no nosso governo. Mas eu tenho certeza absoluta que dessa forma, com os concursos, com as reformas de escolas, com o ensino integral, com o Gira Mundo, com as coisas que acontecem, at\u00e9 aqueles que talvez tivessem alguma resist\u00eancia haver\u00e3o de compreender que n\u00e3o h\u00e1 outro caminho a n\u00e3o ser melhorar o n\u00edvel de ensino e de educa\u00e7\u00e3o dos estudantes da Para\u00edba\u201d, garantiu.<\/p>\n<p><strong>CARIRI EM A\u00c7\u00c3O<\/strong><\/p>\n<p><em>Com Secom-PB \/Foto: Reprodu\u00e7\u00e3o Internet\u00a0<\/em><\/p>\n<p><strong>Leia mais not\u00edcias em\u00a0<\/strong><a href=\"http:\/\/www.caririemacao.com\/\"><strong>caririemacao.com<\/strong><\/a><strong>, siga nossa p\u00e1gina no\u00a0<\/strong><a href=\"https:\/\/www.facebook.com\/CaririEmAcao\/?ref=aymt_homepage_panel\"><strong>Facebook<\/strong><\/a>,<strong>\u00a0<\/strong><a href=\"https:\/\/www.instagram.com\/cariri_em_acao\/?hl=pt-br\"><strong>Instagram<\/strong><\/a><strong>\u00a0e <\/strong><a href=\"https:\/\/www.youtube.com\/channel\/UCAptA0jQuYQy8vMhLt2m4qg\"><strong>Youtube<\/strong><\/a><strong>\u00a0e veja nossas mat\u00e9rias, v\u00eddeos e fotos. Voc\u00ea tamb\u00e9m pode enviar informa\u00e7\u00f5es \u00e0 Reda\u00e7\u00e3o do Portal Cariri em A\u00e7\u00e3o pelo WhatsApp (83) 9 9634.5791, (83) 9 9601-1162.<\/strong><\/p>\n","protected":false},"excerpt":{"rendered":"<p>O governador Ricardo Coutinho anunciou nesta segunda-feira, em seu programa radiof\u00f4nico semanal Fala Governador, reajustes para o magist\u00e9rio e a Seguran\u00e7a P\u00fablica. A medida vale&hellip; <\/p>\n","protected":false},"author":2,"featured_media":38443,"comment_status":"closed","ping_status":"closed","sticky":false,"template":"","format":"standard","meta":{"sfsi_plus_gutenberg_text_before_share":"","sfsi_plus_gutenberg_show_text_before_share":"","sfsi_plus_gutenberg_icon_type":"","sfsi_plus_gutenberg_icon_alignemt":"","sfsi_plus_gutenburg_max_per_row":"","footnotes":""},"categories":[11],"tags":[],"class_list":["post-38442","post","type-post","status-publish","format-standard","has-post-thumbnail","hentry","category-politica"],"_links":{"self":[{"href":"https:\/\/www.caririemacao.com\/1\/wp-json\/wp\/v2\/posts\/38442","targetHints":{"allow":["GET"]}}],"collection":[{"href":"https:\/\/www.caririemacao.com\/1\/wp-json\/wp\/v2\/posts"}],"about":[{"href":"https:\/\/www.caririemacao.com\/1\/wp-json\/wp\/v2\/types\/post"}],"author":[{"embeddable":true,"href":"https:\/\/www.caririemacao.com\/1\/wp-json\/wp\/v2\/users\/2"}],"replies":[{"embeddable":true,"href":"https:\/\/www.caririemacao.com\/1\/wp-json\/wp\/v2\/comments?post=38442"}],"version-history":[{"count":0,"href":"https:\/\/www.caririemacao.com\/1\/wp-json\/wp\/v2\/posts\/38442\/revisions"}],"wp:featuredmedia":[{"embeddable":true,"href":"https:\/\/www.caririemacao.com\/1\/wp-json\/wp\/v2\/media\/38443"}],"wp:attachment":[{"href":"https:\/\/www.caririemacao.com\/1\/wp-json\/wp\/v2\/media?parent=38442"}],"wp:term":[{"taxonomy":"category","embeddable":true,"href":"https:\/\/www.caririemacao.com\/1\/wp-json\/wp\/v2\/categories?post=38442"},{"taxonomy":"post_tag","embeddable":true,"href":"https:\/\/www.caririemacao.com\/1\/wp-json\/wp\/v2\/tags?post=38442"}],"curies":[{"name":"wp","href":"https:\/\/api.w.org\/{rel}","templated":true}]}}