{"id":38445,"date":"2018-01-23T09:46:25","date_gmt":"2018-01-23T12:46:25","guid":{"rendered":"http:\/\/caririemacao.com\/1\/?p=38445"},"modified":"2018-01-23T09:46:25","modified_gmt":"2018-01-23T12:46:25","slug":"mpf-quer-multa-de-r-1-mi-ao-estado-por-irregularidades-no-centro-de-convencoes-da-pb","status":"publish","type":"post","link":"https:\/\/www.caririemacao.com\/1\/2018\/01\/23\/mpf-quer-multa-de-r-1-mi-ao-estado-por-irregularidades-no-centro-de-convencoes-da-pb\/","title":{"rendered":"MPF quer multa de R$ 1 mi ao Estado por irregularidades no Centro de Conven\u00e7\u00f5es da PB"},"content":{"rendered":"<p>O Minist\u00e9rio P\u00fablico Federal (MPF) entrou com uma a\u00e7\u00e3o na Justi\u00e7a pedindo a anula\u00e7\u00e3o da licen\u00e7a de instala\u00e7\u00e3o do Centro de Conven\u00e7\u00f5es da Para\u00edba, localizado em Jo\u00e3o Pessoa. O argumento \u00e9 de que o empreendimento cont\u00e9m uma s\u00e9rie de irregularidades que contrariam a lei federal n\u00ba 11.428\/2006, que trata da utiliza\u00e7\u00e3o e prote\u00e7\u00e3o de vegeta\u00e7\u00e3o nativa do bioma Mata Atl\u00eantica. O MPF tamb\u00e9m quer que o Estado da Para\u00edba pague R$ 1 milh\u00e3o de indeniza\u00e7\u00e3o por dano material e moral coletivo ao meio ambiente. Os detalhes da a\u00e7\u00e3o foram divulgados na segunda-feira (22).<\/p>\n<p>O Minist\u00e9rio P\u00fablico requer, ainda, a interdi\u00e7\u00e3o do polo tur\u00edstico, com suspens\u00e3o de qualquer autoriza\u00e7\u00e3o\/licen\u00e7a de supress\u00e3o de vegeta\u00e7\u00e3o em sua \u00e1rea, abrangendo qualquer obra naquele empreendimento, enquanto n\u00e3o regularizado integralmente o licenciamento, sob pena de multa di\u00e1ria de R$ 1 mil. O processo tem um pedido de liminar que est\u00e1 pronto para julgamento.<\/p>\n<p>Dentre as irregularidades detectadas no empreendimento, apontadas pelo MPF na a\u00e7\u00e3o, est\u00e3o a concess\u00e3o de licen\u00e7a de instala\u00e7\u00e3o sem que houvesse anteriormente licen\u00e7a pr\u00e9via para a obra do Centro de Conven\u00e7\u00f5es, tendo-se considerado a licen\u00e7a pr\u00e9via sem validade outorgada em julho de 1989 para o Polo Tur\u00edstico Cabo Branco, que sequer abrangia, na \u00e9poca, um centro de conven\u00e7\u00f5es; como tamb\u00e9m a aus\u00eancia de homologa\u00e7\u00e3o pelo Conselho de Prote\u00e7\u00e3o Ambiental (Copam) da licen\u00e7a de instala\u00e7\u00e3o do empreendimento.<\/p>\n<p>O MPF aponta tamb\u00e9m a aus\u00eancia de estudos mais aprofundados quanto a esp\u00e9cies amea\u00e7adas de extin\u00e7\u00e3o, a ponto de se atrair eventualmente a veda\u00e7\u00e3o a supress\u00e3o de vegeta\u00e7\u00e3o, em est\u00e1gio avan\u00e7ado e m\u00e9dio de regenera\u00e7\u00e3o, que abrigue esp\u00e9cies de flora e fauna silvestres amea\u00e7adas de extin\u00e7\u00e3o; e desconsidera\u00e7\u00e3o do disposto no artigo 14 da Lei\u00a0 Estadual n\u00ba 7.507\/2003, no tocante \u00e0 veda\u00e7\u00e3o de supress\u00e3o de vegeta\u00e7\u00e3o de mata atl\u00e2ntica, ou \u00e0 demonstra\u00e7\u00e3o de requisitos espec\u00edficos para os excepcionais casos de possibilidade de desmatamento de remanescente do bioma e de seus ecossistemas associados.<\/p>\n<p>\u201cDessa forma, comprovada a exist\u00eancia de a\u00e7\u00f5es e omiss\u00f5es do r\u00e9u, bem como do dano ambiental e do nexo de causalidade entre este e aquelas, encontra-se plenamente configurada a responsabilidade civil ambiental dos requeridos, o que torna consect\u00e1rio l\u00f3gico o dever de repara\u00e7\u00e3o integral do dano ambiental\u201d, alega o MPF.<\/p>\n<p>\u201cQuanto ao cabimento e valor da indeniza\u00e7\u00e3o, devem ser considerados a gravidade do dano causado e o longo per\u00edodo de ocorr\u00eancia. Os fatos narrados demonstram, inegavelmente, um hist\u00f3rico de degrada\u00e7\u00e3o e intensifica\u00e7\u00e3o de riscos ambientais no tocante ao bioma Mata Atl\u00e2ntica, ocasionado pelo Governo do Estado, restando patente a viola\u00e7\u00e3o do dever de fiscaliza\u00e7\u00e3o e controle da Sudema, na esfera administrativa, para compelir o promovido a observar todos os requisitos legais necess\u00e1rios ao licenciamento do empreendimento em tela\u201d, acrescentou o procurador da Rep\u00fablica na a\u00e7\u00e3o.<\/p>\n<p>Ainda segundo o Minist\u00e9rio P\u00fablico Federal, \u201co caso demonstra a fragilidade do aparato administrativo de licenciamento ambiental, quando envolvidos empreendedores p\u00fablicos\u00a0\u00a0 do pr\u00f3prio ente licenciador, revelando-se a conveni\u00eancia de se transferir esse tipo de licenciamento para outra esfera, no caso, sendo um Estado empreendedor, para a autarquia federal Ibama. Mas, independentemente dessa solu\u00e7\u00e3o futura, cabe atualmente impor-se, al\u00e9m da corre\u00e7\u00e3o judicial das ilegalidades praticadas, tamb\u00e9m um dever de indeniza\u00e7\u00e3o por danos materiais e morais coletivos\u201d.<\/p>\n<div class=\"share-bar share-left\" data-url=\"http:\/\/www.jornaldaparaiba.com.br\/politica\/mpf-quer-anular-licenca-centro-de-convencoes-da-paraiba.html\" data-title=\"MPF quer anular licen\u00e7a do Centro de Conven\u00e7\u00f5es da Para\u00edba\" data-image-url=\"http:\/\/www.jornaldaparaiba.com.br\/app\/themes\/imagens\/fblogo.png\" data-hashtags=\"#jornaldapb\" data-via=\"jornaldapb\"><strong>CARIRI EM A\u00c7\u00c3O<\/strong><em>Com G1 \/Foto: Reprodu\u00e7\u00e3o Internet<\/em><\/p>\n<p><strong>Leia mais not\u00edcias em\u00a0<\/strong><a href=\"http:\/\/www.caririemacao.com\/\"><strong>caririemacao.com<\/strong><\/a><strong>, siga nossa p\u00e1gina no\u00a0<\/strong><a href=\"https:\/\/www.facebook.com\/CaririEmAcao\/?ref=aymt_homepage_panel\"><strong>Facebook<\/strong><\/a>,<strong>\u00a0<\/strong><a href=\"https:\/\/www.instagram.com\/cariri_em_acao\/?hl=pt-br\"><strong>Instagram<\/strong><\/a><strong>\u00a0e <\/strong><a href=\"https:\/\/www.youtube.com\/channel\/UCAptA0jQuYQy8vMhLt2m4qg\"><strong>Youtube<\/strong><\/a><strong>\u00a0e veja nossas mat\u00e9rias, v\u00eddeos e fotos. Voc\u00ea tamb\u00e9m pode enviar informa\u00e7\u00f5es \u00e0 Reda\u00e7\u00e3o do Portal Cariri em A\u00e7\u00e3o pelo WhatsApp (83) 9 9634.5791, (83) 9 9601-1162.<\/strong><\/p>\n<\/div>\n","protected":false},"excerpt":{"rendered":"<p>O Minist\u00e9rio P\u00fablico Federal (MPF) entrou com uma a\u00e7\u00e3o na Justi\u00e7a pedindo a anula\u00e7\u00e3o da licen\u00e7a de instala\u00e7\u00e3o do Centro de Conven\u00e7\u00f5es da Para\u00edba, localizado&hellip; <\/p>\n","protected":false},"author":2,"featured_media":38446,"comment_status":"closed","ping_status":"closed","sticky":false,"template":"","format":"standard","meta":{"sfsi_plus_gutenberg_text_before_share":"","sfsi_plus_gutenberg_show_text_before_share":"","sfsi_plus_gutenberg_icon_type":"","sfsi_plus_gutenberg_icon_alignemt":"","sfsi_plus_gutenburg_max_per_row":"","footnotes":""},"categories":[2],"tags":[],"class_list":["post-38445","post","type-post","status-publish","format-standard","has-post-thumbnail","hentry","category-geral"],"_links":{"self":[{"href":"https:\/\/www.caririemacao.com\/1\/wp-json\/wp\/v2\/posts\/38445","targetHints":{"allow":["GET"]}}],"collection":[{"href":"https:\/\/www.caririemacao.com\/1\/wp-json\/wp\/v2\/posts"}],"about":[{"href":"https:\/\/www.caririemacao.com\/1\/wp-json\/wp\/v2\/types\/post"}],"author":[{"embeddable":true,"href":"https:\/\/www.caririemacao.com\/1\/wp-json\/wp\/v2\/users\/2"}],"replies":[{"embeddable":true,"href":"https:\/\/www.caririemacao.com\/1\/wp-json\/wp\/v2\/comments?post=38445"}],"version-history":[{"count":0,"href":"https:\/\/www.caririemacao.com\/1\/wp-json\/wp\/v2\/posts\/38445\/revisions"}],"wp:featuredmedia":[{"embeddable":true,"href":"https:\/\/www.caririemacao.com\/1\/wp-json\/wp\/v2\/media\/38446"}],"wp:attachment":[{"href":"https:\/\/www.caririemacao.com\/1\/wp-json\/wp\/v2\/media?parent=38445"}],"wp:term":[{"taxonomy":"category","embeddable":true,"href":"https:\/\/www.caririemacao.com\/1\/wp-json\/wp\/v2\/categories?post=38445"},{"taxonomy":"post_tag","embeddable":true,"href":"https:\/\/www.caririemacao.com\/1\/wp-json\/wp\/v2\/tags?post=38445"}],"curies":[{"name":"wp","href":"https:\/\/api.w.org\/{rel}","templated":true}]}}