{"id":38448,"date":"2018-01-23T09:49:13","date_gmt":"2018-01-23T12:49:13","guid":{"rendered":"http:\/\/caririemacao.com\/1\/?p=38448"},"modified":"2018-01-23T09:49:13","modified_gmt":"2018-01-23T12:49:13","slug":"forum-economico-mundial-comeca-nesta-terca-feira-em-davos","status":"publish","type":"post","link":"https:\/\/www.caririemacao.com\/1\/2018\/01\/23\/forum-economico-mundial-comeca-nesta-terca-feira-em-davos\/","title":{"rendered":"F\u00f3rum Econ\u00f4mico Mundial come\u00e7a nesta ter\u00e7a-feira em Davos"},"content":{"rendered":"<p>O F\u00f3rum Econ\u00f4mico Mundial come\u00e7a nesta ter\u00e7a-feira (23) em Davos, na Su\u00ed\u00e7a, com a presen\u00e7a de 3.000 pessoas, entre elas, as principais autoridades globais. O evento promover\u00e1 mais de 400 pain\u00e9is e sess\u00f5es de trabalho para debater quest\u00f5es que v\u00e3o de tend\u00eancias econ\u00f4micas a ass\u00e9dio sexual.<br \/>\nUma das novidades deste ano \u00e9 a presen\u00e7a do presidente americano, Donald Trump. Tradicionalmente, os EUA n\u00e3o enviam seu chefe de estado para o evento, mas sim outros representantes. O \u00faltimo presidente americano a participar do F\u00f3rum foi Bill Clinton, em 2000.<\/p>\n<p>O presidente Michel Temer e o ministro da Fazenda, Henrique Meirelles, participam do evento.<\/p>\n<p>Participam desta edi\u00e7\u00e3o:<\/p>\n<p>70 chefes de Estado e governo<br \/>\n900 representantes de ONGs<br \/>\n1.900 executivos de empresas<br \/>\n40 l\u00edderes culturais<br \/>\n35 empreendedores<br \/>\n80 jovens destacados<br \/>\n32 pioneiros tecnol\u00f3gicos<br \/>\n70 respons\u00e1veis de sindicatos, organiza\u00e7\u00f5es religiosas e da sociedade civil<\/p>\n<p>Cerca de 5 mil soldados e chefes do Ex\u00e9rcito su\u00ed\u00e7o e da Pol\u00edcia far\u00e3o a seguran\u00e7a local. O espa\u00e7o a\u00e9reo de Davos ser\u00e1 fechado durante a reuni\u00e3o anual.<\/p>\n<p>Davos ter\u00e1 pain\u00e9is para discutir formas de crescimento mais igualit\u00e1rio, quest\u00f5es clim\u00e1ticas, o impacto de novas tecnologias no mercado de trabalho, o combate \u00e0s amea\u00e7as cibern\u00e9ticas e ass\u00e9dio sexual.<\/p>\n<p>Neste ano, em sinal de apoio \u00e0s quest\u00f5es de g\u00eanero, o F\u00f3rum ser\u00e1 co-presidido unicamente por mulheres, que s\u00e3o 21% dos 3 mil participantes.<\/p>\n<p>&#8216;Fake news&#8217;, economia digital e ciberataques<\/p>\n<p>Davos tamb\u00e9m ter\u00e1 espa\u00e7o para um debate sobre as &#8220;fake news&#8221; (not\u00edcias falsas) e v\u00e1rias sess\u00f5es dedicadas \u00e0s amea\u00e7as cibern\u00e9ticas, dados os recentes ataques mundiais a empresas . No evento, ser\u00e1 lan\u00e7ado o Centro Global para a Ciberseguran\u00e7a para fomentar a coopera\u00e7\u00e3o.<\/p>\n<p>O surgimento de novas tecnologias na economia digital e nas finan\u00e7as, como a tecnologia &#8220;blockchain&#8221;, uma tecnologia digital que garante a veracidade das opera\u00e7\u00f5es pela internet, ser\u00e1 outra quest\u00e3o atual analisada.<\/p>\n<p><strong>CARIRI EM A\u00c7\u00c3O<\/strong><\/p>\n<p><em>Com G1 \/Foto: Reprodu\u00e7\u00e3o Internet<\/em><\/p>\n<p><strong>Leia mais not\u00edcias em\u00a0<\/strong><a href=\"http:\/\/www.caririemacao.com\/\"><strong>caririemacao.com<\/strong><\/a><strong>, siga nossa p\u00e1gina no\u00a0<\/strong><a href=\"https:\/\/www.facebook.com\/CaririEmAcao\/?ref=aymt_homepage_panel\"><strong>Facebook<\/strong><\/a>,<strong>\u00a0<\/strong><a href=\"https:\/\/www.instagram.com\/cariri_em_acao\/?hl=pt-br\"><strong>Instagram<\/strong><\/a><strong>\u00a0e <\/strong><a href=\"https:\/\/www.youtube.com\/channel\/UCAptA0jQuYQy8vMhLt2m4qg\"><strong>Youtube<\/strong><\/a><strong>\u00a0e veja nossas mat\u00e9rias, v\u00eddeos e fotos. Voc\u00ea tamb\u00e9m pode enviar informa\u00e7\u00f5es \u00e0 Reda\u00e7\u00e3o do Portal Cariri em A\u00e7\u00e3o pelo WhatsApp (83) 9 9634.5791, (83) 9 9601-1162.<\/strong><\/p>\n","protected":false},"excerpt":{"rendered":"<p>O F\u00f3rum Econ\u00f4mico Mundial come\u00e7a nesta ter\u00e7a-feira (23) em Davos, na Su\u00ed\u00e7a, com a presen\u00e7a de 3.000 pessoas, entre elas, as principais autoridades globais. O&hellip; <\/p>\n","protected":false},"author":2,"featured_media":38449,"comment_status":"closed","ping_status":"closed","sticky":false,"template":"","format":"standard","meta":{"sfsi_plus_gutenberg_text_before_share":"","sfsi_plus_gutenberg_show_text_before_share":"","sfsi_plus_gutenberg_icon_type":"","sfsi_plus_gutenberg_icon_alignemt":"","sfsi_plus_gutenburg_max_per_row":"","footnotes":""},"categories":[2],"tags":[],"class_list":["post-38448","post","type-post","status-publish","format-standard","has-post-thumbnail","hentry","category-geral"],"_links":{"self":[{"href":"https:\/\/www.caririemacao.com\/1\/wp-json\/wp\/v2\/posts\/38448","targetHints":{"allow":["GET"]}}],"collection":[{"href":"https:\/\/www.caririemacao.com\/1\/wp-json\/wp\/v2\/posts"}],"about":[{"href":"https:\/\/www.caririemacao.com\/1\/wp-json\/wp\/v2\/types\/post"}],"author":[{"embeddable":true,"href":"https:\/\/www.caririemacao.com\/1\/wp-json\/wp\/v2\/users\/2"}],"replies":[{"embeddable":true,"href":"https:\/\/www.caririemacao.com\/1\/wp-json\/wp\/v2\/comments?post=38448"}],"version-history":[{"count":0,"href":"https:\/\/www.caririemacao.com\/1\/wp-json\/wp\/v2\/posts\/38448\/revisions"}],"wp:featuredmedia":[{"embeddable":true,"href":"https:\/\/www.caririemacao.com\/1\/wp-json\/wp\/v2\/media\/38449"}],"wp:attachment":[{"href":"https:\/\/www.caririemacao.com\/1\/wp-json\/wp\/v2\/media?parent=38448"}],"wp:term":[{"taxonomy":"category","embeddable":true,"href":"https:\/\/www.caririemacao.com\/1\/wp-json\/wp\/v2\/categories?post=38448"},{"taxonomy":"post_tag","embeddable":true,"href":"https:\/\/www.caririemacao.com\/1\/wp-json\/wp\/v2\/tags?post=38448"}],"curies":[{"name":"wp","href":"https:\/\/api.w.org\/{rel}","templated":true}]}}