{"id":38454,"date":"2018-01-23T09:58:13","date_gmt":"2018-01-23T12:58:13","guid":{"rendered":"http:\/\/caririemacao.com\/1\/?p=38454"},"modified":"2018-01-23T09:58:13","modified_gmt":"2018-01-23T12:58:13","slug":"ricardo-coutinho-garante-conclusao-da-adutora-de-camalau","status":"publish","type":"post","link":"https:\/\/www.caririemacao.com\/1\/2018\/01\/23\/ricardo-coutinho-garante-conclusao-da-adutora-de-camalau\/","title":{"rendered":"Ricardo Coutinho garante conclus\u00e3o da adutora de Camala\u00fa"},"content":{"rendered":"<p>O Governador Ricardo Coutinho cumpriu agenda na regi\u00e3o do Cariri paraibano nesta segunda-feira, 22, e em visita ao munic\u00edpio de S\u00e3o Jo\u00e3o do Tigre, o chefe do executivo estadual garantiu a conclus\u00e3o da adutora de Camala\u00fa, que levar\u00e1 \u00e1gua para os munic\u00edpios de S\u00e3o Sebasti\u00e3o do Umbuzeiro, S\u00e3o Jo\u00e3o do Tigre e Zabel\u00ea.<\/p>\n<p>Ricardo afirmou que ir\u00e1 quebrar o contrato com a empresa por ela n\u00e3o est\u00e1 executando a obra, e far\u00e1 em ato de urg\u00eancia uma nova licita\u00e7\u00e3o para conclus\u00e3o dessa obra que levar\u00e1 \u00e1gua para cerca de 15 mil pessoas.<\/p>\n<p>O governador destacou ainda o empenho do prefeito Adriano Wolff, de S\u00e3o Sebasti\u00e3o do Umbuzeiro, para a retomada e conclus\u00e3o da obra, para assim, garantir a seguran\u00e7a h\u00eddrica para esses tr\u00eas munic\u00edpios caririzeiros.<\/p>\n<p>Adriano aproveitou a visita e voltou a cobrar mais uma vez do Governo do Estado \u00e0 conclus\u00e3o da adutora, e disse que a adutora garantir\u00e1 al\u00e9m da seguran\u00e7a h\u00eddrica, o desenvolvimento e o crescimento desses munic\u00edpios.<\/p>\n<p><strong>CARIRI EM A\u00c7\u00c3O<\/strong><\/p>\n<p><em>Com Cariri da Gente\/Foto: Reprodu\u00e7\u00e3o Cariri da Gente<\/em><\/p>\n<p><strong>Leia mais not\u00edcias em\u00a0<\/strong><a href=\"http:\/\/www.caririemacao.com\/\"><strong>caririemacao.com<\/strong><\/a><strong>, siga nossa p\u00e1gina no\u00a0<\/strong><a href=\"https:\/\/www.facebook.com\/CaririEmAcao\/?ref=aymt_homepage_panel\"><strong>Facebook<\/strong><\/a>,<strong>\u00a0<\/strong><a href=\"https:\/\/www.instagram.com\/cariri_em_acao\/?hl=pt-br\"><strong>Instagram<\/strong><\/a><strong>\u00a0e <\/strong><a href=\"https:\/\/www.youtube.com\/channel\/UCAptA0jQuYQy8vMhLt2m4qg\"><strong>Youtube<\/strong><\/a><strong>\u00a0e veja nossas mat\u00e9rias, v\u00eddeos e fotos. Voc\u00ea tamb\u00e9m pode enviar informa\u00e7\u00f5es \u00e0 Reda\u00e7\u00e3o do Portal Cariri em A\u00e7\u00e3o pelo WhatsApp (83) 9 9634.5791, (83) 9 9601-1162.<\/strong><\/p>\n","protected":false},"excerpt":{"rendered":"<p>O Governador Ricardo Coutinho cumpriu agenda na regi\u00e3o do Cariri paraibano nesta segunda-feira, 22, e em visita ao munic\u00edpio de S\u00e3o Jo\u00e3o do Tigre, o&hellip; <\/p>\n","protected":false},"author":2,"featured_media":38455,"comment_status":"closed","ping_status":"closed","sticky":false,"template":"","format":"standard","meta":{"sfsi_plus_gutenberg_text_before_share":"","sfsi_plus_gutenberg_show_text_before_share":"","sfsi_plus_gutenberg_icon_type":"","sfsi_plus_gutenberg_icon_alignemt":"","sfsi_plus_gutenburg_max_per_row":"","footnotes":""},"categories":[6],"tags":[],"class_list":["post-38454","post","type-post","status-publish","format-standard","has-post-thumbnail","hentry","category-cidades"],"_links":{"self":[{"href":"https:\/\/www.caririemacao.com\/1\/wp-json\/wp\/v2\/posts\/38454","targetHints":{"allow":["GET"]}}],"collection":[{"href":"https:\/\/www.caririemacao.com\/1\/wp-json\/wp\/v2\/posts"}],"about":[{"href":"https:\/\/www.caririemacao.com\/1\/wp-json\/wp\/v2\/types\/post"}],"author":[{"embeddable":true,"href":"https:\/\/www.caririemacao.com\/1\/wp-json\/wp\/v2\/users\/2"}],"replies":[{"embeddable":true,"href":"https:\/\/www.caririemacao.com\/1\/wp-json\/wp\/v2\/comments?post=38454"}],"version-history":[{"count":0,"href":"https:\/\/www.caririemacao.com\/1\/wp-json\/wp\/v2\/posts\/38454\/revisions"}],"wp:featuredmedia":[{"embeddable":true,"href":"https:\/\/www.caririemacao.com\/1\/wp-json\/wp\/v2\/media\/38455"}],"wp:attachment":[{"href":"https:\/\/www.caririemacao.com\/1\/wp-json\/wp\/v2\/media?parent=38454"}],"wp:term":[{"taxonomy":"category","embeddable":true,"href":"https:\/\/www.caririemacao.com\/1\/wp-json\/wp\/v2\/categories?post=38454"},{"taxonomy":"post_tag","embeddable":true,"href":"https:\/\/www.caririemacao.com\/1\/wp-json\/wp\/v2\/tags?post=38454"}],"curies":[{"name":"wp","href":"https:\/\/api.w.org\/{rel}","templated":true}]}}