{"id":38457,"date":"2018-01-23T10:06:19","date_gmt":"2018-01-23T13:06:19","guid":{"rendered":"http:\/\/caririemacao.com\/1\/?p=38457"},"modified":"2018-01-23T10:06:19","modified_gmt":"2018-01-23T13:06:19","slug":"ministro-da-saude-afirma-que-febre-amarela-esta-sob-controle","status":"publish","type":"post","link":"https:\/\/www.caririemacao.com\/1\/2018\/01\/23\/ministro-da-saude-afirma-que-febre-amarela-esta-sob-controle\/","title":{"rendered":"Ministro da Sa\u00fade afirma que febre amarela est\u00e1 \u2018sob controle\u2019"},"content":{"rendered":"<p>\u00c0s v\u00e9speras do in\u00edcio do fracionamento de vacina contra\u00a0febre amarela, o ministro da Sa\u00fade,\u00a0Ricardo Barro, disse em entrevista exclusiva ao\u00a0Estado\u00a0n\u00e3o ser \u201cprov\u00e1vel\u201d que o Pa\u00eds enfrente este ano uma epidemia da doen\u00e7a na mesma propor\u00e7\u00e3o da registrada no ano passado. No mesmo dia em que a\u00a0OMS\u00a0emitiu um comunicado alertando sobre o risco elevado para a mudan\u00e7a no padr\u00e3o atual de transmiss\u00e3o, Barros indicou que o comunicado da semana passada sobre S\u00e3o Paulo pegou a equipe de surpresa e refor\u00e7ou a necessidade de os t\u00e9cnicos serem ouvidos antes das comunica\u00e7\u00f5es. \u201cEles est\u00e3o em campo, muito mais pr\u00f3ximos da realidade.\u201d<\/p>\n<p>Determinei uma teleconfer\u00eancia di\u00e1ria com a Opas\u00a0<em>(Organiza\u00e7\u00e3o Pan-Americana de Sa\u00fade)<\/em>\u00a0e a Organiza\u00e7\u00e3o Mundial da Sa\u00fade. Isso est\u00e1 sendo feito para que n\u00e3o haja nenhuma a\u00e7\u00e3o que surpreenda nossa estrutura. E que nossos t\u00e9cnicos sejam ouvidos.<\/p>\n<p>Houve precipita\u00e7\u00e3o da OMS?<\/p>\n<p>O minist\u00e9rio j\u00e1 se manifestou na ocasi\u00e3o. Eu n\u00e3o estava. Eu apenas determinei que fizesse as confer\u00eancias di\u00e1rias para n\u00e3o haver mais nenhuma d\u00favida que o que estamos fazendo \u00e9 acordado com os \u00f3rg\u00e3os que nos orientam.<\/p>\n<p>Na semana passada, pessoas formaram filas de mais de oito horas para tomar vacina contra febre amarela. Houve tumulto. O senhor acompanhou?<\/p>\n<p>O fato de a popula\u00e7\u00e3o estar mobilizada \u00e9 positivo, mas h\u00e1 tamb\u00e9m muita procura por vacina\u00e7\u00e3o em locais onde n\u00e3o h\u00e1 recomenda\u00e7\u00e3o. Isso j\u00e1 aconteceu no ano passado. Na cidade do Rio, por exemplo, vacinamos 2 milh\u00f5es de pessoas que n\u00e3o precisavam ser vacinadas.<\/p>\n<p>O que o senhor diria para quem fica horas na fila?<\/p>\n<p>A popula\u00e7\u00e3o est\u00e1 convocada a partir de quinta-feira, naqueles munic\u00edpios que os Estados escolheram como prioridade, para comparecer aos postos. Quando as pessoas correm para os postos sem a chamada da Secretaria da Sa\u00fade, elas podem eventualmente se dirigir para uma unidade que n\u00e3o tenha o n\u00famero de vacinas. A popula\u00e7\u00e3o deve se tranquilizar. A situa\u00e7\u00e3o est\u00e1 sob controle.<\/p>\n<p>A situa\u00e7\u00e3o n\u00e3o teria sido evitada se o fracionamento tivesse sido realizado antes de o n\u00famero de casos come\u00e7ar a aumentar?<\/p>\n<p>Estamos seguindo nossa \u00e1rea t\u00e9cnica, os protocolos da OMS e da Opas. A circula\u00e7\u00e3o do v\u00edrus \u00e9 sazonal. N\u00e3o h\u00e1 novidade nisso. Em v\u00e1rias regi\u00f5es do Pa\u00eds, a vacina\u00e7\u00e3o ocorre normalmente para toda a popula\u00e7\u00e3o. Mas o v\u00edrus agora est\u00e1 circulando em outra \u00e1reas e a gente vai imunizando. Foi o que ocorreu no Esp\u00edrito Santo. Fizemos com absoluta tranquilidade. Mas a popula\u00e7\u00e3o precisa estar mobilizada. Nas \u00e1reas de risco, a vacina sempre est\u00e1 dispon\u00edvel. S\u00e3o 13 milh\u00f5es de doses todos os anos para as pessoas dessas regi\u00f5es.<\/p>\n<p>N\u00e3o houve erro em determinar o fracionamento agora?<\/p>\n<p>Ano passado, anunciamos que, se fosse necess\u00e1rio, far\u00edamos o fracionamento. Compramos as seringas. Treinamos as equipes. Ao final, n\u00e3o precisamos usar a estrat\u00e9gia. Este ano, encontramos macacos mortos pr\u00f3ximos de outras regi\u00f5es, que n\u00e3o eram consideradas de risco e densamente habitadas. Decidimos vacinar um grupo de 15 milh\u00f5es de pessoas. Para fazermos isso precisamos adotar o fracionamento. As seringas est\u00e3o compradas. J\u00e1 est\u00e1 tudo programado. As equipes dos Estados haviam programado para fevereiro o in\u00edcio da vacina\u00e7\u00e3o. Tudo dentro do protocolo, previamente pensado. Mas, como existiu um alarde da popula\u00e7\u00e3o, os Estados decidiram antecipar essa campanha para dar atendimento a uma demanda espont\u00e2nea que vai aos postos.<\/p>\n<div class=\"inline-slideshow nonfullscreen clean\">\n<div class=\"gallery-container\" role=\"application\" data-id=\"102\" data-m=\"{&quot;i&quot;:102,&quot;p&quot;:98,&quot;n&quot;:&quot;gallery&quot;,&quot;y&quot;:8,&quot;o&quot;:4}\" data-gallery-id=\"AAv2Ruw_1\" aria-label=\"apresenta\u00e7\u00e3o de slides\" data-page-id=\"galleryvnext\" data-page-name=\"gallery_inline\">\n<section class=\"gallery unselectable\" data-click-behavior=\"GoToFullScreen\">O senhor tinha uma viagem programada para esta semana. Por que ficou no Pa\u00eds?<\/section>\n<\/div>\n<\/div>\n<p>Quando fui convidado para participar da comitiva do presidente Michel Temer, a vacina\u00e7\u00e3o estava programada para fevereiro. A antecipa\u00e7\u00e3o foi feita semana passada. Como eles mudaram a data, estou mudando a minha agenda para poder acompanhar a vacina\u00e7\u00e3o. Vamos fazer uma sala de situa\u00e7\u00e3o, uma confer\u00eancia com munic\u00edpios, uma prepara\u00e7\u00e3o que precisa ser feita.<\/p>\n<p>Podemos ter uma epidemia nas mesmas propor\u00e7\u00f5es da que tivemos no ano passado?<\/p>\n<p>Achar \u00e9 sempre um problema. Tecnicamente falando n\u00e3o \u00e9 prov\u00e1vel. J\u00e1 sabia da circula\u00e7\u00e3o do v\u00edrus em novas \u00e1reas. Fizemos este ano busca ativa das carca\u00e7as para identificar se havia circula\u00e7\u00e3o do v\u00edrus no entorno das novas \u00e1reas. Temos de tomar as provid\u00eancias necess\u00e1rias e estamos tomando. Tudo est\u00e1 absolutamente dentro da boa t\u00e9cnica.<\/p>\n<p>Por que h\u00e1 uma baixa cobertura vacinal?<\/p>\n<p>Isso \u00e9 responsabilidade das vigil\u00e2ncias locais. Ano passado, em uma cidade em Minas, uma enfermeira encontrou macacos mortos e por conta pr\u00f3pria vacinou a popula\u00e7\u00e3o. Ali n\u00e3o houve casos. Na minha opini\u00e3o, ano passado houve falha da Vigil\u00e2ncia.<\/p>\n<div id=\"facebookWidget\" data-aop=\"facebookWidget\" data-id=\"1024\" data-m=\"{\">\n<p><strong>CARIRI EM A\u00c7\u00c3O<\/strong><\/p>\n<p><em>Com G1 \/Foto: Reprodu\u00e7\u00e3o Internet, Divulga\u00e7\u00e3o \u00a0<\/em><\/p>\n<p><strong>Leia mais not\u00edcias em\u00a0<\/strong><a href=\"http:\/\/www.caririemacao.com\/\"><strong>caririemacao.com<\/strong><\/a><strong>, siga nossa p\u00e1gina no\u00a0<\/strong><a href=\"https:\/\/www.facebook.com\/CaririEmAcao\/?ref=aymt_homepage_panel\"><strong>Facebook<\/strong><\/a>,<strong>\u00a0<\/strong><a href=\"https:\/\/www.instagram.com\/cariri_em_acao\/?hl=pt-br\"><strong>Instagram<\/strong><\/a><strong>\u00a0e <\/strong><a href=\"https:\/\/www.youtube.com\/channel\/UCAptA0jQuYQy8vMhLt2m4qg\"><strong>Youtube<\/strong><\/a><strong>\u00a0e veja nossas mat\u00e9rias, v\u00eddeos e fotos. Voc\u00ea tamb\u00e9m pode enviar informa\u00e7\u00f5es \u00e0 Reda\u00e7\u00e3o do Portal Cariri em A\u00e7\u00e3o pelo WhatsApp (83) 9 9634.5791, (83) 9 9601-1162.<\/strong><\/p>\n<\/div>\n","protected":false},"excerpt":{"rendered":"<p>\u00c0s v\u00e9speras do in\u00edcio do fracionamento de vacina contra\u00a0febre amarela, o ministro da Sa\u00fade,\u00a0Ricardo Barro, disse em entrevista exclusiva ao\u00a0Estado\u00a0n\u00e3o ser \u201cprov\u00e1vel\u201d que o Pa\u00eds&hellip; <\/p>\n","protected":false},"author":2,"featured_media":30089,"comment_status":"closed","ping_status":"closed","sticky":false,"template":"","format":"standard","meta":{"sfsi_plus_gutenberg_text_before_share":"","sfsi_plus_gutenberg_show_text_before_share":"","sfsi_plus_gutenberg_icon_type":"","sfsi_plus_gutenberg_icon_alignemt":"","sfsi_plus_gutenburg_max_per_row":"","footnotes":""},"categories":[16],"tags":[],"class_list":["post-38457","post","type-post","status-publish","format-standard","has-post-thumbnail","hentry","category-saude"],"_links":{"self":[{"href":"https:\/\/www.caririemacao.com\/1\/wp-json\/wp\/v2\/posts\/38457","targetHints":{"allow":["GET"]}}],"collection":[{"href":"https:\/\/www.caririemacao.com\/1\/wp-json\/wp\/v2\/posts"}],"about":[{"href":"https:\/\/www.caririemacao.com\/1\/wp-json\/wp\/v2\/types\/post"}],"author":[{"embeddable":true,"href":"https:\/\/www.caririemacao.com\/1\/wp-json\/wp\/v2\/users\/2"}],"replies":[{"embeddable":true,"href":"https:\/\/www.caririemacao.com\/1\/wp-json\/wp\/v2\/comments?post=38457"}],"version-history":[{"count":0,"href":"https:\/\/www.caririemacao.com\/1\/wp-json\/wp\/v2\/posts\/38457\/revisions"}],"wp:featuredmedia":[{"embeddable":true,"href":"https:\/\/www.caririemacao.com\/1\/wp-json\/wp\/v2\/media\/30089"}],"wp:attachment":[{"href":"https:\/\/www.caririemacao.com\/1\/wp-json\/wp\/v2\/media?parent=38457"}],"wp:term":[{"taxonomy":"category","embeddable":true,"href":"https:\/\/www.caririemacao.com\/1\/wp-json\/wp\/v2\/categories?post=38457"},{"taxonomy":"post_tag","embeddable":true,"href":"https:\/\/www.caririemacao.com\/1\/wp-json\/wp\/v2\/tags?post=38457"}],"curies":[{"name":"wp","href":"https:\/\/api.w.org\/{rel}","templated":true}]}}