{"id":38459,"date":"2018-01-23T10:13:08","date_gmt":"2018-01-23T13:13:08","guid":{"rendered":"http:\/\/caririemacao.com\/1\/?p=38459"},"modified":"2018-01-23T10:13:08","modified_gmt":"2018-01-23T13:13:08","slug":"em-meio-a-promessas-de-atos-pacificos-porto-alegre-vive-clima-de-apreensao-com-julgamento-de-lula","status":"publish","type":"post","link":"https:\/\/www.caririemacao.com\/1\/2018\/01\/23\/em-meio-a-promessas-de-atos-pacificos-porto-alegre-vive-clima-de-apreensao-com-julgamento-de-lula\/","title":{"rendered":"Em meio a promessas de atos pac\u00edficos, Porto Alegre vive clima de apreens\u00e3o com julgamento de Lula"},"content":{"rendered":"<p>&#8220;Est\u00e3o dizendo que v\u00e3o quebrar tudo&#8221;, responde o taxista em Porto Alegre ao ser questionado pela BBC Brasil sobre o clima na cidade \u00e0s v\u00e9speras do julgamento do ex-presidente Luiz In\u00e1cio Lula da Silva, a ser realizado nesta quarta-feira no Tribunal Regional Federal da 4\u00aa Regi\u00e3o (TRF-4).<\/p>\n<p>Ele conta que recebeu por WhatsApp &#8220;o v\u00eddeo de um l\u00edder do MST cheio de amea\u00e7as&#8221;. A grava\u00e7\u00e3o que passa \u00e0 reportagem n\u00e3o tem qualquer identifica\u00e7\u00e3o que permita comprovar sua autenticidade ou liga\u00e7\u00e3o com o Movimento dos Trabalhadores Rurais Sem Terra &#8211; mostra um homem, sem nome, atacando a opera\u00e7\u00e3o Lava Jato e dizendo que se a corte &#8220;condenar Lula sem prova, n\u00f3s vamos botar fogo nessa cidade, dia 24&#8221;.<\/p>\n<p>A fala \u00e9 uma aparente resposta a Fl\u00e1via Cristina Abreu, a quem o homem tamb\u00e9m faz amea\u00e7as. A sargento da reserva da Brigada Militar do Rio Grande do Sul postou um v\u00eddeo em dezembro dizendo que os &#8220;mortadelas&#8221; seriam recebidos na capital ga\u00facha com &#8220;pau, g\u00e1s e bomba&#8221;.<\/p>\n<p>Mas enquanto esse clima de apreens\u00e3o toma a cidade e a tens\u00e3o sobe nas redes sociais, organizadores dos atos em apoio e contra Lula negam qualquer inten\u00e7\u00e3o violenta.<\/p>\n<p>J\u00e1 a Brigada Militar, como \u00e9 chamada a pol\u00edcia do Rio Grande do Sul, montou um esquema de seguran\u00e7a em di\u00e1logo com os l\u00edderes da manifesta\u00e7\u00e3o, garantindo que os atos ocorram em regi\u00f5es diferentes da cidade.<\/p>\n<p>Extraoficialmente, as autoridades policiais ga\u00fachas tamb\u00e9m est\u00e3o em contato com agentes de seguran\u00e7a de outros Estados, monitorando o deslocamento de caravanas de todo o pa\u00eds em dire\u00e7\u00e3o a Porto Alegre &#8211; a expectativas dos movimentos em apoio ao ex-presidente \u00e9 reunir 50 mil pessoas em uma manifesta\u00e7\u00e3o na noite desta ter\u00e7a.<\/p>\n<p>Na quarta, Lula ser\u00e1 julgado pelo TRF-4, que poder\u00e1 confirmar ou rever a condena\u00e7\u00e3o de 9 anos e 6 meses imposta pelo juiz Sergio Moro no caso do tr\u00edplex do Guaruj\u00e1, em que o petista \u00e9 acusado de receber um apartamento da empreiteira OAS como parte do pagamento de propina em contratos com a Petrobras.<\/p>\n<p>Se o ex-presidente n\u00e3o for absolvido, corre o risco de ser barrado da disputa presidencial pela Lei da Ficha Limpa caso n\u00e3o obtenha uma decis\u00e3o em tribunais superiores suspendendo a inelegibilidade.<\/p>\n<p><span class=\"storyimage fullwidth inlineimage\" data-aop=\"image\"><span class=\"caption truncate\"><span class=\"attribution\">\u00a9 Reuters<\/span>\u00a0Movimentos de esquerda j\u00e1 est\u00e3o acampados em Porto Alegre<\/span><\/span><\/p>\n<p>O clima de tens\u00e3o em torno do julgamento foi alimentado pela pr\u00f3pria presidente do PT, Gleisi Hoffmann. A senadora afirmou em entrevista na semana passada que &#8220;para prender o Lula, vai ter que matar gente&#8221;, declara\u00e7\u00e3o que foi considerada infeliz e &#8220;for\u00e7a de express\u00e3o&#8221; por outros petistas.<\/p>\n<p>Mesmo que a condena\u00e7\u00e3o seja confirmada, n\u00e3o h\u00e1 previs\u00e3o de que Lula possa ser preso imediatamente &#8211; ele ainda ter\u00e1 direito a recursos dentro do pr\u00f3prio TRF-4.<\/p>\n<h3>&#8216;Atos pac\u00edficos&#8217;<\/h3>\n<p>Questionados pela BBC Brasil, organizadores dos atos pr\u00f3-Lula em Porto Alegre negaram qualquer inten\u00e7\u00e3o violenta e disseram que est\u00e3o tomando provid\u00eancias para garantir a tranquilidade dos atos.<\/p>\n<p>A Frente Brasil Popular, que re\u00fane partidos pol\u00edticos de esquerda e dezenas de movimentos sociais, est\u00e1 mobilizando cerca de 1,5 mil dos seus pr\u00f3prios integrantes para atuar como seguran\u00e7as das manifesta\u00e7\u00f5es. Identificados por camisas ou faixas, sua fun\u00e7\u00e3o ser\u00e1 isolar e neutralizar pessoas que estejam mascaradas ou com atitudes violentas.<\/p>\n<p>Os atos mais importantes est\u00e3o marcados para ter\u00e7a de noite e quarta de manh\u00e3 &#8211; s\u00e3o esperadas cerca de 50 mil pessoas, parte vinda em caravanas do interior do Rio Grande do Sul e de outros Estados.<\/p>\n<p>Na v\u00e9spera do julgamento, a previs\u00e3o \u00e9 que uma passeata sair\u00e1 da chamada Esquina Democr\u00e1tica, no Centro, no fim do dia, e caminhar\u00e1 at\u00e9 o Anfiteatro P\u00f4r do Sol, que fica a um quil\u00f4metro do TRF-4.<\/p>\n<p>O local foi designado pela Secretaria de Seguran\u00e7a em acordo com os movimentos para o acampamento em apoio ao ex-presidente. Ser\u00e1, ent\u00e3o, feita uma vig\u00edlia no local at\u00e9 a manh\u00e3 desta quarta-feira. O julgamento est\u00e1 previsto para come\u00e7ar \u00e0s 8h30.<\/p>\n<p>&#8220;A orienta\u00e7\u00e3o \u00e9 para que toda milit\u00e2ncia venha de cara limpa. Se houver algum mascarado na caminhada, n\u00f3s vamos solicitar que ele retire a m\u00e1scara ou se retire do ato&#8221;, disse \u00e0 BBC Brasil o vice-presidente do PT no Rio Grande do Sul, Carlos Pestana.<\/p>\n<p>J\u00e1 o movimento Advogados e Advogadas pela Legalidade Democr\u00e1tica ter\u00e1 mais de cem defensores atuando em apoio aos manifestantes. Integrante do grupo, o advogado ligado ao PT L\u00facio Costa diz que o temor dos organizadores \u00e9 que se repita nos atos de Porto Alegre o que ocorreu em maio em Bras\u00edlia, quando um grande protesto contra o governo Michel Temer terminou com quebradeira de alguns minist\u00e9rios.<\/p>\n<p>&#8220;Nos preocupa a presen\u00e7a de agentes provocadores, pessoas que se infiltram nas manifesta\u00e7\u00f5es e que come\u00e7am a praticar atos de depreda\u00e7\u00e3o&#8221;, afirmou, apontando como poss\u00edveis infiltrados tanto policiais como membros de grupos de direita.<\/p>\n<p>O movimento divulgou nas redes sociais um endere\u00e7o de email para que militantes enviem v\u00eddeos de qualquer ato que considerarem suspeitos.<\/p>\n<p>\u00c0 BBC Brasil, o major Euclides Neto, chefe da comunica\u00e7\u00e3o social da Brigada Militar, negou que agentes da pol\u00edcia ga\u00facha possam agir como infiltrados e disse que a institui\u00e7\u00e3o tem experi\u00eancia para identificar esse tipo de atua\u00e7\u00e3o.<\/p>\n<p>J\u00e1 Leonardo Braga, l\u00edder do Movimento Brasil Livre (MBL) no Rio Grande do Sul, afirmou que os atos a favor da condena\u00e7\u00e3o do Lula ocorrer\u00e3o no Parc\u00e3o, \u00e1rea nobre da cidade, um pouco mais distante do TRF-4.<\/p>\n<p>&#8220;Jamais vamos acreditar nas pessoas que sempre trabalharam contra a pacifica\u00e7\u00e3o dos protestos&#8221;, disse, sobre as acusa\u00e7\u00f5es de infiltra\u00e7\u00e3o. &#8220;A prova disso \u00e9 que em todos os eventos do MBL, com milh\u00f5es de pessoas, incid\u00eancia zero (de atos violentos)&#8221;, afirmou.<\/p>\n<h3>&#8216;Comemora\u00e7\u00e3o&#8217;<\/h3>\n<p>O MBL marcou para depois do julgamento, na tarde desta quarta, uma &#8220;comemora\u00e7\u00e3o&#8221; pela condena\u00e7\u00e3o de Lula. J\u00e1 o Vem pra Rua chamou atos em defesa da Justi\u00e7a em 18 Estados para ter\u00e7a, a partir das 18h, em geral em frente \u00e0s sedes da Justi\u00e7a Federal. Em Porto Alegre, devido ao isolamento do TRF-4, a manifesta\u00e7\u00e3o tamb\u00e9m ocorrer\u00e1 no Parc\u00e3o.<\/p>\n<p>&#8220;A Justi\u00e7a vem sendo muito atacada e agora a gente v\u00ea presidente de partido falando em matar gente. Queremos nos colocar em contraponto a esse ataque&#8221;, afirmou Adelaide Oliveira, porta-voz do Vem pra Rua.<\/p>\n<p>&#8220;N\u00f3s sempre trabalhamos com manifesta\u00e7\u00f5es pac\u00edficas. A orienta\u00e7\u00e3o aos nossos grupos \u00e9 evitar o confronto, os locais em que h\u00e1 concentra\u00e7\u00e3o de grupos antag\u00f4nicos&#8221;, disse ainda.<\/p>\n<p>J\u00e1 Fabio Ostermann, ex-MBL e hoje parte do Livres, disse que seu movimento decidiu n\u00e3o convocar atos para n\u00e3o &#8220;politizar&#8221; o julgamento.<\/p>\n<p>Segundo ele, a preocupa\u00e7\u00e3o \u00e9 n\u00e3o criar um paralelo com o movimento pr\u00f3-impeachment, &#8220;onde houve de fato um julgamento pol\u00edtico conforme previsto pela Constitui\u00e7\u00e3o&#8221;.<\/p>\n<p>&#8220;O julgamento de Lula \u00e9 jur\u00eddico, baseado em argumentos t\u00e9cnicos, e n\u00e3o em mobiliza\u00e7\u00e3o de torcida&#8221;, defendeu.<\/p>\n<p>Al\u00e9m do di\u00e1logo com os l\u00edderes das manifesta\u00e7\u00f5es, a BBC Brasil apurou que a Brigada Militar est\u00e1 mantendo contato extraoficial com pol\u00edcias de outros Estados.<\/p>\n<p>A ideia seria estimar a quantidade de manifestantes que devem chegar a Porto Alegre para o evento e preparar as estrat\u00e9gias de seguran\u00e7a.<\/p>\n<p><strong>CARIRI EM A\u00c7\u00c3O<\/strong><\/p>\n<p><em>Com BBC Brasil\/Foto: Reprodu\u00e7\u00e3o \u00a0AFP<\/em><\/p>\n<p><strong>Leia mais not\u00edcias em\u00a0<\/strong><a href=\"http:\/\/www.caririemacao.com\/\"><strong>caririemacao.com<\/strong><\/a><strong>, siga nossa p\u00e1gina no\u00a0<\/strong><a href=\"https:\/\/www.facebook.com\/CaririEmAcao\/?ref=aymt_homepage_panel\"><strong>Facebook<\/strong><\/a>,<strong>\u00a0<\/strong><a href=\"https:\/\/www.instagram.com\/cariri_em_acao\/?hl=pt-br\"><strong>Instagram<\/strong><\/a><strong>\u00a0e <\/strong><a href=\"https:\/\/www.youtube.com\/channel\/UCAptA0jQuYQy8vMhLt2m4qg\"><strong>Youtube<\/strong><\/a><strong>\u00a0e veja nossas mat\u00e9rias, v\u00eddeos e fotos. Voc\u00ea tamb\u00e9m pode enviar informa\u00e7\u00f5es \u00e0 Reda\u00e7\u00e3o do Portal Cariri em A\u00e7\u00e3o pelo WhatsApp (83) 9 9634.5791, (83) 9 9601-1162.<\/strong><\/p>\n","protected":false},"excerpt":{"rendered":"<p>&#8220;Est\u00e3o dizendo que v\u00e3o quebrar tudo&#8221;, responde o taxista em Porto Alegre ao ser questionado pela BBC Brasil sobre o clima na cidade \u00e0s v\u00e9speras&hellip; <\/p>\n","protected":false},"author":2,"featured_media":38460,"comment_status":"closed","ping_status":"closed","sticky":false,"template":"","format":"standard","meta":{"sfsi_plus_gutenberg_text_before_share":"","sfsi_plus_gutenberg_show_text_before_share":"","sfsi_plus_gutenberg_icon_type":"","sfsi_plus_gutenberg_icon_alignemt":"","sfsi_plus_gutenburg_max_per_row":"","footnotes":""},"categories":[11],"tags":[],"class_list":["post-38459","post","type-post","status-publish","format-standard","has-post-thumbnail","hentry","category-politica"],"_links":{"self":[{"href":"https:\/\/www.caririemacao.com\/1\/wp-json\/wp\/v2\/posts\/38459","targetHints":{"allow":["GET"]}}],"collection":[{"href":"https:\/\/www.caririemacao.com\/1\/wp-json\/wp\/v2\/posts"}],"about":[{"href":"https:\/\/www.caririemacao.com\/1\/wp-json\/wp\/v2\/types\/post"}],"author":[{"embeddable":true,"href":"https:\/\/www.caririemacao.com\/1\/wp-json\/wp\/v2\/users\/2"}],"replies":[{"embeddable":true,"href":"https:\/\/www.caririemacao.com\/1\/wp-json\/wp\/v2\/comments?post=38459"}],"version-history":[{"count":0,"href":"https:\/\/www.caririemacao.com\/1\/wp-json\/wp\/v2\/posts\/38459\/revisions"}],"wp:featuredmedia":[{"embeddable":true,"href":"https:\/\/www.caririemacao.com\/1\/wp-json\/wp\/v2\/media\/38460"}],"wp:attachment":[{"href":"https:\/\/www.caririemacao.com\/1\/wp-json\/wp\/v2\/media?parent=38459"}],"wp:term":[{"taxonomy":"category","embeddable":true,"href":"https:\/\/www.caririemacao.com\/1\/wp-json\/wp\/v2\/categories?post=38459"},{"taxonomy":"post_tag","embeddable":true,"href":"https:\/\/www.caririemacao.com\/1\/wp-json\/wp\/v2\/tags?post=38459"}],"curies":[{"name":"wp","href":"https:\/\/api.w.org\/{rel}","templated":true}]}}