{"id":38462,"date":"2018-01-23T10:16:24","date_gmt":"2018-01-23T13:16:24","guid":{"rendered":"http:\/\/caririemacao.com\/1\/?p=38462"},"modified":"2018-01-23T10:16:24","modified_gmt":"2018-01-23T13:16:24","slug":"marinha-abre-inscricao-para-selecao-em-490-vagas","status":"publish","type":"post","link":"https:\/\/www.caririemacao.com\/1\/2018\/01\/23\/marinha-abre-inscricao-para-selecao-em-490-vagas\/","title":{"rendered":"Marinha abre inscri\u00e7\u00e3o para sele\u00e7\u00e3o em 490 vagas"},"content":{"rendered":"<p>A Marinha do Brasil abriu as inscri\u00e7\u00f5es para o Processo Seletivo do Servi\u00e7o Militar Volunt\u00e1rio (SMV) para Pra\u00e7as Tempor\u00e1rias. Para se candidatar a uma das cerca de 490 vagas, \u00e9 necess\u00e1rio ter Ensino Fundamental com curso de Forma\u00e7\u00e3o Inicial e Continuada (FIC) e n\u00edvel M\u00e9dio T\u00e9cnico, em diversas \u00e1reas. As inscri\u00e7\u00f5es seguem at\u00e9 12 de fevereiro.<\/p>\n<p>Para participar, \u00e9 necess\u00e1rio ter 18 anos completos e menos de 45 anos (at\u00e9 31 de dezembro do ano da incorpora\u00e7\u00e3o), ser brasileiro nato ou naturalizado, registro no \u00f3rg\u00e3o fiscalizador da profiss\u00e3o a que concorre, quando existir, dentre outras condi\u00e7\u00f5es previstas no Aviso de Convoca\u00e7\u00e3o. As oportunidades s\u00e3o para Marinheiros (Fundamental) e Cabos (M\u00e9dio T\u00e9cnico), com rendimentos brutos iniciais em torno de R$ 1.800 e R$ 3.100, respectivamente.<\/p>\n<p>Este ano, h\u00e1 vagas para Enfermagem, Patologia Cl\u00ednica, Processamento de Dados, Eletr\u00f4nica, Metalurgia, entre outras.\u00a0 Os aprovados em todas as etapas ter\u00e3o o tempo de servi\u00e7o renovado anualmente podendo chegar at\u00e9 oito anos.<\/p>\n<p><strong>Inscri\u00e7\u00e3o<\/strong><\/p>\n<p>No ato da inscri\u00e7\u00e3o, o interessado dever\u00e1 se candidatar a uma vaga em um dos Distritos Navais, j\u00e1 que o Processo Seletivo \u00e9 regional e n\u00e3o nacional como acontece nos concursos de carreira.<\/p>\n<p>Para se inscrever \u00e9 necess\u00e1rio acessar o site\u00a0<u><a href=\"http:\/\/www.ingressonamarinha.mar.mil.br\/\" data-saferedirecturl=\"https:\/\/www.google.com\/url?hl=pt-BR&amp;q=http:\/\/www.ingressonamarinha.mar.mil.br&amp;source=gmail&amp;ust=1516739832305000&amp;usg=AFQjCNGBUUbTtCyaOqs-3l6FMvZz44BXiw\">www.ingressonamarinha.mar.mil.br<\/a><\/u>, clicar em \u201cServi\u00e7o Militar Volunt\u00e1rio\u201d no lado esquerdo do site e escolher o Distrito Naval correspondente a regi\u00e3o desejada. A partir da\u00ed, poder\u00e1 entrar no link da inscri\u00e7\u00e3o e o respectivo Aviso de Convoca\u00e7\u00e3o. O valor da inscri\u00e7\u00e3o \u00e9 de R$70,00.<\/p>\n<p><strong>Fases do Processo Seletivo<\/strong><\/p>\n<p>Os candidatos far\u00e3o uma prova, com dura\u00e7\u00e3o de tr\u00eas horas, com 50 quest\u00f5es objetivas divididas por L\u00edngua Portuguesa (25) e Forma\u00e7\u00e3o Militar-Naval (25). A previs\u00e3o \u00e9 que a prova aconte\u00e7a em 15 de abril de 2018. A bibliografia est\u00e1 indicada no pr\u00f3prio Aviso de Convoca\u00e7\u00e3o. Ap\u00f3s essa etapa, ainda haver\u00e1 Verifica\u00e7\u00e3o de Dados Biogr\u00e1ficos, Inspe\u00e7\u00e3o de Sa\u00fade, Prova de T\u00edtulos (car\u00e1ter classificat\u00f3rio), Verifica\u00e7\u00e3o Documental, Designa\u00e7\u00e3o \u00e0 Incorpora\u00e7\u00e3o e Incorpora\u00e7\u00e3o.<\/p>\n<p><strong>CARIRI EM A\u00c7\u00c3O<\/strong><\/p>\n<p><em>Com Portal Correio\/Foto: Reprodu\u00e7\u00e3o Internet<\/em><\/p>\n<p><strong>Leia mais not\u00edcias em\u00a0<\/strong><a href=\"http:\/\/www.caririemacao.com\/\"><strong>caririemacao.com<\/strong><\/a><strong>, siga nossa p\u00e1gina no\u00a0<\/strong><a href=\"https:\/\/www.facebook.com\/CaririEmAcao\/?ref=aymt_homepage_panel\"><strong>Facebook<\/strong><\/a>,<strong>\u00a0<\/strong><a href=\"https:\/\/www.instagram.com\/cariri_em_acao\/?hl=pt-br\"><strong>Instagram<\/strong><\/a><strong>\u00a0e <\/strong><a href=\"https:\/\/www.youtube.com\/channel\/UCAptA0jQuYQy8vMhLt2m4qg\"><strong>Youtube<\/strong><\/a><strong>\u00a0e veja nossas mat\u00e9rias, v\u00eddeos e fotos. Voc\u00ea tamb\u00e9m pode enviar informa\u00e7\u00f5es \u00e0 Reda\u00e7\u00e3o do Portal Cariri em A\u00e7\u00e3o pelo WhatsApp (83) 9 9634.5791, (83) 9 9601-1162.<\/strong><\/p>\n","protected":false},"excerpt":{"rendered":"<p>A Marinha do Brasil abriu as inscri\u00e7\u00f5es para o Processo Seletivo do Servi\u00e7o Militar Volunt\u00e1rio (SMV) para Pra\u00e7as Tempor\u00e1rias. Para se candidatar a uma das&hellip; <\/p>\n","protected":false},"author":2,"featured_media":38463,"comment_status":"closed","ping_status":"closed","sticky":false,"template":"","format":"standard","meta":{"sfsi_plus_gutenberg_text_before_share":"","sfsi_plus_gutenberg_show_text_before_share":"","sfsi_plus_gutenberg_icon_type":"","sfsi_plus_gutenberg_icon_alignemt":"","sfsi_plus_gutenburg_max_per_row":"","footnotes":""},"categories":[2],"tags":[],"class_list":["post-38462","post","type-post","status-publish","format-standard","has-post-thumbnail","hentry","category-geral"],"_links":{"self":[{"href":"https:\/\/www.caririemacao.com\/1\/wp-json\/wp\/v2\/posts\/38462","targetHints":{"allow":["GET"]}}],"collection":[{"href":"https:\/\/www.caririemacao.com\/1\/wp-json\/wp\/v2\/posts"}],"about":[{"href":"https:\/\/www.caririemacao.com\/1\/wp-json\/wp\/v2\/types\/post"}],"author":[{"embeddable":true,"href":"https:\/\/www.caririemacao.com\/1\/wp-json\/wp\/v2\/users\/2"}],"replies":[{"embeddable":true,"href":"https:\/\/www.caririemacao.com\/1\/wp-json\/wp\/v2\/comments?post=38462"}],"version-history":[{"count":0,"href":"https:\/\/www.caririemacao.com\/1\/wp-json\/wp\/v2\/posts\/38462\/revisions"}],"wp:featuredmedia":[{"embeddable":true,"href":"https:\/\/www.caririemacao.com\/1\/wp-json\/wp\/v2\/media\/38463"}],"wp:attachment":[{"href":"https:\/\/www.caririemacao.com\/1\/wp-json\/wp\/v2\/media?parent=38462"}],"wp:term":[{"taxonomy":"category","embeddable":true,"href":"https:\/\/www.caririemacao.com\/1\/wp-json\/wp\/v2\/categories?post=38462"},{"taxonomy":"post_tag","embeddable":true,"href":"https:\/\/www.caririemacao.com\/1\/wp-json\/wp\/v2\/tags?post=38462"}],"curies":[{"name":"wp","href":"https:\/\/api.w.org\/{rel}","templated":true}]}}